{"id":11201,"date":"2023-10-02T16:31:45","date_gmt":"2023-10-02T15:31:45","guid":{"rendered":"https:\/\/neomarca.pt\/staging2\/pt\/?p=11201"},"modified":"2023-10-25T11:54:26","modified_gmt":"2023-10-25T10:54:26","slug":"portugal-2030-lancado-o-plano-de-avisos","status":"publish","type":"post","link":"https:\/\/neomarca.pt\/pt\/noticias\/portugal-2030-lancado-o-plano-de-avisos\/","title":{"rendered":"Portugal 2030: lan\u00e7ado o Plano de Avisos"},"content":{"rendered":"\t\t<div data-elementor-type=\"wp-post\" data-elementor-id=\"11201\" class=\"elementor elementor-11201\" data-elementor-post-type=\"post\">\n\t\t\t\t\t\t<section class=\"elementor-section elementor-top-section elementor-element elementor-element-3aeaf008 elementor-section-boxed elementor-section-height-default elementor-section-height-default\" data-id=\"3aeaf008\" data-element_type=\"section\">\n\t\t\t\t\t\t<div class=\"elementor-container elementor-column-gap-default\">\n\t\t\t\t\t<div class=\"elementor-column elementor-col-100 elementor-top-column elementor-element elementor-element-4d7ba6a2\" data-id=\"4d7ba6a2\" data-element_type=\"column\">\n\t\t\t<div class=\"elementor-widget-wrap elementor-element-populated\">\n\t\t\t\t\t\t<div class=\"elementor-element elementor-element-2156602b elementor-widget elementor-widget-text-editor\" data-id=\"2156602b\" data-element_type=\"widget\" data-widget_type=\"text-editor.default\">\n\t\t\t\t<div class=\"elementor-widget-container\">\n\t\t\t\t\t\t\t<h3>Foi publicado o\u00a0<a href=\"https:\/\/portugal2030.pt\/plano-anual-de-avisos\/\" target=\"_blank\" rel=\"noopener\">Plano Anual de Avisos do Portugal 2030<\/a>, permitindo \u00e0s entidades conhecer os avisos a lan\u00e7ar no Portugal 2030 nos pr\u00f3ximos 12 meses.<\/h3><p>Neste primeiro plano,\u00a0somam-se 412 avisos para apresenta\u00e7\u00e3o de candidaturas\u00a0a lan\u00e7ar pelas autoridades de gest\u00e3o do Portugal 2030 e do Fundo para o Asilo, a Migra\u00e7\u00e3o e a Integra\u00e7\u00e3o (FAMI),\u00a0mobilizando 6,2 mil milh\u00f5es de euros de fundos europeus, distribu\u00eddos por v\u00e1rios objetivos de pol\u00edtica e pelas v\u00e1rias regi\u00f5es do pa\u00eds, nas \u00e1reas sociais, da economia, do ambiente, do mar e do territ\u00f3rio.<\/p><p>At\u00e9 ao final do ano, o Governo conta lan\u00e7ar 165 avisos, associados a um montante total de 2,2 mil milh\u00f5es de euros.<\/p><p>O Plano estrutura-se entre setembro de 2023 e agosto de 2024.\u00a0O\u00a0<a href=\"https:\/\/portugal2030.pt\/plano-anual-de-avisos\/\" target=\"_blank\" rel=\"noopener\">Plano Anual de Avisos<\/a> \u00e9 alvo de atualiza\u00e7\u00f5es todos os quadrimestres, nos meses de abril, agosto e dezembro, sendo publicada uma vers\u00e3o atualizada do mesmo para os 12 meses subsequentes.<\/p><p>Alguns dos Avisos que ser\u00e3o lan\u00e7ados:<\/p><ul><li><b>I&amp;D Empresarial \u2013 Opera\u00e7\u00f5es em Individuais:\u00a0<\/b>apoio a 80% \u2013\u00a0abertura prevista novembro de 2023<br \/><b>Investimentos base territorial:\u00a0<\/b>apoio a 60% \u2013 abertura prevista dezembro de 2023<\/li><li><b>Recursos Humanos Altamente Qualificados:<\/b>\u00a0apoio a 60% \u2013\u00a0abertura prevista janeiro de 2024<\/li><li><b>Investimento Produtivo Verde:<\/b>\u00a0apoio a 40% \u2013\u00a0abertura prevista janeiro de 2024<\/li><li><b>Economia Circular:\u00a0<\/b>\u00a0apoio a 60% \u2013\u00a0abertura prevista janeiro de 2024<\/li><li><b>I&amp;D&amp;I Empresarial (copromo\u00e7\u00e3o):<\/b>\u00a0apoio a 80% \u2013\u00a0abertura prevista abril de 2024<\/li><li><b>Internacionaliza\u00e7\u00e3o das PME:<\/b>\u00a0apoio a 50% \u2013\u00a0abertura prevista maio de 2024<\/li><li><b>I&amp;D Empresarial \u2013 Demonstradores Individuais:<\/b>\u00a0apoio a 80% \u2013\u00a0abertura prevista junho de 2024<\/li><li><b>Empreendedorismo Qualificado:<\/b>\u00a0apoio a 75% \u2013\u00a0abertura prevista junho de 2024<\/li><\/ul>\t\t\t\t\t\t<\/div>\n\t\t\t\t<\/div>\n\t\t\t\t<section class=\"elementor-section elementor-inner-section elementor-element elementor-element-1991587 elementor-section-boxed elementor-section-height-default elementor-section-height-default\" data-id=\"1991587\" data-element_type=\"section\" data-settings=\"{&quot;background_background&quot;:&quot;classic&quot;}\">\n\t\t\t\t\t\t<div class=\"elementor-container elementor-column-gap-default\">\n\t\t\t\t\t<div class=\"elementor-column elementor-col-50 elementor-inner-column elementor-element elementor-element-35adc77\" data-id=\"35adc77\" data-element_type=\"column\">\n\t\t\t<div class=\"elementor-widget-wrap elementor-element-populated\">\n\t\t\t\t\t\t<div class=\"elementor-element elementor-element-e3cbcd9 elementor-widget elementor-widget-heading\" data-id=\"e3cbcd9\" data-element_type=\"widget\" data-widget_type=\"heading.default\">\n\t\t\t\t<div class=\"elementor-widget-container\">\n\t\t\t<h5 class=\"elementor-heading-title elementor-size-default\">Pretende obter mais informa\u00e7\u00f5es?<\/h5>\t\t<\/div>\n\t\t\t\t<\/div>\n\t\t\t\t<div class=\"elementor-element elementor-element-c34f5c2 elementor-widget elementor-widget-text-editor\" data-id=\"c34f5c2\" data-element_type=\"widget\" data-widget_type=\"text-editor.default\">\n\t\t\t\t<div class=\"elementor-widget-container\">\n\t\t\t\t\t\t\t<p>Agende uma reuni\u00e3o com a nossa equipa de especialistas.<\/p>\t\t\t\t\t\t<\/div>\n\t\t\t\t<\/div>\n\t\t\t\t\t<\/div>\n\t\t<\/div>\n\t\t\t\t<div class=\"elementor-column elementor-col-50 elementor-inner-column elementor-element elementor-element-4734e2c\" data-id=\"4734e2c\" data-element_type=\"column\">\n\t\t\t<div class=\"elementor-widget-wrap elementor-element-populated\">\n\t\t\t\t\t\t<div class=\"elementor-element elementor-element-80a2e27 elementor-align-right elementor-widget elementor-widget-button\" data-id=\"80a2e27\" data-element_type=\"widget\" data-widget_type=\"button.default\">\n\t\t\t\t<div class=\"elementor-widget-container\">\n\t\t\t\t\t<div class=\"elementor-button-wrapper\">\n\t\t\t<a class=\"elementor-button elementor-button-link elementor-size-md\" href=\"mailto:info@neomarca.eu\">\n\t\t\t\t\t\t<span class=\"elementor-button-content-wrapper\">\n\t\t\t\t\t\t<span class=\"elementor-button-text\">Agendar Reuni\u00e3o<\/span>\n\t\t<\/span>\n\t\t\t\t\t<\/a>\n\t\t<\/div>\n\t\t\t\t<\/div>\n\t\t\t\t<\/div>\n\t\t\t\t\t<\/div>\n\t\t<\/div>\n\t\t\t\t\t<\/div>\n\t\t<\/section>\n\t\t\t\t\t<\/div>\n\t\t<\/div>\n\t\t\t\t\t<\/div>\n\t\t<\/section>\n\t\t\t\t<\/div>\n\t\t","protected":false},"excerpt":{"rendered":"<p>Foi publicado o\u00a0Plano Anual de Avisos do Portugal 2030, permitindo \u00e0s entidades conhecer os avisos a lan\u00e7ar no Portugal 2030 nos pr\u00f3ximos 12 meses. Neste primeiro plano,\u00a0somam-se 412 avisos para apresenta\u00e7\u00e3o de candidaturas\u00a0a lan\u00e7ar pelas autoridades de gest\u00e3o do Portugal 2030 e do Fundo para o Asilo, a Migra\u00e7\u00e3o e a Integra\u00e7\u00e3o (FAMI),\u00a0mobilizando 6,2 mil&hellip;<\/p>\n","protected":false},"author":3,"featured_media":6870,"comment_status":"closed","ping_status":"closed","sticky":false,"template":"","format":"standard","meta":{"_monsterinsights_skip_tracking":false,"_monsterinsights_sitenote_active":false,"_monsterinsights_sitenote_note":"","_monsterinsights_sitenote_category":0,"footnotes":""},"categories":[238],"tags":[254,346],"class_list":["post-11201","post","type-post","status-publish","format-standard","has-post-thumbnail","hentry","category-noticias","tag-apoio-ao-financiamento","tag-portugal-2030"],"acf":[],"_links":{"self":[{"href":"https:\/\/neomarca.pt\/pt\/wp-json\/wp\/v2\/posts\/11201","targetHints":{"allow":["GET"]}}],"collection":[{"href":"https:\/\/neomarca.pt\/pt\/wp-json\/wp\/v2\/posts"}],"about":[{"href":"https:\/\/neomarca.pt\/pt\/wp-json\/wp\/v2\/types\/post"}],"author":[{"embeddable":true,"href":"https:\/\/neomarca.pt\/pt\/wp-json\/wp\/v2\/users\/3"}],"replies":[{"embeddable":true,"href":"https:\/\/neomarca.pt\/pt\/wp-json\/wp\/v2\/comments?post=11201"}],"version-history":[{"count":0,"href":"https:\/\/neomarca.pt\/pt\/wp-json\/wp\/v2\/posts\/11201\/revisions"}],"wp:featuredmedia":[{"embeddable":true,"href":"https:\/\/neomarca.pt\/pt\/wp-json\/wp\/v2\/media\/6870"}],"wp:attachment":[{"href":"https:\/\/neomarca.pt\/pt\/wp-json\/wp\/v2\/media?parent=11201"}],"wp:term":[{"taxonomy":"category","embeddable":true,"href":"https:\/\/neomarca.pt\/pt\/wp-json\/wp\/v2\/categories?post=11201"},{"taxonomy":"post_tag","embeddable":true,"href":"https:\/\/neomarca.pt\/pt\/wp-json\/wp\/v2\/tags?post=11201"}],"curies":[{"name":"wp","href":"https:\/\/api.w.org\/{rel}","templated":true}]}}