{"id":11205,"date":"2023-10-11T16:34:02","date_gmt":"2023-10-11T15:34:02","guid":{"rendered":"https:\/\/neomarca.pt\/staging2\/pt\/?p=11205"},"modified":"2023-11-09T15:46:54","modified_gmt":"2023-11-09T14:46:54","slug":"centro-2030-candidaturas-abertas-ao-investimento-empresarial-produtivo-para-uma-transicao-justa","status":"publish","type":"post","link":"https:\/\/neomarca.pt\/pt\/noticias\/centro-2030-candidaturas-abertas-ao-investimento-empresarial-produtivo-para-uma-transicao-justa\/","title":{"rendered":"Centro 2030: candidaturas abertas ao Investimento Empresarial Produtivo para uma Transi\u00e7\u00e3o Justa"},"content":{"rendered":"\t\t<div data-elementor-type=\"wp-post\" data-elementor-id=\"11205\" class=\"elementor elementor-11205\" data-elementor-post-type=\"post\">\n\t\t\t\t\t\t<section class=\"elementor-section elementor-top-section elementor-element elementor-element-30357adc elementor-section-boxed elementor-section-height-default elementor-section-height-default\" data-id=\"30357adc\" data-element_type=\"section\">\n\t\t\t\t\t\t<div class=\"elementor-container elementor-column-gap-default\">\n\t\t\t\t\t<div class=\"elementor-column elementor-col-100 elementor-top-column elementor-element elementor-element-6919dd8b\" data-id=\"6919dd8b\" data-element_type=\"column\">\n\t\t\t<div class=\"elementor-widget-wrap elementor-element-populated\">\n\t\t\t\t\t\t<div class=\"elementor-element elementor-element-41222958 elementor-widget elementor-widget-text-editor\" data-id=\"41222958\" data-element_type=\"widget\" data-widget_type=\"text-editor.default\">\n\t\t\t\t<div class=\"elementor-widget-container\">\n\t\t\t\t\t\t\t<h5>O programa Centro 2030 lan\u00e7ou recentemente o aviso do Fundo para a Transi\u00e7\u00e3o Justa (CENTRO2030-2023-2), dirigido a n\u00e3o PME, para investimentos em estabelecimentos situados no M\u00e9dio Tejo. As candidaturas terminam a 30 de novembro de 2023.<\/h5><p>Este concurso visa apoiar investimento empresarial em atividades inovadoras e qualificadas que contribuam \u00e0 progress\u00e3o na cadeia de valor e, por outro lado, \u00a0conduzam \u00e0 diversifica\u00e7\u00e3o, moderniza\u00e7\u00e3o e reconvers\u00e3o econ\u00f3micas, com foco principal em investimentos produtivos para refor\u00e7o e expans\u00e3o de novas ind\u00fastrias e servi\u00e7os tecnologicamente avan\u00e7ados, dirigidos \u00e0 transi\u00e7\u00e3o clim\u00e1tica e energ\u00e9tica, alinhados com os dom\u00ednios priorit\u00e1rios da RIS3: Materiais, Tooling e Tecnologias de produ\u00e7\u00e3o; Recursos naturais (incluindo a \u00e1gua, a floresta e o agroalimentar), Bioeconomia e Energia e Clima.<\/p><p>S\u00e3o benefici\u00e1rias do presente aviso para apresenta\u00e7\u00e3o de candidaturas as\u00a0<strong>N\u00e3o PME<\/strong>.\u00a0Nos casos em que as N\u00e3o PME (grandes empresas) n\u00e3o constem do Plano Territorial de Transi\u00e7\u00e3o Justa para o M\u00e9dio Tejo, a concess\u00e3o do apoio fica condicionada \u00e0 sua inclus\u00e3o no PTTJ e \u00e0 aprova\u00e7\u00e3o pela Comiss\u00e3o Europeia da respetiva altera\u00e7\u00e3o, no \u00e2mbito do Programa do Centro, do Portugal 2030<\/p><p>Este aviso abrange os seguintes\u00a013 concelhos:\u00a0Abrantes, Alcanena, Const\u00e2ncia, Entroncamento, Ferreira do Z\u00eazere. Ma\u00e7\u00e3o, Our\u00e9m, Sardoal, Sert\u00e3, Tomar, Torres Novas, Vila do Rei e Vila Nova da Barquinha.<\/p><p>As candidaturas devem apresentar um investimento eleg\u00edvel superior a 250 mil euros e com um m\u00e1ximo de 25 milh\u00f5es de euros. A taxa de financiamento \u00e9 obtida a partir da soma das parcelas, taxa base mais majora\u00e7\u00f5es, at\u00e9 ao\u00a0<strong>limite m\u00e1ximo de 40 %<\/strong>, a fundo perdido.<\/p>\t\t\t\t\t\t<\/div>\n\t\t\t\t<\/div>\n\t\t\t\t<div class=\"elementor-element elementor-element-43fd5fd elementor-widget elementor-widget-accordion\" data-id=\"43fd5fd\" data-element_type=\"widget\" data-widget_type=\"accordion.default\">\n\t\t\t\t<div class=\"elementor-widget-container\">\n\t\t\t\t\t<div class=\"elementor-accordion\">\n\t\t\t\t\t\t\t<div class=\"elementor-accordion-item\">\n\t\t\t\t\t<div id=\"elementor-tab-title-7121\" class=\"elementor-tab-title\" data-tab=\"1\" role=\"button\" aria-controls=\"elementor-tab-content-7121\" aria-expanded=\"false\">\n\t\t\t\t\t\t\t\t\t\t\t\t\t<span class=\"elementor-accordion-icon elementor-accordion-icon-left\" aria-hidden=\"true\">\n\t\t\t\t\t\t\t\t\t\t\t\t\t\t\t<span class=\"elementor-accordion-icon-closed\"><i class=\"fas fa-plus\"><\/i><\/span>\n\t\t\t\t\t\t\t\t<span class=\"elementor-accordion-icon-opened\"><i class=\"fas fa-minus\"><\/i><\/span>\n\t\t\t\t\t\t\t\t\t\t\t\t\t\t<\/span>\n\t\t\t\t\t\t\t\t\t\t\t\t<a class=\"elementor-accordion-title\" tabindex=\"0\">\u00c1rea geogr\u00e1fica abrangida<\/a>\n\t\t\t\t\t<\/div>\n\t\t\t\t\t<div id=\"elementor-tab-content-7121\" class=\"elementor-tab-content elementor-clearfix\" data-tab=\"1\" role=\"region\" aria-labelledby=\"elementor-tab-title-7121\"><h5><strong>NUTS III \u2013 M\u00e9dio Tejo<\/strong><\/h5><p>A localiza\u00e7\u00e3o do projeto corresponde \u00e0 localiza\u00e7\u00e3o do estabelecimento onde se realiza o investimento.<\/p><p>Este aviso abrange os seguintes concelhos: Abrantes, Alcanena, Const\u00e2ncia, Entroncamento, Ferreira do Z\u00eazere, Ma\u00e7\u00e3o, Our\u00e9m, Sardoal, Sert\u00e3, Tomar, Torres Novas, Vila do Rei e Vila Nova da Barquinha.<\/p><p>Nos casos em que as N\u00e3o PME (grandes empresas) n\u00e3o constem do Plano Territorial de Transi\u00e7\u00e3o Justa para o M\u00e9dio Tejo, a concess\u00e3o do apoio fica condicionada \u00e0 sua inclus\u00e3o no PTTJ e \u00e0 aprova\u00e7\u00e3o pela Comiss\u00e3o Europeia da respetiva altera\u00e7\u00e3o, no \u00e2mbito do Programa do Centro, do Portugal 2030.<\/p><\/div>\n\t\t\t\t<\/div>\n\t\t\t\t\t\t\t<div class=\"elementor-accordion-item\">\n\t\t\t\t\t<div id=\"elementor-tab-title-7122\" class=\"elementor-tab-title\" data-tab=\"2\" role=\"button\" aria-controls=\"elementor-tab-content-7122\" aria-expanded=\"false\">\n\t\t\t\t\t\t\t\t\t\t\t\t\t<span class=\"elementor-accordion-icon elementor-accordion-icon-left\" aria-hidden=\"true\">\n\t\t\t\t\t\t\t\t\t\t\t\t\t\t\t<span class=\"elementor-accordion-icon-closed\"><i class=\"fas fa-plus\"><\/i><\/span>\n\t\t\t\t\t\t\t\t<span class=\"elementor-accordion-icon-opened\"><i class=\"fas fa-minus\"><\/i><\/span>\n\t\t\t\t\t\t\t\t\t\t\t\t\t\t<\/span>\n\t\t\t\t\t\t\t\t\t\t\t\t<a class=\"elementor-accordion-title\" tabindex=\"0\">Taxa cofinanciamento<\/a>\n\t\t\t\t\t<\/div>\n\t\t\t\t\t<div id=\"elementor-tab-content-7122\" class=\"elementor-tab-content elementor-clearfix\" data-tab=\"2\" role=\"region\" aria-labelledby=\"elementor-tab-title-7122\"><p>A taxa de financiamento \u00e9 obtida a partir da soma das parcelas, taxa base mais majora\u00e7\u00f5es, at\u00e9 ao\u00a0<strong>limite m\u00e1ximo de 40 %<\/strong>,\u00a0a fundo perdido:<\/p><p><strong>Taxa Base \u00e9 de 25%<\/strong><\/p><p><strong>Majora\u00e7\u00f5es:<\/strong><\/p><p><strong>A<\/strong>\u00a0\u2013 Prioridades de pol\u00edticas setoriais e ou territoriais at\u00e9\u00a0<strong>10%<\/strong>\u00a0pelo cumprimento de cada uma das seguintes prioridades:<\/p><ul><li>\u00abPoliticas setoriais ou regionais relevantes\u00bb \u2013 para opera\u00e7\u00f5es orientadas para tem\u00e1ticas com especial relev\u00e2ncia para as pol\u00edticas p\u00fablicas e sectoriais, transversais e\/ou territoriais,<\/li><li>\u00abContrata\u00e7\u00e3o coletiva din\u00e2mica\u00bb \u2013 para opera\u00e7\u00f5es de entidades que tenham contrata\u00e7\u00e3o coletiva din\u00e2mica.<\/li><\/ul><p><strong>B \u2013<\/strong>\u00a0\u00abCria\u00e7\u00e3o de emprego qualificado\u00bb:\u00a0\u00a0<strong>5%<\/strong>\u00a0a atribuir a opera\u00e7\u00f5es que gerem 10 ou + postos de trabalho qualificados, (qualifica\u00e7\u00e3o igual ou superior ao n\u00edvel 6).<\/p><\/div>\n\t\t\t\t<\/div>\n\t\t\t\t\t\t\t<div class=\"elementor-accordion-item\">\n\t\t\t\t\t<div id=\"elementor-tab-title-7123\" class=\"elementor-tab-title\" data-tab=\"3\" role=\"button\" aria-controls=\"elementor-tab-content-7123\" aria-expanded=\"false\">\n\t\t\t\t\t\t\t\t\t\t\t\t\t<span class=\"elementor-accordion-icon elementor-accordion-icon-left\" aria-hidden=\"true\">\n\t\t\t\t\t\t\t\t\t\t\t\t\t\t\t<span class=\"elementor-accordion-icon-closed\"><i class=\"fas fa-plus\"><\/i><\/span>\n\t\t\t\t\t\t\t\t<span class=\"elementor-accordion-icon-opened\"><i class=\"fas fa-minus\"><\/i><\/span>\n\t\t\t\t\t\t\t\t\t\t\t\t\t\t<\/span>\n\t\t\t\t\t\t\t\t\t\t\t\t<a class=\"elementor-accordion-title\" tabindex=\"0\">Tipologia de Projetos<\/a>\n\t\t\t\t\t<\/div>\n\t\t\t\t\t<div id=\"elementor-tab-content-7123\" class=\"elementor-tab-content elementor-clearfix\" data-tab=\"3\" role=\"region\" aria-labelledby=\"elementor-tab-title-7123\">Consideram-se enquadr\u00e1veis os investimentos de natureza inovadora que se traduzam na produ\u00e7\u00e3o de bens e servi\u00e7os transacion\u00e1veis e internacionaliz\u00e1veis e com elevado valor acrescentado e n\u00edvel de incorpora\u00e7\u00e3o nacional, relacionadas com:\n<ul>\n \t<li> A cria\u00e7\u00e3o de um novo estabelecimento;<\/li>\n \t<li> O aumento da capacidade de um estabelecimento j\u00e1 existente;<\/li>\n \t<li> A diversifica\u00e7\u00e3o da produ\u00e7\u00e3o de um estabelecimento para produtos n\u00e3o produzidos anteriormente no estabelecimento;<\/li>\n \t<li> A altera\u00e7\u00e3o fundamental do processo global de produ\u00e7\u00e3o de um estabelecimento existente.<\/li>\n<\/ul><\/div>\n\t\t\t\t<\/div>\n\t\t\t\t\t\t\t<div class=\"elementor-accordion-item\">\n\t\t\t\t\t<div id=\"elementor-tab-title-7124\" class=\"elementor-tab-title\" data-tab=\"4\" role=\"button\" aria-controls=\"elementor-tab-content-7124\" aria-expanded=\"false\">\n\t\t\t\t\t\t\t\t\t\t\t\t\t<span class=\"elementor-accordion-icon elementor-accordion-icon-left\" aria-hidden=\"true\">\n\t\t\t\t\t\t\t\t\t\t\t\t\t\t\t<span class=\"elementor-accordion-icon-closed\"><i class=\"fas fa-plus\"><\/i><\/span>\n\t\t\t\t\t\t\t\t<span class=\"elementor-accordion-icon-opened\"><i class=\"fas fa-minus\"><\/i><\/span>\n\t\t\t\t\t\t\t\t\t\t\t\t\t\t<\/span>\n\t\t\t\t\t\t\t\t\t\t\t\t<a class=\"elementor-accordion-title\" tabindex=\"0\">Despesas Eleg\u00edveis<\/a>\n\t\t\t\t\t<\/div>\n\t\t\t\t\t<div id=\"elementor-tab-content-7124\" class=\"elementor-tab-content elementor-clearfix\" data-tab=\"4\" role=\"region\" aria-labelledby=\"elementor-tab-title-7124\"><p>S\u00e3o despesas eleg\u00edveis no presente aviso:<\/p><p><strong>A) Ativos corp\u00f3reos<\/strong><\/p><ul><li>a\u00a0 aquisi\u00e7\u00e3o de m\u00e1quinas e equipamentos,<\/li><li>custos diretamente atribu\u00edveis para os colocar na localiza\u00e7\u00e3o e condi\u00e7\u00f5es necess\u00e1rias para os mesmos serem capazes de funcionar,<\/li><li>\u00a0aquisi\u00e7\u00e3o de equipamentos inform\u00e1ticos, incluindo o software necess\u00e1rio ao seu funcionamento.<\/li><\/ul><p><strong>B) Ativos incorp\u00f3reos,<\/strong><\/p><ul><li>transfer\u00eancia de tecnologia atrav\u00e9s da aquisi\u00e7\u00e3o de direitos de patentes, nacionais e internacionais,<\/li><li>licen\u00e7as, conhecimentos t\u00e9cnicos n\u00e3o protegidos por patente,<\/li><li>software standard ou desenvolvido especificamente para determinado fim.<\/li><\/ul><p>\u00a0<\/p><p>Outras regras ou limites espec\u00edficos \u00e0 elegibilidade de despesa:<\/p><ul><li>O presente Aviso n\u00e3o contempla a elegibilidade de investimentos com quaisquer custos incorridos em data anterior \u00e0 data da candidatura, incluindo os estudos de viabilidade;<\/li><li>Os custos dos ativos incorp\u00f3reos s\u00f3 s\u00e3o eleg\u00edveis at\u00e9 50 % da totalidade dos custos de investimento eleg\u00edveis para o investimento inicial;<\/li><li>Os custos com a constru\u00e7\u00e3o de edif\u00edcios, obras de remodela\u00e7\u00e3o e outras constru\u00e7\u00f5es n\u00e3o podem exceder os seguintes limites:<\/li><\/ul><p>i) 60% das despesas eleg\u00edveis totais da opera\u00e7\u00e3o, no caso das opera\u00e7\u00f5es do setor do turismo;<\/p><p>ii) 35% das despesas eleg\u00edveis totais da opera\u00e7\u00e3o, no caso das opera\u00e7\u00f5es do setor da ind\u00fastria.<\/p><\/div>\n\t\t\t\t<\/div>\n\t\t\t\t\t\t\t<div class=\"elementor-accordion-item\">\n\t\t\t\t\t<div id=\"elementor-tab-title-7125\" class=\"elementor-tab-title\" data-tab=\"5\" role=\"button\" aria-controls=\"elementor-tab-content-7125\" aria-expanded=\"false\">\n\t\t\t\t\t\t\t\t\t\t\t\t\t<span class=\"elementor-accordion-icon elementor-accordion-icon-left\" aria-hidden=\"true\">\n\t\t\t\t\t\t\t\t\t\t\t\t\t\t\t<span class=\"elementor-accordion-icon-closed\"><i class=\"fas fa-plus\"><\/i><\/span>\n\t\t\t\t\t\t\t\t<span class=\"elementor-accordion-icon-opened\"><i class=\"fas fa-minus\"><\/i><\/span>\n\t\t\t\t\t\t\t\t\t\t\t\t\t\t<\/span>\n\t\t\t\t\t\t\t\t\t\t\t\t<a class=\"elementor-accordion-title\" tabindex=\"0\">Crit\u00e9rios de sele\u00e7\u00e3o<\/a>\n\t\t\t\t\t<\/div>\n\t\t\t\t\t<div id=\"elementor-tab-content-7125\" class=\"elementor-tab-content elementor-clearfix\" data-tab=\"5\" role=\"region\" aria-labelledby=\"elementor-tab-title-7125\"><p>A metodologia para sele\u00e7\u00e3o das opera\u00e7\u00f5es \u00e9 baseada no indicador de M\u00e9rito do Projeto (MP), determinado pela soma ponderada das pontua\u00e7\u00f5es obtidas de acordo com a seguinte f\u00f3rmula:<\/p><p>MP = 0,30*A+ 0,20*B + 0,10*C +0,40*D<\/p><p>em que:<\/p><p>A. Adequa\u00e7\u00e3o \u00e0 Estrat\u00e9gia<br \/>B. Qualidade<br \/>C. Capacidade de Execu\u00e7\u00e3o<br \/>D. Impacto<\/p><p>As pontua\u00e7\u00f5es dos crit\u00e9rios s\u00e3o atribu\u00eddas numa escala compreendida entre 1 e 5, sendo o resultado do M\u00e9rito do Projeto arredondado \u00e0 cent\u00e9sima.<br \/>Para efeitos de sele\u00e7\u00e3o, consideram-se eleg\u00edveis as opera\u00e7\u00f5es que obtenham uma pontua\u00e7\u00e3o final de MP igual ou superior a 3,50.<br \/>Al\u00e9m do m\u00e9rito absoluto, as opera\u00e7\u00f5es eleg\u00edveis s\u00e3o objeto de hierarquiza\u00e7\u00e3o, por fase de candidatura, por ordem decrescente do MP (m\u00e9rito relativo) e por data da entrada de candidatura (dia\/hora\/minuto\/segundo), e selecionadas at\u00e9 ao limite da dota\u00e7\u00e3o or\u00e7amental definida no Aviso para apresenta\u00e7\u00e3o de candidaturas, fixando-se assim o limiar de sele\u00e7\u00e3o do concurso.<\/p><\/div>\n\t\t\t\t<\/div>\n\t\t\t\t\t\t\t<div class=\"elementor-accordion-item\">\n\t\t\t\t\t<div id=\"elementor-tab-title-7126\" class=\"elementor-tab-title\" data-tab=\"6\" role=\"button\" aria-controls=\"elementor-tab-content-7126\" aria-expanded=\"false\">\n\t\t\t\t\t\t\t\t\t\t\t\t\t<span class=\"elementor-accordion-icon elementor-accordion-icon-left\" aria-hidden=\"true\">\n\t\t\t\t\t\t\t\t\t\t\t\t\t\t\t<span class=\"elementor-accordion-icon-closed\"><i class=\"fas fa-plus\"><\/i><\/span>\n\t\t\t\t\t\t\t\t<span class=\"elementor-accordion-icon-opened\"><i class=\"fas fa-minus\"><\/i><\/span>\n\t\t\t\t\t\t\t\t\t\t\t\t\t\t<\/span>\n\t\t\t\t\t\t\t\t\t\t\t\t<a class=\"elementor-accordion-title\" tabindex=\"0\">CAE's Eleg\u00edveis<\/a>\n\t\t\t\t\t<\/div>\n\t\t\t\t\t<div id=\"elementor-tab-content-7126\" class=\"elementor-tab-content elementor-clearfix\" data-tab=\"6\" role=\"region\" aria-labelledby=\"elementor-tab-title-7126\"><p><strong>Ind\u00fastria em Geral<\/strong>\u00a0\u2013 Divis\u00f5es 05 a 33<\/p><p><strong>Dom\u00ednio das Energias Renov\u00e1veis<\/strong>\u00a0\u2013 atividades inclu\u00eddas nas divis\u00f5es 25, 26, 27, 28, 29, 30 e 32\u00a0 sempre que os projetos se enquadrem em atividades do setor das Energias Renov\u00e1veis ou de suporte ao setor.<\/p><p><strong>Dom\u00ednio do Turismo<\/strong>\u00a0\u2013 atividades inclu\u00eddas nas divis\u00f5es 55, 79, 90, 91, nos grupos 561, 563, 771, e as atividades que se insiram nas subclasses 77210, 82300, 93110, 93192, 93210, 93292, 93293, 93294, e 96040 .<\/p><\/div>\n\t\t\t\t<\/div>\n\t\t\t\t\t\t\t\t<\/div>\n\t\t\t\t<\/div>\n\t\t\t\t<\/div>\n\t\t\t\t<section class=\"elementor-section elementor-inner-section elementor-element elementor-element-932e125 elementor-section-boxed elementor-section-height-default elementor-section-height-default\" data-id=\"932e125\" data-element_type=\"section\" data-settings=\"{&quot;background_background&quot;:&quot;classic&quot;}\">\n\t\t\t\t\t\t<div class=\"elementor-container elementor-column-gap-default\">\n\t\t\t\t\t<div class=\"elementor-column elementor-col-50 elementor-inner-column elementor-element elementor-element-0b332df\" data-id=\"0b332df\" data-element_type=\"column\">\n\t\t\t<div class=\"elementor-widget-wrap elementor-element-populated\">\n\t\t\t\t\t\t<div class=\"elementor-element elementor-element-e13034f elementor-widget elementor-widget-heading\" data-id=\"e13034f\" data-element_type=\"widget\" data-widget_type=\"heading.default\">\n\t\t\t\t<div class=\"elementor-widget-container\">\n\t\t\t<h5 class=\"elementor-heading-title elementor-size-default\">Pretende obter mais informa\u00e7\u00f5es?<\/h5>\t\t<\/div>\n\t\t\t\t<\/div>\n\t\t\t\t<div class=\"elementor-element elementor-element-c3902a5 elementor-widget elementor-widget-text-editor\" data-id=\"c3902a5\" data-element_type=\"widget\" data-widget_type=\"text-editor.default\">\n\t\t\t\t<div class=\"elementor-widget-container\">\n\t\t\t\t\t\t\t<p>Agende uma reuni\u00e3o com a nossa equipa de especialistas.<\/p>\t\t\t\t\t\t<\/div>\n\t\t\t\t<\/div>\n\t\t\t\t\t<\/div>\n\t\t<\/div>\n\t\t\t\t<div class=\"elementor-column elementor-col-50 elementor-inner-column elementor-element elementor-element-c9d0fbd\" data-id=\"c9d0fbd\" data-element_type=\"column\">\n\t\t\t<div class=\"elementor-widget-wrap elementor-element-populated\">\n\t\t\t\t\t\t<div class=\"elementor-element elementor-element-3dcf1c6 elementor-align-right elementor-widget elementor-widget-button\" data-id=\"3dcf1c6\" data-element_type=\"widget\" data-widget_type=\"button.default\">\n\t\t\t\t<div class=\"elementor-widget-container\">\n\t\t\t\t\t<div class=\"elementor-button-wrapper\">\n\t\t\t<a class=\"elementor-button elementor-button-link elementor-size-md\" href=\"mailto:info@neomarca.eu\">\n\t\t\t\t\t\t<span class=\"elementor-button-content-wrapper\">\n\t\t\t\t\t\t<span class=\"elementor-button-text\">Agendar Reuni\u00e3o<\/span>\n\t\t<\/span>\n\t\t\t\t\t<\/a>\n\t\t<\/div>\n\t\t\t\t<\/div>\n\t\t\t\t<\/div>\n\t\t\t\t\t<\/div>\n\t\t<\/div>\n\t\t\t\t\t<\/div>\n\t\t<\/section>\n\t\t\t\t\t<\/div>\n\t\t<\/div>\n\t\t\t\t\t<\/div>\n\t\t<\/section>\n\t\t\t\t<\/div>\n\t\t","protected":false},"excerpt":{"rendered":"<p>O programa Centro 2030 lan\u00e7ou recentemente o aviso do Fundo para a Transi\u00e7\u00e3o Justa (CENTRO2030-2023-2), dirigido a n\u00e3o PME, para investimentos em estabelecimentos situados no M\u00e9dio Tejo. As candidaturas terminam a 30 de novembro de 2023. Este concurso visa apoiar investimento empresarial em atividades inovadoras e qualificadas que contribuam \u00e0 progress\u00e3o na cadeia de valor&hellip;<\/p>\n","protected":false},"author":3,"featured_media":7066,"comment_status":"closed","ping_status":"closed","sticky":false,"template":"","format":"standard","meta":{"_monsterinsights_skip_tracking":false,"_monsterinsights_sitenote_active":false,"_monsterinsights_sitenote_note":"","_monsterinsights_sitenote_category":0,"footnotes":""},"categories":[363,238],"tags":[254,112,394,346],"class_list":["post-11205","post","type-post","status-publish","format-standard","has-post-thumbnail","hentry","category-candidaturas-abertas","category-noticias","tag-apoio-ao-financiamento","tag-apoio-investimento","tag-centro-2030","tag-portugal-2030"],"acf":[],"_links":{"self":[{"href":"https:\/\/neomarca.pt\/pt\/wp-json\/wp\/v2\/posts\/11205","targetHints":{"allow":["GET"]}}],"collection":[{"href":"https:\/\/neomarca.pt\/pt\/wp-json\/wp\/v2\/posts"}],"about":[{"href":"https:\/\/neomarca.pt\/pt\/wp-json\/wp\/v2\/types\/post"}],"author":[{"embeddable":true,"href":"https:\/\/neomarca.pt\/pt\/wp-json\/wp\/v2\/users\/3"}],"replies":[{"embeddable":true,"href":"https:\/\/neomarca.pt\/pt\/wp-json\/wp\/v2\/comments?post=11205"}],"version-history":[{"count":0,"href":"https:\/\/neomarca.pt\/pt\/wp-json\/wp\/v2\/posts\/11205\/revisions"}],"wp:featuredmedia":[{"embeddable":true,"href":"https:\/\/neomarca.pt\/pt\/wp-json\/wp\/v2\/media\/7066"}],"wp:attachment":[{"href":"https:\/\/neomarca.pt\/pt\/wp-json\/wp\/v2\/media?parent=11205"}],"wp:term":[{"taxonomy":"category","embeddable":true,"href":"https:\/\/neomarca.pt\/pt\/wp-json\/wp\/v2\/categories?post=11205"},{"taxonomy":"post_tag","embeddable":true,"href":"https:\/\/neomarca.pt\/pt\/wp-json\/wp\/v2\/tags?post=11205"}],"curies":[{"name":"wp","href":"https:\/\/api.w.org\/{rel}","templated":true}]}}