{"id":15024,"date":"2023-11-09T16:40:45","date_gmt":"2023-11-09T15:40:45","guid":{"rendered":"https:\/\/neomarca.pt\/pt\/?p=15024"},"modified":"2024-01-02T16:12:28","modified_gmt":"2024-01-02T15:12:28","slug":"portugal-2030-candidaturas-abertas-inovacao-produtiva-rci","status":"publish","type":"post","link":"https:\/\/neomarca.pt\/pt\/noticias\/portugal-2030-candidaturas-abertas-inovacao-produtiva-rci\/","title":{"rendered":"Portugal 2030: candidaturas abertas Inova\u00e7\u00e3o Produtiva RCI"},"content":{"rendered":"\t\t<div data-elementor-type=\"wp-post\" data-elementor-id=\"15024\" class=\"elementor elementor-15024\" data-elementor-post-type=\"post\">\n\t\t\t\t\t\t<section class=\"elementor-section elementor-top-section elementor-element elementor-element-42b38ac elementor-section-boxed elementor-section-height-default elementor-section-height-default\" data-id=\"42b38ac\" data-element_type=\"section\">\n\t\t\t\t\t\t<div class=\"elementor-container elementor-column-gap-default\">\n\t\t\t\t\t<div class=\"elementor-column elementor-col-100 elementor-top-column elementor-element elementor-element-e418e79\" data-id=\"e418e79\" data-element_type=\"column\">\n\t\t\t<div class=\"elementor-widget-wrap elementor-element-populated\">\n\t\t\t\t\t\t<div class=\"elementor-element elementor-element-8877970 elementor-widget elementor-widget-text-editor\" data-id=\"8877970\" data-element_type=\"widget\" data-widget_type=\"text-editor.default\">\n\t\t\t\t<div class=\"elementor-widget-container\">\n\t\t\t\t\t\t\t<h5>Est\u00e3o abertas as candidaturas ao SICE-MPR-2023-06 para os projetos individuais de investimento produtivo em atividades inovadoras que se revelem de especial interesse para a economia nacional pelo seu efeito estruturante para o desenvolvimento, diversifica\u00e7\u00e3o e internacionaliza\u00e7\u00e3o da economia portuguesa, promovidas por empresas.<\/h5><h6>Tipologia de A\u00e7\u00e3o<\/h6><p>Opera\u00e7\u00f5es individuais de natureza inovadora, que se traduzam na produ\u00e7\u00e3o de bens e servi\u00e7os transacion\u00e1veis e internacionaliz\u00e1veis e com elevado valor acrescentado e n\u00edvel de incorpora\u00e7\u00e3o nacional, que correspondam a um investimento inicial, relacionadas com as seguintes tipologias de a\u00e7\u00e3o:<br \/>a) Cria\u00e7\u00e3o de um novo estabelecimento.<br \/>b) Aumento da capacidade de um estabelecimento j\u00e1 existente.<br \/>c) Diversifica\u00e7\u00e3o da produ\u00e7\u00e3o de um estabelecimento para produtos n\u00e3o produzidos anteriormente no estabelecimento.<br \/>d) Altera\u00e7\u00e3o fundamental do processo global de produ\u00e7\u00e3o de um estabelecimento existente.<\/p><h6>Natureza dos Benefici\u00e1rios<\/h6><p>Empresas de qualquer natureza e sob qualquer forma jur\u00eddica nas regi\u00f5es NUTS II do Continente (Norte, Centro, Lisboa, Alentejo e Algarve). A localiza\u00e7\u00e3o da opera\u00e7\u00e3o corresponde \u00e0 regi\u00e3o, ou regi\u00f5es, onde ir\u00e1 ser realizado o investimento. No \u00e2mbito deste aviso, para as opera\u00e7\u00f5es de PME com investimentos localizados nas regi\u00f5es de Lisboa e do Algarve, o candidato deve apresentar uma candidatura aut\u00f3noma para os investimentos localizados em cada uma dessas regi\u00f5es.<\/p><h6>Taxas de Cofinanciamento<\/h6><p>Negoci\u00e1vel, tendo por limite as taxas m\u00e1ximas estabelecidas no artigo 24.\u00ba do REITD, n\u00e3o reembols\u00e1vel.<\/p><p>O per\u00edodo para apresenta\u00e7\u00e3o de candidaturas decorre at\u00e9 <strong>31\/12\/2024 (19h)<\/strong>.<\/p><p>O projeto apresentado na candidatura deve corresponder ao que foi submetido no pedido de registo de aux\u00edlio, sem preju\u00edzo das altera\u00e7\u00f5es justificadas e aceites em sede de an\u00e1lise da mesma.<\/p><p><strong>Atualiza\u00e7\u00e3o a 18\/12\/23:<\/strong><\/p><p>Foi republicado o Aviso de concurso\u00a0<a href=\"https:\/\/portugal2030.pt\/wp-content\/uploads\/sites\/3\/2023\/12\/2023-12-18_Rep.AAC_SICE_MPr_2023-06_RCI_Inovacao.pdf\" target=\"_blank\" rel=\"noopener\">\u201cSICE-Inova\u00e7\u00e3o Produtiva\u201d<\/a>, com altera\u00e7\u00f5es em dois subcrit\u00e9rios do Referencial de M\u00e9rito, para atividades inovadoras que contribuam para o desenvolvimento, diversifica\u00e7\u00e3o e internacionaliza\u00e7\u00e3o das empresas portuguesas.<\/p><p>No \u00e2mbito desta Republica\u00e7\u00e3o foram introduzidas\u00a0altera\u00e7\u00f5es no Anexo A-4. Referencial de M\u00e9rito, nos subcrit\u00e9rios: D1.3 \u2013 Propens\u00e3o para mercados internacionais e D2. \u2013 Contributo da opera\u00e7\u00e3o para a converg\u00eancia regional do Programa Regional do Alentejo.<\/p>\t\t\t\t\t\t<\/div>\n\t\t\t\t<\/div>\n\t\t\t\t<div class=\"elementor-element elementor-element-1cb147e elementor-widget elementor-widget-spacer\" data-id=\"1cb147e\" data-element_type=\"widget\" data-widget_type=\"spacer.default\">\n\t\t\t\t<div class=\"elementor-widget-container\">\n\t\t\t\t\t<div class=\"elementor-spacer\">\n\t\t\t<div class=\"elementor-spacer-inner\"><\/div>\n\t\t<\/div>\n\t\t\t\t<\/div>\n\t\t\t\t<\/div>\n\t\t\t\t\t<\/div>\n\t\t<\/div>\n\t\t\t\t\t<\/div>\n\t\t<\/section>\n\t\t\t\t<section class=\"elementor-section elementor-top-section elementor-element elementor-element-4a5f209 elementor-section-boxed elementor-section-height-default elementor-section-height-default\" data-id=\"4a5f209\" data-element_type=\"section\">\n\t\t\t\t\t\t<div class=\"elementor-container elementor-column-gap-default\">\n\t\t\t\t\t<div class=\"elementor-column elementor-col-100 elementor-top-column elementor-element elementor-element-9b7a2e8\" data-id=\"9b7a2e8\" data-element_type=\"column\">\n\t\t\t<div class=\"elementor-widget-wrap elementor-element-populated\">\n\t\t\t\t\t\t<section class=\"elementor-section elementor-inner-section elementor-element elementor-element-984cff0 elementor-section-boxed elementor-section-height-default elementor-section-height-default\" data-id=\"984cff0\" data-element_type=\"section\" data-settings=\"{&quot;background_background&quot;:&quot;classic&quot;}\">\n\t\t\t\t\t\t<div class=\"elementor-container elementor-column-gap-default\">\n\t\t\t\t\t<div class=\"elementor-column elementor-col-50 elementor-inner-column elementor-element elementor-element-bf1cda9\" data-id=\"bf1cda9\" data-element_type=\"column\">\n\t\t\t<div class=\"elementor-widget-wrap elementor-element-populated\">\n\t\t\t\t\t\t<div class=\"elementor-element elementor-element-5aec60f elementor-widget elementor-widget-heading\" data-id=\"5aec60f\" data-element_type=\"widget\" data-widget_type=\"heading.default\">\n\t\t\t\t<div class=\"elementor-widget-container\">\n\t\t\t<h5 class=\"elementor-heading-title elementor-size-default\">Pretende obter mais informa\u00e7\u00f5es?<\/h5>\t\t<\/div>\n\t\t\t\t<\/div>\n\t\t\t\t<div class=\"elementor-element elementor-element-f09a2c2 elementor-widget elementor-widget-text-editor\" data-id=\"f09a2c2\" data-element_type=\"widget\" data-widget_type=\"text-editor.default\">\n\t\t\t\t<div class=\"elementor-widget-container\">\n\t\t\t\t\t\t\t<p>Agende uma reuni\u00e3o com a nossa equipa de especialistas.<\/p>\t\t\t\t\t\t<\/div>\n\t\t\t\t<\/div>\n\t\t\t\t\t<\/div>\n\t\t<\/div>\n\t\t\t\t<div class=\"elementor-column elementor-col-50 elementor-inner-column elementor-element elementor-element-773edbb\" data-id=\"773edbb\" data-element_type=\"column\">\n\t\t\t<div class=\"elementor-widget-wrap elementor-element-populated\">\n\t\t\t\t\t\t<div class=\"elementor-element elementor-element-886bde1 elementor-align-right elementor-widget elementor-widget-button\" data-id=\"886bde1\" data-element_type=\"widget\" data-widget_type=\"button.default\">\n\t\t\t\t<div class=\"elementor-widget-container\">\n\t\t\t\t\t<div class=\"elementor-button-wrapper\">\n\t\t\t<a class=\"elementor-button elementor-button-link elementor-size-md\" href=\"mailto:info@neomarca.eu\">\n\t\t\t\t\t\t<span class=\"elementor-button-content-wrapper\">\n\t\t\t\t\t\t<span class=\"elementor-button-text\">Agendar Reuni\u00e3o<\/span>\n\t\t<\/span>\n\t\t\t\t\t<\/a>\n\t\t<\/div>\n\t\t\t\t<\/div>\n\t\t\t\t<\/div>\n\t\t\t\t\t<\/div>\n\t\t<\/div>\n\t\t\t\t\t<\/div>\n\t\t<\/section>\n\t\t\t\t\t<\/div>\n\t\t<\/div>\n\t\t\t\t\t<\/div>\n\t\t<\/section>\n\t\t\t\t<\/div>\n\t\t","protected":false},"excerpt":{"rendered":"<p>Est\u00e3o abertas as candidaturas ao SICE-MPR-2023-06 para os projetos individuais de investimento produtivo em atividades inovadoras que se revelem de especial interesse para a economia nacional pelo seu efeito estruturante para o desenvolvimento, diversifica\u00e7\u00e3o e internacionaliza\u00e7\u00e3o da economia portuguesa, promovidas por empresas. Tipologia de A\u00e7\u00e3o Opera\u00e7\u00f5es individuais de natureza inovadora, que se traduzam na produ\u00e7\u00e3o&hellip;<\/p>\n","protected":false},"author":3,"featured_media":15028,"comment_status":"closed","ping_status":"open","sticky":false,"template":"","format":"standard","meta":{"_monsterinsights_skip_tracking":false,"_monsterinsights_sitenote_active":false,"_monsterinsights_sitenote_note":"","_monsterinsights_sitenote_category":0,"footnotes":""},"categories":[363,238],"tags":[346],"class_list":["post-15024","post","type-post","status-publish","format-standard","has-post-thumbnail","hentry","category-candidaturas-abertas","category-noticias","tag-portugal-2030"],"acf":[],"_links":{"self":[{"href":"https:\/\/neomarca.pt\/pt\/wp-json\/wp\/v2\/posts\/15024","targetHints":{"allow":["GET"]}}],"collection":[{"href":"https:\/\/neomarca.pt\/pt\/wp-json\/wp\/v2\/posts"}],"about":[{"href":"https:\/\/neomarca.pt\/pt\/wp-json\/wp\/v2\/types\/post"}],"author":[{"embeddable":true,"href":"https:\/\/neomarca.pt\/pt\/wp-json\/wp\/v2\/users\/3"}],"replies":[{"embeddable":true,"href":"https:\/\/neomarca.pt\/pt\/wp-json\/wp\/v2\/comments?post=15024"}],"version-history":[{"count":3,"href":"https:\/\/neomarca.pt\/pt\/wp-json\/wp\/v2\/posts\/15024\/revisions"}],"predecessor-version":[{"id":15873,"href":"https:\/\/neomarca.pt\/pt\/wp-json\/wp\/v2\/posts\/15024\/revisions\/15873"}],"wp:featuredmedia":[{"embeddable":true,"href":"https:\/\/neomarca.pt\/pt\/wp-json\/wp\/v2\/media\/15028"}],"wp:attachment":[{"href":"https:\/\/neomarca.pt\/pt\/wp-json\/wp\/v2\/media?parent=15024"}],"wp:term":[{"taxonomy":"category","embeddable":true,"href":"https:\/\/neomarca.pt\/pt\/wp-json\/wp\/v2\/categories?post=15024"},{"taxonomy":"post_tag","embeddable":true,"href":"https:\/\/neomarca.pt\/pt\/wp-json\/wp\/v2\/tags?post=15024"}],"curies":[{"name":"wp","href":"https:\/\/api.w.org\/{rel}","templated":true}]}}