{"id":15115,"date":"2023-11-10T15:42:41","date_gmt":"2023-11-10T14:42:41","guid":{"rendered":"https:\/\/neomarca.pt\/pt\/?p=15115"},"modified":"2023-11-10T15:45:23","modified_gmt":"2023-11-10T14:45:23","slug":"acores-2030-candidaturas-abertas-para-projetos-base-economica-local","status":"publish","type":"post","link":"https:\/\/neomarca.pt\/pt\/noticias\/acores-2030-candidaturas-abertas-para-projetos-base-economica-local\/","title":{"rendered":"A\u00e7ores 2030: candidaturas abertas para projetos Base Econ\u00f3mica Local"},"content":{"rendered":"\t\t<div data-elementor-type=\"wp-post\" data-elementor-id=\"15115\" class=\"elementor elementor-15115\" data-elementor-post-type=\"post\">\n\t\t\t\t\t\t<section class=\"elementor-section elementor-top-section elementor-element elementor-element-f6406aa elementor-section-boxed elementor-section-height-default elementor-section-height-default\" data-id=\"f6406aa\" data-element_type=\"section\">\n\t\t\t\t\t\t<div class=\"elementor-container elementor-column-gap-default\">\n\t\t\t\t\t<div class=\"elementor-column elementor-col-100 elementor-top-column elementor-element elementor-element-76ae25d\" data-id=\"76ae25d\" data-element_type=\"column\">\n\t\t\t<div class=\"elementor-widget-wrap elementor-element-populated\">\n\t\t\t\t\t\t<div class=\"elementor-element elementor-element-0bb0b52 elementor-widget elementor-widget-text-editor\" data-id=\"0bb0b52\" data-element_type=\"widget\" data-widget_type=\"text-editor.default\">\n\t\t\t\t<div class=\"elementor-widget-container\">\n\t\t\t\t\t\t\t<h5>Est\u00e3o abertas as candidaturas ao Aviso ACORES2030-2023-3 &#8220;Construir 2030 \u2013 Base Econ\u00f3mica Local&#8221; que visa proporcionar a moderniza\u00e7\u00e3o e reestrutura\u00e7\u00e3o das empresas, com ganhos de produtividade, gerando tamb\u00e9m efeitos induzidos no desenvolvimento rural.<\/h5><p>Este apoio n\u00e3o reembols\u00e1vel, at\u00e9 ao limite m\u00e1ximo de 65%, \u00e9 dirigido a PME da Regi\u00e3o Aut\u00f3noma dos A\u00e7ores de setores de atividade essencialmente direcionados para a procura interna e vocacionados para a satisfa\u00e7\u00e3o de necessidades do mercado local, com projetos de investimento superiores a 50.000\u20ac. As candidaturas est\u00e3o abertas at\u00e9 31 de dezembro de 2024.<\/p><p>\u00a0<\/p><h6>Benefici\u00e1rios<\/h6><p>Empres\u00e1rios em nome individual, sociedades comerciais de qualquer natureza jur\u00eddica, cooperativas e agrupamentos complementares de empresas, com resid\u00eancia fiscal, sede ou estabelecimento est\u00e1vel na Regi\u00e3o Aut\u00f3noma dos A\u00e7ores.<\/p><p>\u00a0<\/p><h6>Taxas de cofinanciamento<\/h6><p>A taxa de financiamento das opera\u00e7\u00f5es eleg\u00edveis reveste a forma de subven\u00e7\u00e3o n\u00e3o reembols\u00e1vel e \u00e9 obtida a partir da soma das seguintes parcelas, at\u00e9 ao limite m\u00e1ximo de 65%:<\/p><p><strong>Taxas base:<\/strong><\/p><ul><li>35% para as ilhas de S\u00e3o Miguel e Terceira;<\/li><li>40% para as ilhas Faial e Pico e para os concelhos de Nordeste, Vila Franca do Campo e Povoa\u00e7\u00e3o, na ilha de S\u00e3o Miguel;<\/li><li>45% para as ilhas de Santa Maria, Graciosa, S\u00e3o Jorge, Flores e Corvo.<\/li><\/ul><p><strong>Pr\u00e9mio:<\/strong><\/p><p>Pode ser concedido um pr\u00e9mio de realiza\u00e7\u00e3o aos projetos, o qual consiste num acr\u00e9scimo de at\u00e9 20% \u00e0 taxa de incentivo n\u00e3o reembols\u00e1vel.\u00a0<\/p><p><span style=\"background-color: rgba(255, 255, 255, 0); color: var(--the7-base-color); letter-spacing: var(--the7-base-letter-spacing); text-transform: var(--the7-base-text-transform); word-spacing: normal;\">O valor m\u00e1ximo de incentivo a conceder por projeto \u00e9 de \u20ac4 milh\u00f5es.<\/span><\/p>\t\t\t\t\t\t<\/div>\n\t\t\t\t<\/div>\n\t\t\t\t<div class=\"elementor-element elementor-element-d5e7847 elementor-widget elementor-widget-spacer\" data-id=\"d5e7847\" data-element_type=\"widget\" data-widget_type=\"spacer.default\">\n\t\t\t\t<div class=\"elementor-widget-container\">\n\t\t\t\t\t<div class=\"elementor-spacer\">\n\t\t\t<div class=\"elementor-spacer-inner\"><\/div>\n\t\t<\/div>\n\t\t\t\t<\/div>\n\t\t\t\t<\/div>\n\t\t\t\t<div class=\"elementor-element elementor-element-ce39e75 elementor-widget elementor-widget-accordion\" data-id=\"ce39e75\" data-element_type=\"widget\" data-widget_type=\"accordion.default\">\n\t\t\t\t<div class=\"elementor-widget-container\">\n\t\t\t\t\t<div class=\"elementor-accordion\">\n\t\t\t\t\t\t\t<div class=\"elementor-accordion-item\">\n\t\t\t\t\t<div id=\"elementor-tab-title-2161\" class=\"elementor-tab-title\" data-tab=\"1\" role=\"button\" aria-controls=\"elementor-tab-content-2161\" aria-expanded=\"false\">\n\t\t\t\t\t\t\t\t\t\t\t\t\t<span class=\"elementor-accordion-icon elementor-accordion-icon-left\" aria-hidden=\"true\">\n\t\t\t\t\t\t\t\t\t\t\t\t\t\t\t<span class=\"elementor-accordion-icon-closed\"><i class=\"fas fa-plus\"><\/i><\/span>\n\t\t\t\t\t\t\t\t<span class=\"elementor-accordion-icon-opened\"><i class=\"fas fa-minus\"><\/i><\/span>\n\t\t\t\t\t\t\t\t\t\t\t\t\t\t<\/span>\n\t\t\t\t\t\t\t\t\t\t\t\t<a class=\"elementor-accordion-title\" tabindex=\"0\">Requisitos<\/a>\n\t\t\t\t\t<\/div>\n\t\t\t\t\t<div id=\"elementor-tab-content-2161\" class=\"elementor-tab-content elementor-clearfix\" data-tab=\"1\" role=\"region\" aria-labelledby=\"elementor-tab-title-2161\"><p class=\"\"><span class=\"wsw-02\">Entre outras condi\u00e7\u00f5es, os promotores devem:<\/span><\/p><ul><li>Cumprir os crit\u00e9rios de pequena e m\u00e9dia empresa (PME);<\/li><li>Apresentar uma autonomia financeira m\u00ednima no ano pr\u00e9-projeto de 20%.<\/li><\/ul><p class=\"\"><span class=\"wsw-02\">Entre outras condi\u00e7\u00f5es, os projetos devem:<\/span><\/p><ul><li>Ser iniciados ap\u00f3s a apresenta\u00e7\u00e3o da candidatura, com exce\u00e7\u00e3o da aquisi\u00e7\u00e3o de terrenos e da elabora\u00e7\u00e3o de estudos diretamente associados ao projeto;<\/li><li>Ter asseguradas as fontes de financiamento e ser financiados pelo promotor com uma percentagem m\u00ednima de 20% de capitais pr\u00f3prios;<\/li><li>Ter uma dura\u00e7\u00e3o m\u00e1xima de execu\u00e7\u00e3o de tr\u00eas anos, ou de dois anos, para projetos at\u00e9 \u20ac200 mil.<\/li><\/ul><p>\u00a0<\/p><\/div>\n\t\t\t\t<\/div>\n\t\t\t\t\t\t\t<div class=\"elementor-accordion-item\">\n\t\t\t\t\t<div id=\"elementor-tab-title-2162\" class=\"elementor-tab-title\" data-tab=\"2\" role=\"button\" aria-controls=\"elementor-tab-content-2162\" aria-expanded=\"false\">\n\t\t\t\t\t\t\t\t\t\t\t\t\t<span class=\"elementor-accordion-icon elementor-accordion-icon-left\" aria-hidden=\"true\">\n\t\t\t\t\t\t\t\t\t\t\t\t\t\t\t<span class=\"elementor-accordion-icon-closed\"><i class=\"fas fa-plus\"><\/i><\/span>\n\t\t\t\t\t\t\t\t<span class=\"elementor-accordion-icon-opened\"><i class=\"fas fa-minus\"><\/i><\/span>\n\t\t\t\t\t\t\t\t\t\t\t\t\t\t<\/span>\n\t\t\t\t\t\t\t\t\t\t\t\t<a class=\"elementor-accordion-title\" tabindex=\"0\">Projetos eleg\u00edveis<\/a>\n\t\t\t\t\t<\/div>\n\t\t\t\t\t<div id=\"elementor-tab-content-2162\" class=\"elementor-tab-content elementor-clearfix\" data-tab=\"2\" role=\"region\" aria-labelledby=\"elementor-tab-title-2162\"><p class=\"\"><span class=\"wsw-02\">1 &#8211; S\u00e3o suscet\u00edveis de apoio projetos com investimentos superiores a\u00a0<strong>50 000,00 \u20ac<\/strong>\u00a0(cinquenta mil euros), nas seguintes atividades econ\u00f3micas:<\/span><\/p><p class=\"\"><span class=\"wsw-02\">a) Ind\u00fastria que inclui as divis\u00f5es 10 a 33, com exce\u00e7\u00e3o das divis\u00f5es 12 e 19, e dos grupos 182, 222, 241 e da classe 1811;<\/span><\/p><p class=\"\"><span class=\"wsw-02\">b) Constru\u00e7\u00e3o que inclui o grupo 412 e as divis\u00f5es 42 e 43;<\/span><\/p><p class=\"\"><span class=\"wsw-02\">c) Com\u00e9rcio que inclui as divis\u00f5es 45 a 47, com investimento eleg\u00edvel at\u00e9 350.000,00 \u20ac (trezentos e cinquenta mil euros);<\/span><\/p><p class=\"\"><span class=\"wsw-02\">d) Restaura\u00e7\u00e3o e similares que inclui a divis\u00e3o 56, com investimento eleg\u00edvel at\u00e9 500.000,00 \u20ac (quinhentos mil euros);<\/span><\/p><p class=\"\"><span class=\"wsw-02\">e) Servi\u00e7os que inclui as divis\u00f5es 39, 62, 71, 74, 75, 78, 88 e 95, grupos 521, 592, 631, 812 e 813, classes 5911 e 5912, e subclasses 86230, 86903, 86906, 90020, 93130 e 96040, com investimento eleg\u00edvel at\u00e9 500.000,00 \u20ac (quinhentos mil euros).<\/span><\/p><p class=\"\"><span class=\"wsw-02\">2 &#8211; No \u00e2mbito da divis\u00e3o 75 e da subclasse 86230, referidas na al\u00ednea anterior, apenas os projetos de moderniza\u00e7\u00e3o s\u00e3o suscet\u00edveis de apoio.<\/span><\/p><p class=\"\"><span class=\"wsw-02\">3 &#8211; No \u00e2mbito da atividade de com\u00e9rcio a que se refere a al\u00ednea c) do n.\u00ba 1, e no respeitante \u00e0s divis\u00f5es 45 e 46, s\u00e3o suscet\u00edveis de apoio os projetos de instala\u00e7\u00e3o em parques ou zonas industriais, e de moderniza\u00e7\u00e3o de estabelecimentos inseridos em edif\u00edcios existentes.<\/span><\/p><p class=\"\"><span class=\"wsw-02\">4 &#8211; No \u00e2mbito da atividade de com\u00e9rcio a que se refere a al\u00ednea c) do n.\u00ba 1, no que concerne \u00e0 divis\u00e3o 47, s\u00e3o suscet\u00edveis de apoio os projetos de instala\u00e7\u00e3o e moderniza\u00e7\u00e3o, de estabelecimentos comerciais inseridos em edif\u00edcios existentes, desde que re\u00fanam uma das seguintes condi\u00e7\u00f5es quanto \u00e0 sua localiza\u00e7\u00e3o:<\/span><\/p><p class=\"\"><span class=\"wsw-02\">a) Sejam localizados nos centros urbanos, em \u00e1reas geograficamente delimitadas pelas c\u00e2maras municipais;<\/span><\/p><p class=\"\"><span class=\"wsw-02\">b) Sejam localizados em \u00e1reas que revelem manifestamente falhas de mercado.<\/span><\/p><\/div>\n\t\t\t\t<\/div>\n\t\t\t\t\t\t\t<div class=\"elementor-accordion-item\">\n\t\t\t\t\t<div id=\"elementor-tab-title-2163\" class=\"elementor-tab-title\" data-tab=\"3\" role=\"button\" aria-controls=\"elementor-tab-content-2163\" aria-expanded=\"false\">\n\t\t\t\t\t\t\t\t\t\t\t\t\t<span class=\"elementor-accordion-icon elementor-accordion-icon-left\" aria-hidden=\"true\">\n\t\t\t\t\t\t\t\t\t\t\t\t\t\t\t<span class=\"elementor-accordion-icon-closed\"><i class=\"fas fa-plus\"><\/i><\/span>\n\t\t\t\t\t\t\t\t<span class=\"elementor-accordion-icon-opened\"><i class=\"fas fa-minus\"><\/i><\/span>\n\t\t\t\t\t\t\t\t\t\t\t\t\t\t<\/span>\n\t\t\t\t\t\t\t\t\t\t\t\t<a class=\"elementor-accordion-title\" tabindex=\"0\">CAE's Eleg\u00edveis<\/a>\n\t\t\t\t\t<\/div>\n\t\t\t\t\t<div id=\"elementor-tab-content-2163\" class=\"elementor-tab-content elementor-clearfix\" data-tab=\"3\" role=\"region\" aria-labelledby=\"elementor-tab-title-2163\"><p>10 \u2013 Ind\u00fastrias alimentares<br \/>11 \u2013 Ind\u00fastria de bebidas<br \/>13 \u2013 Fabrica\u00e7\u00e3o de t\u00eaxteis<br \/>14 \u2013 Ind\u00fastria de vestu\u00e1rio<br \/>15 \u2013 Ind\u00fastria de couro e de outros produtos de couro<br \/>16 \u2013 Ind\u00fastrias da madeira e da corti\u00e7a e suas obras, exceto mobili\u00e1rio; fabrica\u00e7\u00e3o de obras de cestaria e de espartaria<br \/>17 \u2013 Fabrica\u00e7\u00e3o de pasta, de papel, cart\u00e3o e seus artigos<br \/>18 \u2013 Impress\u00e3o e reprodu\u00e7\u00e3o de suportes gravados (\u00c0 exce\u00e7\u00e3o da 182 Reprodu\u00e7\u00e3o de suportes gravados e da 1811 Impress\u00e3o de jornais)<br \/>20 \u2013 Fabrica\u00e7\u00e3o de produtos qu\u00edmicos e de fibras sint\u00e9ticas ou artificiais, exceto produtos farmac\u00eauticos<br \/>21 \u2013 Fabrica\u00e7\u00e3o de produtos farmac\u00eauticos de base e de prepara\u00e7\u00f5es farmac\u00eauticas<br \/>22 \u2013 Fabrica\u00e7\u00e3o de artigos de borracha e de mat\u00e9rias pl\u00e1sticas (\u00c0 exce\u00e7\u00e3o da 222 Fabrica\u00e7\u00e3o de artigos de mat\u00e9rias pl\u00e1sticas)<br \/>23 \u2013 Fabrica\u00e7\u00e3o de outros produtos minerais n\u00e3o met\u00e1licos<br \/>24 \u2013 Ind\u00fastrias metal\u00fargicas de base (\u00c0 exce\u00e7\u00e3o da 241 Siderurgia e fabrica\u00e7\u00e3o de ferro-ligas)<br \/>25 \u2013 Fabrica\u00e7\u00e3o de produtos met\u00e1licos, exceto m\u00e1quinas e equipamentos<br \/>26 \u2013 Fabrica\u00e7\u00e3o de equipamentos inform\u00e1ticos, equipamentos para comunica\u00e7\u00f5es e produtos eletr\u00f3nicos e \u00f3ticos<br \/>27 \u2013 Fabrica\u00e7\u00e3o de equipamento el\u00e9trico<br \/>28 \u2013 Fabrica\u00e7\u00e3o de m\u00e1quinas e de equipamentos, n.e.<br \/>29 \u2013 Fabrica\u00e7\u00e3o de ve\u00edculos autom\u00f3veis, reboques, semirreboques e componentes para ve\u00edculos autom\u00f3veis<br \/>30 \u2013 Fabrica\u00e7\u00e3o de outro equipamento de transporte<br \/>31 \u2013 Fabrica\u00e7\u00e3o de mobili\u00e1rio e de colch\u00f5es<br \/>32 \u2013 Outras ind\u00fastrias transformadoras<br \/>33 \u2013 Repara\u00e7\u00e3o, manuten\u00e7\u00e3o e instala\u00e7\u00e3o de m\u00e1quinas e equipamentos<br \/>412 \u2013 Constru\u00e7\u00e3o de edif\u00edcios (residenciais e n\u00e3o residenciais)<br \/>42 \u2013 Engenharia civil<br \/>43 \u2013 Atividades especializadas de constru\u00e7\u00e3o<br \/>45 \u2013 Com\u00e9rcio, manuten\u00e7\u00e3o e repara\u00e7\u00e3o, de ve\u00edculos autom\u00f3veis e motociclos<br \/>46 \u2013 Com\u00e9rcio por grosso (inclui agentes), exceto de ve\u00edculos autom\u00f3veis e motociclos<\/p><p>Investimento eleg\u00edvel at\u00e9 \u20ac350 mil. No que respeita \u00e0s divis\u00f5es 45 e 46 s\u00e3o suscet\u00edveis de apoio projetos de investimento de instala\u00e7\u00e3o em parques ou zonas industriais e moderniza\u00e7\u00e3o de estabelecimentos inseridos em edif\u00edcios existentes.\u00a0Excluem-se os estabelecimentos comerciais inseridos em centros comerciais ou grandes superf\u00edcies.\u00a0\u00a0\u00a0\u00a0<\/p><p>47 \u2013 Com\u00e9rcio a retalho, exceto de ve\u00edculos autom\u00f3veis e motociclos<\/p><p>Investimento eleg\u00edvel at\u00e9 \u20ac350 mil. No que concerne \u00e0 divis\u00e3o 47, s\u00e3o suscet\u00edveis de apoio projetos de investimento de instala\u00e7\u00e3o e moderniza\u00e7\u00e3o, de estabelecimentos comerciais inseridos em edif\u00edcios existentes, localizados nos centros urbanos, em \u00e1reas geograficamente delimitadas pelas C\u00e2mara Municipais, ou localizados em \u00e1reas que revelem manifestamente falhas de mercado.<br \/>Excluem-se os estabelecimentos comerciais inseridos em centros comerciais ou grandes superf\u00edcies.\u00a0\u00a0\u00a0\u00a0<\/p><p>56 \u2013 Restaura\u00e7\u00e3o e similares<\/p><p>Investimento eleg\u00edvel at\u00e9 \u20ac500 mil. S\u00e3o suscet\u00edveis de apoio projetos de instala\u00e7\u00e3o, moderniza\u00e7\u00e3o ou amplia\u00e7\u00e3o em edif\u00edcios existentes.<br \/>Excluem-se os estabelecimentos comerciais inseridos em centros comerciais ou grandes superf\u00edcies.<br \/>Todos os seguintes servi\u00e7os: Investimento eleg\u00edvel at\u00e9 \u20ac500 mil.\u00a0\u00a0\u00a0\u00a0\u00a0\u00a0\u00a0\u00a0\u00a0\u00a0\u00a0\u00a0\u00a0\u00a0<\/p><p>39 \u2013 Descontamina\u00e7\u00e3o e atividades similares<br \/>62 \u2013 Consultoria e programa\u00e7\u00e3o inform\u00e1tica e atividades relacionadas<br \/>71 \u2013 Atividades de arquitetura, de engenharia e t\u00e9cnicas afins; atividades de ensaios e de an\u00e1lises t\u00e9cnicas<br \/>74 \u2013 Outras atividades de consultoria, cient\u00edficas, t\u00e9cnicas e similares<br \/>75 \u2013 Atividades veterin\u00e1rias (S\u00e3o apenas suscet\u00edveis de apoio projetos de moderniza\u00e7\u00e3o.)<br \/>78 \u2013 Atividades de emprego<br \/>88 \u2013 Atividades de apoio social sem alojamento<br \/>95 \u2013 Repara\u00e7\u00e3o de computadores e de bens de uso pessoal e dom\u00e9stico<br \/>521 \u2013 Armazenagem<br \/>592 \u2013 Atividades de grava\u00e7\u00e3o de som e edi\u00e7\u00e3o de m\u00fasica<br \/>631- Atividades de processamento de dados, domicilia\u00e7\u00e3o de informa\u00e7\u00e3o e atividades relacionadas; portais web<br \/>812 \u2013 Atividades de limpeza<br \/>813 \u2013 Atividades de planta\u00e7\u00e3o e manuten\u00e7\u00e3o de jardins<br \/>5911 \u2013 Produ\u00e7\u00e3o de filmes, de v\u00eddeos e de programas de televis\u00e3o<br \/>5912 \u2013 Atividades t\u00e9cnicas de p\u00f3s-produ\u00e7\u00e3o para filmes, v\u00eddeos e programas de televis\u00e3o<br \/>86230 \u2013 Atividades de medicina dent\u00e1ria e odontologia (S\u00e3o apenas suscet\u00edveis de apoio projetos de moderniza\u00e7\u00e3o.)<br \/>86903 \u2013 Atividades de enfermagem<br \/>86906 \u2013 Outras atividades de sa\u00fade humana, n.e.<br \/>90020 \u2013 Atividades de apoio \u00e0s artes do espet\u00e1culo<br \/>93130 \u2013 Atividades de gin\u00e1sio (fitness)<br \/>96040 \u2013 Atividades de bem-estar f\u00edsico<\/p><p><strong>A presente Medida de Incentivos n\u00e3o abrange os projetos de investimento relacionados com a produ\u00e7\u00e3o prim\u00e1ria de produtos agr\u00edcolas enumerados no Anexo I do Tratado sobre o Funcionamento da Uni\u00e3o Europeia.<\/strong><\/p><\/div>\n\t\t\t\t<\/div>\n\t\t\t\t\t\t\t\t<\/div>\n\t\t\t\t<\/div>\n\t\t\t\t<\/div>\n\t\t\t\t<div class=\"elementor-element elementor-element-97a43ef elementor-widget elementor-widget-spacer\" data-id=\"97a43ef\" data-element_type=\"widget\" data-widget_type=\"spacer.default\">\n\t\t\t\t<div class=\"elementor-widget-container\">\n\t\t\t\t\t<div class=\"elementor-spacer\">\n\t\t\t<div class=\"elementor-spacer-inner\"><\/div>\n\t\t<\/div>\n\t\t\t\t<\/div>\n\t\t\t\t<\/div>\n\t\t\t\t\t<\/div>\n\t\t<\/div>\n\t\t\t\t\t<\/div>\n\t\t<\/section>\n\t\t\t\t<section class=\"elementor-section elementor-inner-section elementor-element elementor-element-56dbad77 elementor-section-boxed elementor-section-height-default elementor-section-height-default\" data-id=\"56dbad77\" data-element_type=\"section\" data-settings=\"{&quot;background_background&quot;:&quot;classic&quot;}\">\n\t\t\t\t\t\t<div class=\"elementor-container elementor-column-gap-default\">\n\t\t\t\t\t<div class=\"elementor-column elementor-col-50 elementor-inner-column elementor-element elementor-element-37cc706a\" data-id=\"37cc706a\" data-element_type=\"column\">\n\t\t\t<div class=\"elementor-widget-wrap elementor-element-populated\">\n\t\t\t\t\t\t<div class=\"elementor-element elementor-element-4632050a elementor-widget elementor-widget-heading\" data-id=\"4632050a\" data-element_type=\"widget\" data-widget_type=\"heading.default\">\n\t\t\t\t<div class=\"elementor-widget-container\">\n\t\t\t<h5 class=\"elementor-heading-title elementor-size-default\">Pretende obter mais informa\u00e7\u00f5es?<\/h5>\t\t<\/div>\n\t\t\t\t<\/div>\n\t\t\t\t<div class=\"elementor-element elementor-element-76106ed0 elementor-widget elementor-widget-text-editor\" data-id=\"76106ed0\" data-element_type=\"widget\" data-widget_type=\"text-editor.default\">\n\t\t\t\t<div class=\"elementor-widget-container\">\n\t\t\t\t\t\t\t<p>Agende uma reuni\u00e3o com a nossa equipa de especialistas.<\/p>\t\t\t\t\t\t<\/div>\n\t\t\t\t<\/div>\n\t\t\t\t\t<\/div>\n\t\t<\/div>\n\t\t\t\t<div class=\"elementor-column elementor-col-50 elementor-inner-column elementor-element elementor-element-6f732d2b\" data-id=\"6f732d2b\" data-element_type=\"column\">\n\t\t\t<div class=\"elementor-widget-wrap elementor-element-populated\">\n\t\t\t\t\t\t<div class=\"elementor-element elementor-element-466a3c90 elementor-align-right elementor-widget elementor-widget-button\" data-id=\"466a3c90\" data-element_type=\"widget\" data-widget_type=\"button.default\">\n\t\t\t\t<div class=\"elementor-widget-container\">\n\t\t\t\t\t<div class=\"elementor-button-wrapper\">\n\t\t\t<a class=\"elementor-button elementor-button-link elementor-size-md\" href=\"mailto:info@neomarca.eu\">\n\t\t\t\t\t\t<span class=\"elementor-button-content-wrapper\">\n\t\t\t\t\t\t<span class=\"elementor-button-text\">Agendar Reuni\u00e3o<\/span>\n\t\t<\/span>\n\t\t\t\t\t<\/a>\n\t\t<\/div>\n\t\t\t\t<\/div>\n\t\t\t\t<\/div>\n\t\t\t\t\t<\/div>\n\t\t<\/div>\n\t\t\t\t\t<\/div>\n\t\t<\/section>\n\t\t\t\t<\/div>\n\t\t","protected":false},"excerpt":{"rendered":"<p>Est\u00e3o abertas as candidaturas ao Aviso ACORES2030-2023-3 &#8220;Construir 2030 \u2013 Base Econ\u00f3mica Local&#8221; que visa proporcionar a moderniza\u00e7\u00e3o e reestrutura\u00e7\u00e3o das empresas, com ganhos de produtividade, gerando tamb\u00e9m efeitos induzidos no desenvolvimento rural. Este apoio n\u00e3o reembols\u00e1vel, at\u00e9 ao limite m\u00e1ximo de 65%, \u00e9 dirigido a PME da Regi\u00e3o Aut\u00f3noma dos A\u00e7ores de setores de&hellip;<\/p>\n","protected":false},"author":3,"featured_media":15120,"comment_status":"closed","ping_status":"open","sticky":false,"template":"","format":"standard","meta":{"_monsterinsights_skip_tracking":false,"_monsterinsights_sitenote_active":false,"_monsterinsights_sitenote_note":"","_monsterinsights_sitenote_category":0,"footnotes":""},"categories":[363,238],"tags":[411],"class_list":["post-15115","post","type-post","status-publish","format-standard","has-post-thumbnail","hentry","category-candidaturas-abertas","category-noticias","tag-acores-2030"],"acf":[],"_links":{"self":[{"href":"https:\/\/neomarca.pt\/pt\/wp-json\/wp\/v2\/posts\/15115","targetHints":{"allow":["GET"]}}],"collection":[{"href":"https:\/\/neomarca.pt\/pt\/wp-json\/wp\/v2\/posts"}],"about":[{"href":"https:\/\/neomarca.pt\/pt\/wp-json\/wp\/v2\/types\/post"}],"author":[{"embeddable":true,"href":"https:\/\/neomarca.pt\/pt\/wp-json\/wp\/v2\/users\/3"}],"replies":[{"embeddable":true,"href":"https:\/\/neomarca.pt\/pt\/wp-json\/wp\/v2\/comments?post=15115"}],"version-history":[{"count":3,"href":"https:\/\/neomarca.pt\/pt\/wp-json\/wp\/v2\/posts\/15115\/revisions"}],"predecessor-version":[{"id":15123,"href":"https:\/\/neomarca.pt\/pt\/wp-json\/wp\/v2\/posts\/15115\/revisions\/15123"}],"wp:featuredmedia":[{"embeddable":true,"href":"https:\/\/neomarca.pt\/pt\/wp-json\/wp\/v2\/media\/15120"}],"wp:attachment":[{"href":"https:\/\/neomarca.pt\/pt\/wp-json\/wp\/v2\/media?parent=15115"}],"wp:term":[{"taxonomy":"category","embeddable":true,"href":"https:\/\/neomarca.pt\/pt\/wp-json\/wp\/v2\/categories?post=15115"},{"taxonomy":"post_tag","embeddable":true,"href":"https:\/\/neomarca.pt\/pt\/wp-json\/wp\/v2\/tags?post=15115"}],"curies":[{"name":"wp","href":"https:\/\/api.w.org\/{rel}","templated":true}]}}