{"id":15224,"date":"2023-11-14T18:11:30","date_gmt":"2023-11-14T17:11:30","guid":{"rendered":"https:\/\/neomarca.pt\/pt\/?p=15224"},"modified":"2023-11-14T18:18:35","modified_gmt":"2023-11-14T17:18:35","slug":"prr-abre-brevemente-incentivo-a-industria","status":"publish","type":"post","link":"https:\/\/neomarca.pt\/pt\/noticias\/prr-abre-brevemente-incentivo-a-industria\/","title":{"rendered":"PRR: abre brevemente Incentivo \u00e0 ind\u00fastria"},"content":{"rendered":"\t\t<div data-elementor-type=\"wp-post\" data-elementor-id=\"15224\" class=\"elementor elementor-15224\" data-elementor-post-type=\"post\">\n\t\t\t\t\t\t<section class=\"elementor-section elementor-top-section elementor-element elementor-element-a20528a elementor-section-boxed elementor-section-height-default elementor-section-height-default\" data-id=\"a20528a\" data-element_type=\"section\">\n\t\t\t\t\t\t<div class=\"elementor-container elementor-column-gap-default\">\n\t\t\t\t\t<div class=\"elementor-column elementor-col-100 elementor-top-column elementor-element elementor-element-9dbdd0c\" data-id=\"9dbdd0c\" data-element_type=\"column\">\n\t\t\t<div class=\"elementor-widget-wrap elementor-element-populated\">\n\t\t\t\t\t\t<div class=\"elementor-element elementor-element-20dfa65 elementor-widget elementor-widget-text-editor\" data-id=\"20dfa65\" data-element_type=\"widget\" data-widget_type=\"text-editor.default\">\n\t\t\t\t<div class=\"elementor-widget-container\">\n\t\t\t\t\t\t\t<div class=\"newsItemDetail\">\n<div class=\"NewsSummary\">\n<div class=\"NewsContent\">\n<h5><span class=\"TextFont\">De acordo com o IAPMEI est\u00e1 para breve a abertura de um Aviso para apresenta\u00e7\u00e3o de candidaturas numa na vertente do PRR -Empresas 4.0, integrada na Dimens\u00e3o Transi\u00e7\u00e3o Digital dirigido \u00e0 ind\u00fastria.<\/span><\/h5>\n<div class=\"TextContent\"><span class=\"TextFont\">Este incentivo visa apoiar investimentos na implementa\u00e7\u00e3o integrada de solu\u00e7\u00f5es tecnol\u00f3gicas de ind\u00fastria 4.0, em processos industriais, com incorpora\u00e7\u00e3o de tecnologias digitais avan\u00e7adas.<\/span><br>Esta medida ir\u00e1 <strong>apoiar projetos de investimento, de empresas setor da ind\u00fastria extrativa e ind\u00fastrias transformadoras<\/strong>, que demonstrem a aplica\u00e7\u00e3o de tecnologias digitais avan\u00e7adas na transforma\u00e7\u00e3o de processos ou opera\u00e7\u00f5es industriais pr\u00e9-existentes, que se <strong>enquadrem, pelo menos, num dos seguintes dom\u00ednios de a\u00e7\u00e3o:<\/strong><\/div>\n<\/div>\n<\/div>\n<\/div>\n<div class=\"NewsBody\">\n<div class=\"TextContent\">\n<ol>\n<li>Solu\u00e7\u00f5es de intelig\u00eancia artificial, ci\u00eancia dos dados e computa\u00e7\u00e3o avan\u00e7ada aplicadas a processos industriais.<\/li>\n<li>Representa\u00e7\u00f5es digitais, modela\u00e7\u00e3o virtual (g\u00e9meos digitais) e simula\u00e7\u00e3o industrial.<\/li>\n<li>Realidade aumentada, realidade virtual e vis\u00e3o artificial aplicados aos processos industriais.<\/li>\n<li>Rob\u00f3tica colaborativa e cognitiva, interface homem-m\u00e1quina, sistemas de ciberf\u00edsica.<\/li>\n<li>Sensores, computa\u00e7\u00e3o em nuvem e internet das coisas.<\/li>\n<li>Manufatura aditiva aplicada \u00e0 produ\u00e7\u00e3o.<\/li>\n<\/ol>\n<p>A Ind\u00fastria 4.0, tamb\u00e9m conhecida como a quarta revolu\u00e7\u00e3o industrial, representa uma transforma\u00e7\u00e3o significativa nas pr\u00e1ticas industriais, impulsionada pela integra\u00e7\u00e3o de tecnologias digitais avan\u00e7adas. Este conceito revolucion\u00e1rio est\u00e1 a redefinir a forma como as empresas produzem, distribuem e gerem os seus produtos e servi\u00e7os. A Ind\u00fastria 4.0 trouxe consigo a converg\u00eancia de v\u00e1rias tecnologias inovadoras, tais como Internet das Coisas (IoT), intelig\u00eancia artificial, big data, computa\u00e7\u00e3o em nuvem e ciberf\u00edsica. Estas tecnologias interagem de forma sin\u00e9rgica, permitindo uma comunica\u00e7\u00e3o instant\u00e2nea e a coleta de dados em tempo real ao longo de toda a cadeia de produ\u00e7\u00e3o, por ex.<\/p>\n<p>Os investimentos em tecnologias para a ind\u00fastria 4.0 e que contribuam para a transforma\u00e7\u00e3o digital das empresas, bem como a melhoria da sua sustentabilidade ambiental, est\u00e3o enquadrados dentro do Programa de Recupera\u00e7\u00e3o e Resili\u00eancia (PRR) &#8211; componente 16.&nbsp;<\/p>\n<p><span class=\"TextFont\">&nbsp;<\/span><\/p>\n<\/div>\n<\/div>\t\t\t\t\t\t<\/div>\n\t\t\t\t<\/div>\n\t\t\t\t<div class=\"elementor-element elementor-element-011fc3a elementor-widget elementor-widget-spacer\" data-id=\"011fc3a\" data-element_type=\"widget\" data-widget_type=\"spacer.default\">\n\t\t\t\t<div class=\"elementor-widget-container\">\n\t\t\t\t\t<div class=\"elementor-spacer\">\n\t\t\t<div class=\"elementor-spacer-inner\"><\/div>\n\t\t<\/div>\n\t\t\t\t<\/div>\n\t\t\t\t<\/div>\n\t\t\t\t\t<\/div>\n\t\t<\/div>\n\t\t\t\t\t<\/div>\n\t\t<\/section>\n\t\t\t\t<section class=\"elementor-section elementor-inner-section elementor-element elementor-element-10b9f9df elementor-section-boxed elementor-section-height-default elementor-section-height-default\" data-id=\"10b9f9df\" data-element_type=\"section\" data-settings=\"{&quot;background_background&quot;:&quot;classic&quot;}\">\n\t\t\t\t\t\t<div class=\"elementor-container elementor-column-gap-default\">\n\t\t\t\t\t<div class=\"elementor-column elementor-col-50 elementor-inner-column elementor-element elementor-element-5941deac\" data-id=\"5941deac\" data-element_type=\"column\">\n\t\t\t<div class=\"elementor-widget-wrap elementor-element-populated\">\n\t\t\t\t\t\t<div class=\"elementor-element elementor-element-54c09f71 elementor-widget elementor-widget-heading\" data-id=\"54c09f71\" data-element_type=\"widget\" data-widget_type=\"heading.default\">\n\t\t\t\t<div class=\"elementor-widget-container\">\n\t\t\t<h5 class=\"elementor-heading-title elementor-size-default\">Pretende obter mais informa\u00e7\u00f5es?<\/h5>\t\t<\/div>\n\t\t\t\t<\/div>\n\t\t\t\t<div class=\"elementor-element elementor-element-7b685f9 elementor-widget elementor-widget-text-editor\" data-id=\"7b685f9\" data-element_type=\"widget\" data-widget_type=\"text-editor.default\">\n\t\t\t\t<div class=\"elementor-widget-container\">\n\t\t\t\t\t\t\t<p>Agende uma reuni\u00e3o com a nossa equipa de especialistas.<\/p>\t\t\t\t\t\t<\/div>\n\t\t\t\t<\/div>\n\t\t\t\t\t<\/div>\n\t\t<\/div>\n\t\t\t\t<div class=\"elementor-column elementor-col-50 elementor-inner-column elementor-element elementor-element-4559ca2a\" data-id=\"4559ca2a\" data-element_type=\"column\">\n\t\t\t<div class=\"elementor-widget-wrap elementor-element-populated\">\n\t\t\t\t\t\t<div class=\"elementor-element elementor-element-55f4bb51 elementor-align-right elementor-widget elementor-widget-button\" data-id=\"55f4bb51\" data-element_type=\"widget\" data-widget_type=\"button.default\">\n\t\t\t\t<div class=\"elementor-widget-container\">\n\t\t\t\t\t<div class=\"elementor-button-wrapper\">\n\t\t\t<a class=\"elementor-button elementor-button-link elementor-size-md\" href=\"mailto:info@neomarca.eu\">\n\t\t\t\t\t\t<span class=\"elementor-button-content-wrapper\">\n\t\t\t\t\t\t<span class=\"elementor-button-text\">Agendar Reuni\u00e3o<\/span>\n\t\t<\/span>\n\t\t\t\t\t<\/a>\n\t\t<\/div>\n\t\t\t\t<\/div>\n\t\t\t\t<\/div>\n\t\t\t\t\t<\/div>\n\t\t<\/div>\n\t\t\t\t\t<\/div>\n\t\t<\/section>\n\t\t\t\t<\/div>\n\t\t","protected":false},"excerpt":{"rendered":"<p>De acordo com o IAPMEI est\u00e1 para breve a abertura de um Aviso para apresenta\u00e7\u00e3o de candidaturas numa na vertente do PRR -Empresas 4.0, integrada na Dimens\u00e3o Transi\u00e7\u00e3o Digital dirigido \u00e0 ind\u00fastria. Este incentivo visa apoiar investimentos na implementa\u00e7\u00e3o integrada de solu\u00e7\u00f5es tecnol\u00f3gicas de ind\u00fastria 4.0, em processos industriais, com incorpora\u00e7\u00e3o de tecnologias digitais avan\u00e7adas.Esta&hellip;<\/p>\n","protected":false},"author":3,"featured_media":15226,"comment_status":"closed","ping_status":"open","sticky":false,"template":"","format":"standard","meta":{"_monsterinsights_skip_tracking":false,"_monsterinsights_sitenote_active":false,"_monsterinsights_sitenote_note":"","_monsterinsights_sitenote_category":0,"footnotes":""},"categories":[238],"tags":[122],"class_list":["post-15224","post","type-post","status-publish","format-standard","has-post-thumbnail","hentry","category-noticias","tag-fundos-comunitarios"],"acf":[],"_links":{"self":[{"href":"https:\/\/neomarca.pt\/pt\/wp-json\/wp\/v2\/posts\/15224","targetHints":{"allow":["GET"]}}],"collection":[{"href":"https:\/\/neomarca.pt\/pt\/wp-json\/wp\/v2\/posts"}],"about":[{"href":"https:\/\/neomarca.pt\/pt\/wp-json\/wp\/v2\/types\/post"}],"author":[{"embeddable":true,"href":"https:\/\/neomarca.pt\/pt\/wp-json\/wp\/v2\/users\/3"}],"replies":[{"embeddable":true,"href":"https:\/\/neomarca.pt\/pt\/wp-json\/wp\/v2\/comments?post=15224"}],"version-history":[{"count":3,"href":"https:\/\/neomarca.pt\/pt\/wp-json\/wp\/v2\/posts\/15224\/revisions"}],"predecessor-version":[{"id":15229,"href":"https:\/\/neomarca.pt\/pt\/wp-json\/wp\/v2\/posts\/15224\/revisions\/15229"}],"wp:featuredmedia":[{"embeddable":true,"href":"https:\/\/neomarca.pt\/pt\/wp-json\/wp\/v2\/media\/15226"}],"wp:attachment":[{"href":"https:\/\/neomarca.pt\/pt\/wp-json\/wp\/v2\/media?parent=15224"}],"wp:term":[{"taxonomy":"category","embeddable":true,"href":"https:\/\/neomarca.pt\/pt\/wp-json\/wp\/v2\/categories?post=15224"},{"taxonomy":"post_tag","embeddable":true,"href":"https:\/\/neomarca.pt\/pt\/wp-json\/wp\/v2\/tags?post=15224"}],"curies":[{"name":"wp","href":"https:\/\/api.w.org\/{rel}","templated":true}]}}