{"id":15235,"date":"2023-11-15T18:00:30","date_gmt":"2023-11-15T17:00:30","guid":{"rendered":"https:\/\/neomarca.pt\/pt\/?p=15235"},"modified":"2024-01-31T12:50:49","modified_gmt":"2024-01-31T11:50:49","slug":"alentejo-2030-candidaturas-a-internacionalizacao-acoes-coletivas","status":"publish","type":"post","link":"https:\/\/neomarca.pt\/pt\/noticias\/alentejo-2030-candidaturas-a-internacionalizacao-acoes-coletivas\/","title":{"rendered":"Alentejo 2030: candidaturas \u00e0 Internacionaliza\u00e7\u00e3o &#8211; a\u00e7\u00f5es coletivas"},"content":{"rendered":"\t\t<div data-elementor-type=\"wp-post\" data-elementor-id=\"15235\" class=\"elementor elementor-15235\" data-elementor-post-type=\"post\">\n\t\t\t\t\t\t<section class=\"elementor-section elementor-top-section elementor-element elementor-element-ab08224 elementor-section-boxed elementor-section-height-default elementor-section-height-default\" data-id=\"ab08224\" data-element_type=\"section\">\n\t\t\t\t\t\t<div class=\"elementor-container elementor-column-gap-default\">\n\t\t\t\t\t<div class=\"elementor-column elementor-col-100 elementor-top-column elementor-element elementor-element-6b74baf\" data-id=\"6b74baf\" data-element_type=\"column\">\n\t\t\t<div class=\"elementor-widget-wrap elementor-element-populated\">\n\t\t\t\t\t\t<div class=\"elementor-element elementor-element-f5e53f0 elementor-widget elementor-widget-text-editor\" data-id=\"f5e53f0\" data-element_type=\"widget\" data-widget_type=\"text-editor.default\">\n\t\t\t\t<div class=\"elementor-widget-container\">\n\t\t\t\t\t\t\t<h5>O programa regional Alentejo 2030 lan\u00e7ou o aviso ALT2030-2023-8 para A\u00e7\u00f5es Coletivas \u2013 Internacionaliza\u00e7\u00e3o das empresas, com candidaturas at\u00e9 15 de janeiro de 2024.<\/h5><p>O objetivo \u00e9 fortalecer a respetiva\u00a0<strong>capacidade competitiva e progress\u00e3o na cadeia de valor<\/strong>, bem como a\u00a0<strong>visibilidade internacional da oferta<\/strong>\u00a0e a atenua\u00e7\u00e3o da diferen\u00e7a entre a qualidade intr\u00ednseca dos bens e servi\u00e7os e a qualidade percebida pelos mercados, nas seguintes dimens\u00f5es:<\/p><ul><li>Prospe\u00e7\u00e3o, conhecimento e acesso a novos mercados;<\/li><li>Processos colaborativos de internacionaliza\u00e7\u00e3o, da partilha de conhecimento e capacita\u00e7\u00e3o para a internacionaliza\u00e7\u00e3o;<\/li><li>Promo\u00e7\u00e3o internacional dos destinos tur\u00edsticos e outros produtos e recursos associados \u00e0 regi\u00e3o.<\/li><\/ul><p><strong>Benefici\u00e1rios<\/strong><\/p><ul><li>Associa\u00e7\u00f5es empresariais e ag\u00eancias de promo\u00e7\u00e3o tur\u00edstica,<br \/>Ag\u00eancias e entidades p\u00fablicas, incluindo as entidades de natureza associativa, com compet\u00eancias nos dom\u00ednios da gest\u00e3o da estrat\u00e9gia de desenvolvimento econ\u00f3mico, do turismo, bem como na promo\u00e7\u00e3o da digitaliza\u00e7\u00e3o e da internacionaliza\u00e7\u00e3o,<\/li><li>Entidades privadas sem fins lucrativos, que prossigam objetivos de interesse p\u00fablico, e que tenham estabelecido com as entidades do ponto anterior parcerias para a prossecu\u00e7\u00e3o de pol\u00edticas p\u00fablicas de car\u00e1cter empresarial,<\/li><li>Outras entidades p\u00fablicas e outras entidades sem fins lucrativos quando participem em projetos em copromo\u00e7\u00e3o com uma das entidades referidas nos pontos anteriores, desde que justificado face \u00e0 natureza da promo\u00e7\u00e3o.<\/li><\/ul><p><strong>Taxa de cofinanciamento<\/strong><\/p><p>A taxa de financiamento das despesas eleg\u00edveis \u00e9 at\u00e9 85 %, n\u00e3o reembols\u00e1vel.<\/p><p>Ser\u00e3o eleg\u00edveis opera\u00e7\u00f5es enquadr\u00e1veis em setores com Potencial de Internacionaliza\u00e7\u00e3o, conforme previsto na EREI 2030 para o Alentejo, como:\u00a0<strong>Recursos Minerais, Montado de Sobro, Agroalimentar, Aeron\u00e1utica e Servi\u00e7os de turismo<\/strong>.<\/p>\t\t\t\t\t\t<\/div>\n\t\t\t\t<\/div>\n\t\t\t\t<div class=\"elementor-element elementor-element-a611016 elementor-widget elementor-widget-spacer\" data-id=\"a611016\" data-element_type=\"widget\" data-widget_type=\"spacer.default\">\n\t\t\t\t<div class=\"elementor-widget-container\">\n\t\t\t\t\t<div class=\"elementor-spacer\">\n\t\t\t<div class=\"elementor-spacer-inner\"><\/div>\n\t\t<\/div>\n\t\t\t\t<\/div>\n\t\t\t\t<\/div>\n\t\t\t\t\t<\/div>\n\t\t<\/div>\n\t\t\t\t\t<\/div>\n\t\t<\/section>\n\t\t\t\t<section class=\"elementor-section elementor-inner-section elementor-element elementor-element-65b8f17c elementor-section-boxed elementor-section-height-default elementor-section-height-default\" data-id=\"65b8f17c\" data-element_type=\"section\" data-settings=\"{&quot;background_background&quot;:&quot;classic&quot;}\">\n\t\t\t\t\t\t<div class=\"elementor-container elementor-column-gap-default\">\n\t\t\t\t\t<div class=\"elementor-column elementor-col-50 elementor-inner-column elementor-element elementor-element-2e8f8d52\" data-id=\"2e8f8d52\" data-element_type=\"column\">\n\t\t\t<div class=\"elementor-widget-wrap elementor-element-populated\">\n\t\t\t\t\t\t<div class=\"elementor-element elementor-element-3053bac7 elementor-widget elementor-widget-heading\" data-id=\"3053bac7\" data-element_type=\"widget\" data-widget_type=\"heading.default\">\n\t\t\t\t<div class=\"elementor-widget-container\">\n\t\t\t<h5 class=\"elementor-heading-title elementor-size-default\">Pretende obter mais informa\u00e7\u00f5es?<\/h5>\t\t<\/div>\n\t\t\t\t<\/div>\n\t\t\t\t<div class=\"elementor-element elementor-element-a9ab2c2 elementor-widget elementor-widget-text-editor\" data-id=\"a9ab2c2\" data-element_type=\"widget\" data-widget_type=\"text-editor.default\">\n\t\t\t\t<div class=\"elementor-widget-container\">\n\t\t\t\t\t\t\t<p>Agende uma reuni\u00e3o com a nossa equipa de especialistas.<\/p>\t\t\t\t\t\t<\/div>\n\t\t\t\t<\/div>\n\t\t\t\t\t<\/div>\n\t\t<\/div>\n\t\t\t\t<div class=\"elementor-column elementor-col-50 elementor-inner-column elementor-element elementor-element-2c02c340\" data-id=\"2c02c340\" data-element_type=\"column\">\n\t\t\t<div class=\"elementor-widget-wrap elementor-element-populated\">\n\t\t\t\t\t\t<div class=\"elementor-element elementor-element-14bdd683 elementor-align-right elementor-widget elementor-widget-button\" data-id=\"14bdd683\" data-element_type=\"widget\" data-widget_type=\"button.default\">\n\t\t\t\t<div class=\"elementor-widget-container\">\n\t\t\t\t\t<div class=\"elementor-button-wrapper\">\n\t\t\t<a class=\"elementor-button elementor-button-link elementor-size-md\" href=\"mailto:info@neomarca.eu\">\n\t\t\t\t\t\t<span class=\"elementor-button-content-wrapper\">\n\t\t\t\t\t\t<span class=\"elementor-button-text\">Agendar Reuni\u00e3o<\/span>\n\t\t<\/span>\n\t\t\t\t\t<\/a>\n\t\t<\/div>\n\t\t\t\t<\/div>\n\t\t\t\t<\/div>\n\t\t\t\t\t<\/div>\n\t\t<\/div>\n\t\t\t\t\t<\/div>\n\t\t<\/section>\n\t\t\t\t<\/div>\n\t\t","protected":false},"excerpt":{"rendered":"<p>O programa regional Alentejo 2030 lan\u00e7ou o aviso ALT2030-2023-8 para A\u00e7\u00f5es Coletivas \u2013 Internacionaliza\u00e7\u00e3o das empresas, com candidaturas at\u00e9 15 de janeiro de 2024. O objetivo \u00e9 fortalecer a respetiva\u00a0capacidade competitiva e progress\u00e3o na cadeia de valor, bem como a\u00a0visibilidade internacional da oferta\u00a0e a atenua\u00e7\u00e3o da diferen\u00e7a entre a qualidade intr\u00ednseca dos bens e servi\u00e7os&hellip;<\/p>\n","protected":false},"author":3,"featured_media":15237,"comment_status":"closed","ping_status":"open","sticky":false,"template":"","format":"standard","meta":{"_monsterinsights_skip_tracking":false,"_monsterinsights_sitenote_active":false,"_monsterinsights_sitenote_note":"","_monsterinsights_sitenote_category":0,"footnotes":""},"categories":[238],"tags":[416],"class_list":["post-15235","post","type-post","status-publish","format-standard","has-post-thumbnail","hentry","category-noticias","tag-alentejo-2030"],"acf":[],"_links":{"self":[{"href":"https:\/\/neomarca.pt\/pt\/wp-json\/wp\/v2\/posts\/15235","targetHints":{"allow":["GET"]}}],"collection":[{"href":"https:\/\/neomarca.pt\/pt\/wp-json\/wp\/v2\/posts"}],"about":[{"href":"https:\/\/neomarca.pt\/pt\/wp-json\/wp\/v2\/types\/post"}],"author":[{"embeddable":true,"href":"https:\/\/neomarca.pt\/pt\/wp-json\/wp\/v2\/users\/3"}],"replies":[{"embeddable":true,"href":"https:\/\/neomarca.pt\/pt\/wp-json\/wp\/v2\/comments?post=15235"}],"version-history":[{"count":3,"href":"https:\/\/neomarca.pt\/pt\/wp-json\/wp\/v2\/posts\/15235\/revisions"}],"predecessor-version":[{"id":15243,"href":"https:\/\/neomarca.pt\/pt\/wp-json\/wp\/v2\/posts\/15235\/revisions\/15243"}],"wp:featuredmedia":[{"embeddable":true,"href":"https:\/\/neomarca.pt\/pt\/wp-json\/wp\/v2\/media\/15237"}],"wp:attachment":[{"href":"https:\/\/neomarca.pt\/pt\/wp-json\/wp\/v2\/media?parent=15235"}],"wp:term":[{"taxonomy":"category","embeddable":true,"href":"https:\/\/neomarca.pt\/pt\/wp-json\/wp\/v2\/categories?post=15235"},{"taxonomy":"post_tag","embeddable":true,"href":"https:\/\/neomarca.pt\/pt\/wp-json\/wp\/v2\/tags?post=15235"}],"curies":[{"name":"wp","href":"https:\/\/api.w.org\/{rel}","templated":true}]}}