{"id":15250,"date":"2023-11-16T11:19:23","date_gmt":"2023-11-16T10:19:23","guid":{"rendered":"https:\/\/neomarca.pt\/pt\/?p=15250"},"modified":"2023-12-19T18:57:45","modified_gmt":"2023-12-19T17:57:45","slug":"prr-candidaturar-aberta-vales-para-incubadoras-e-aceleradoras","status":"publish","type":"post","link":"https:\/\/neomarca.pt\/pt\/noticias\/prr-candidaturar-aberta-vales-para-incubadoras-e-aceleradoras\/","title":{"rendered":"PRR: candidaturas abertas Vales para Incubadoras e Aceleradoras"},"content":{"rendered":"\t\t<div data-elementor-type=\"wp-post\" data-elementor-id=\"15250\" class=\"elementor elementor-15250\" data-elementor-post-type=\"post\">\n\t\t\t\t\t\t<section class=\"elementor-section elementor-top-section elementor-element elementor-element-44acc1e elementor-section-boxed elementor-section-height-default elementor-section-height-default\" data-id=\"44acc1e\" data-element_type=\"section\">\n\t\t\t\t\t\t<div class=\"elementor-container elementor-column-gap-default\">\n\t\t\t\t\t<div class=\"elementor-column elementor-col-100 elementor-top-column elementor-element elementor-element-49d0d87\" data-id=\"49d0d87\" data-element_type=\"column\">\n\t\t\t<div class=\"elementor-widget-wrap elementor-element-populated\">\n\t\t\t\t\t\t<div class=\"elementor-element elementor-element-540ce10 elementor-widget elementor-widget-text-editor\" data-id=\"540ce10\" data-element_type=\"widget\" data-widget_type=\"text-editor.default\">\n\t\t\t\t<div class=\"elementor-widget-container\">\n\t\t\t\t\t\t\t<h5>As candidaturas \u00e0 2\u00aa edi\u00e7\u00e3o do Aviso N.\u00ba 17\/C16-i02\/2023 do PRR v\u00e3o abrir no dia 30 de novembro.<\/h5><p>Sabendo que as incubadoras\/aceleradoras t\u00eam um importante papel de elevar o n\u00edvel de sucesso das startups e que cada vez mais as startups assentam no digital os seus modelos, servi\u00e7os e produtos, importa investir no aumento dos recursos e apostar na capacita\u00e7\u00e3o dos t\u00e9cnicos e diretores destas estruturas, bem como na sua pr\u00f3pria transi\u00e7\u00e3o digital.<\/p><p><strong>Objetivos<\/strong><\/p><ul><li><strong>Apoiar Programas de Igni\u00e7\u00e3o ou de Acelera\u00e7\u00e3o:<\/strong> Apoiar o refor\u00e7o da a\u00e7\u00e3o das incubadoras e aceleradoras e a sua capacita\u00e7\u00e3o em recursos humanos, gest\u00e3o e tecnologia para poderem dar um apoio acompanhado ao desenvolvimento das startups, atrav\u00e9s do apoio financeiro ao desenvolvimento de programas de igni\u00e7\u00e3o e de acelera\u00e7\u00e3o, em parceria com institui\u00e7\u00f5es de ensino superior, incubadoras, empresas e grupos de investidores nacionais e internacionais;<\/li><li><b style=\"background-color: rgba(255, 255, 255, 0); color: var(--the7-base-color); letter-spacing: var(--the7-base-letter-spacing); text-transform: var(--the7-base-text-transform); word-spacing: normal;\">Apoiar a Capacita\u00e7\u00e3o:<\/b><span style=\"background-color: rgba(255, 255, 255, 0); color: var(--the7-base-color); letter-spacing: var(--the7-base-letter-spacing); text-transform: var(--the7-base-text-transform); word-spacing: normal;\"> Apoiar a capacita\u00e7\u00e3o dos Benefici\u00e1rios, nomeadamente na sua\u00a0<\/span><span style=\"background-color: rgba(255, 255, 255, 0); color: var(--the7-base-color); letter-spacing: var(--the7-base-letter-spacing); text-transform: var(--the7-base-text-transform); word-spacing: normal;\">dimens\u00e3o tecnol\u00f3gica e no apoio a modelos de neg\u00f3cio assentes no digital, fortalecendo a\u00a0<\/span><span style=\"background-color: rgba(255, 255, 255, 0); color: var(--the7-base-color); letter-spacing: var(--the7-base-letter-spacing); text-transform: var(--the7-base-text-transform); word-spacing: normal;\">rede de startups incubadas e o alargamento da rede de contactos com mentores, empresas,\u00a0<\/span><span style=\"background-color: rgba(255, 255, 255, 0); color: var(--the7-base-color); letter-spacing: var(--the7-base-letter-spacing); text-transform: var(--the7-base-text-transform); word-spacing: normal;\">investidores, institui\u00e7\u00f5es de ensino superior e centros de investiga\u00e7\u00e3o ou inova\u00e7\u00e3o\u00a0<\/span><span style=\"background-color: rgba(255, 255, 255, 0); color: var(--the7-base-color); letter-spacing: var(--the7-base-letter-spacing); text-transform: var(--the7-base-text-transform); word-spacing: normal;\">tecnol\u00f3gica;<\/span><\/li><li><strong>Apoiar o Refor\u00e7o de RH:<\/strong> Apoiar a contrata\u00e7\u00e3o de novos recursos humanos qualificados de forma permanente, refor\u00e7ando assim o n\u00famero de trabalhadores qualificados em incubadoras e aceleradoras.<\/li><\/ul><p>O apoio aos Benefici\u00e1rios (incubadoras\/aceleradoras) dever\u00e1 centrar-se em projetos de investimento, nomeadamente em \u00e1reas tecnol\u00f3gicas, incluindo equipamento e infraestruturas, na atualiza\u00e7\u00e3o de conhecimento e na sua capacita\u00e7\u00e3o.<\/p><p><strong>Benefici\u00e1rios<\/strong><\/p><p>Todas as estruturas organizacionais, de qualquer<br \/>natureza jur\u00eddica com presen\u00e7a f\u00edsica e que tipicamente correspondem \u00e0<br \/>designa\u00e7\u00e3o de \u201cIncubadoras, Aceleradoras ou Estruturas de apoio a startups\u201d tendo como miss\u00e3o ou\u00a0prop\u00f3sito acompanhar e apoiar o crescimento de startups, nomeadamente atrav\u00e9s do\u00a0desenvolvimento de atividades de capacita\u00e7\u00e3o, sensibiliza\u00e7\u00e3o, mentoria, networking, apoio na\u00a0implementa\u00e7\u00e3o de projetos de escalabilidade e\/ou do apoio na angaria\u00e7\u00e3o de capital para\u00a0financiamento das suas atividades e opera\u00e7\u00f5es.<\/p><p><strong>Taxa de cofinanciamento<\/strong><\/p><p>100%, incentivo n\u00e3o reembols\u00e1vel. Os projetos devem ter o valor m\u00ednimo de 30.000\u20ac e 150.000\u20ac.<\/p><p><strong>Despesas eleg\u00edveis<\/strong><\/p><ul><li>i. Custos com pessoal t\u00e9cnico* diretamente afeto \u00e0 implementa\u00e7\u00e3o do projeto, devendo ser\u00a0evidenciadas as compet\u00eancias\/val\u00eancias enquadradas no esp\u00edrito do aviso e corresponder a\u00a0um n\u00edvel m\u00ednimo de qualifica\u00e7\u00e3o VI (QNQ), at\u00e9 ao valor de 75% do total dos custos eleg\u00edveis;<\/li><li>ii. Despesas com acredita\u00e7\u00e3o ou certifica\u00e7\u00e3o tecnol\u00f3gica de recursos humanos;<\/li><li>iii. Aquisi\u00e7\u00e3o de Servi\u00e7os Externos Especializados, tais como servi\u00e7os de apoio \u00e0 digitaliza\u00e7\u00e3o de\u00a0processos de neg\u00f3cios, servi\u00e7os de marketing, de desenvolvimento de produtos e servi\u00e7os,\u00a0de consultoria e de outros servi\u00e7os especializados para a prossecu\u00e7\u00e3o dos objetivos do\u00a0projeto;<\/li><li>iv. Aquisi\u00e7\u00e3o ou aluguer operacional de equipamentos, bem como custos de licenciamento ou\u00a0de subscri\u00e7\u00e3o de software, destinado \u00e0s atividades a desenvolver no \u00e2mbito do projeto e\u00a0comparticip\u00e1veis durante o per\u00edodo de execu\u00e7\u00e3o do mesmo;<\/li><li>v. Custos com a prote\u00e7\u00e3o\/valoriza\u00e7\u00e3o de direitos de propriedade intelectual;<\/li><li>vi. Custos indiretos.<br \/>*Os custos indiretos previstos, s\u00e3o calculados com base em custos simplificados, assentes na aplica\u00e7\u00e3o\u00a0da taxa fixa de 15% dos custos com recursos humanos.<\/li><\/ul><p><strong>Dura\u00e7\u00e3o do projeto<\/strong><\/p><p>Os projetos t\u00eam uma dura\u00e7\u00e3o m\u00e1xima de dezoito meses a contar da data de assinatura do Termo de\u00a0Aceita\u00e7\u00e3o. A execu\u00e7\u00e3o dos projetos dever\u00e1 iniciar-se no prazo m\u00e1ximo de tr\u00eas meses ap\u00f3s a\u00a0comunica\u00e7\u00e3o da decis\u00e3o de concess\u00e3o do apoio, tendo de estar conclu\u00eddo no m\u00e1ximo at\u00e9 30 de setembro de 2025.<\/p>\t\t\t\t\t\t<\/div>\n\t\t\t\t<\/div>\n\t\t\t\t<div class=\"elementor-element elementor-element-a11ec47 elementor-widget elementor-widget-spacer\" data-id=\"a11ec47\" data-element_type=\"widget\" data-widget_type=\"spacer.default\">\n\t\t\t\t<div class=\"elementor-widget-container\">\n\t\t\t\t\t<div class=\"elementor-spacer\">\n\t\t\t<div class=\"elementor-spacer-inner\"><\/div>\n\t\t<\/div>\n\t\t\t\t<\/div>\n\t\t\t\t<\/div>\n\t\t\t\t\t<\/div>\n\t\t<\/div>\n\t\t\t\t\t<\/div>\n\t\t<\/section>\n\t\t\t\t<section class=\"elementor-section elementor-inner-section elementor-element elementor-element-5e55cee1 elementor-section-boxed elementor-section-height-default elementor-section-height-default\" data-id=\"5e55cee1\" data-element_type=\"section\" data-settings=\"{&quot;background_background&quot;:&quot;classic&quot;}\">\n\t\t\t\t\t\t<div class=\"elementor-container elementor-column-gap-default\">\n\t\t\t\t\t<div class=\"elementor-column elementor-col-50 elementor-inner-column elementor-element elementor-element-3a95b7de\" data-id=\"3a95b7de\" data-element_type=\"column\">\n\t\t\t<div class=\"elementor-widget-wrap elementor-element-populated\">\n\t\t\t\t\t\t<div class=\"elementor-element elementor-element-6f2231cb elementor-widget elementor-widget-heading\" data-id=\"6f2231cb\" data-element_type=\"widget\" data-widget_type=\"heading.default\">\n\t\t\t\t<div class=\"elementor-widget-container\">\n\t\t\t<h5 class=\"elementor-heading-title elementor-size-default\">Pretende obter mais informa\u00e7\u00f5es?<\/h5>\t\t<\/div>\n\t\t\t\t<\/div>\n\t\t\t\t<div class=\"elementor-element elementor-element-63d8eafb elementor-widget elementor-widget-text-editor\" data-id=\"63d8eafb\" data-element_type=\"widget\" data-widget_type=\"text-editor.default\">\n\t\t\t\t<div class=\"elementor-widget-container\">\n\t\t\t\t\t\t\t<p>Agende uma reuni\u00e3o com a nossa equipa de especialistas.<\/p>\t\t\t\t\t\t<\/div>\n\t\t\t\t<\/div>\n\t\t\t\t\t<\/div>\n\t\t<\/div>\n\t\t\t\t<div class=\"elementor-column elementor-col-50 elementor-inner-column elementor-element elementor-element-df783ea\" data-id=\"df783ea\" data-element_type=\"column\">\n\t\t\t<div class=\"elementor-widget-wrap elementor-element-populated\">\n\t\t\t\t\t\t<div class=\"elementor-element elementor-element-456d2910 elementor-align-right elementor-widget elementor-widget-button\" data-id=\"456d2910\" data-element_type=\"widget\" data-widget_type=\"button.default\">\n\t\t\t\t<div class=\"elementor-widget-container\">\n\t\t\t\t\t<div class=\"elementor-button-wrapper\">\n\t\t\t<a class=\"elementor-button elementor-button-link elementor-size-md\" href=\"mailto:info@neomarca.eu\">\n\t\t\t\t\t\t<span class=\"elementor-button-content-wrapper\">\n\t\t\t\t\t\t<span class=\"elementor-button-text\">Agendar Reuni\u00e3o<\/span>\n\t\t<\/span>\n\t\t\t\t\t<\/a>\n\t\t<\/div>\n\t\t\t\t<\/div>\n\t\t\t\t<\/div>\n\t\t\t\t\t<\/div>\n\t\t<\/div>\n\t\t\t\t\t<\/div>\n\t\t<\/section>\n\t\t\t\t<\/div>\n\t\t","protected":false},"excerpt":{"rendered":"<p>As candidaturas \u00e0 2\u00aa edi\u00e7\u00e3o do Aviso N.\u00ba 17\/C16-i02\/2023 do PRR v\u00e3o abrir no dia 30 de novembro. Sabendo que as incubadoras\/aceleradoras t\u00eam um importante papel de elevar o n\u00edvel de sucesso das startups e que cada vez mais as startups assentam no digital os seus modelos, servi\u00e7os e produtos, importa investir no aumento dos&hellip;<\/p>\n","protected":false},"author":3,"featured_media":15252,"comment_status":"closed","ping_status":"open","sticky":false,"template":"","format":"standard","meta":{"_monsterinsights_skip_tracking":false,"_monsterinsights_sitenote_active":false,"_monsterinsights_sitenote_note":"","_monsterinsights_sitenote_category":0,"footnotes":""},"categories":[238],"tags":[349],"class_list":["post-15250","post","type-post","status-publish","format-standard","has-post-thumbnail","hentry","category-noticias","tag-prr"],"acf":[],"_links":{"self":[{"href":"https:\/\/neomarca.pt\/pt\/wp-json\/wp\/v2\/posts\/15250","targetHints":{"allow":["GET"]}}],"collection":[{"href":"https:\/\/neomarca.pt\/pt\/wp-json\/wp\/v2\/posts"}],"about":[{"href":"https:\/\/neomarca.pt\/pt\/wp-json\/wp\/v2\/types\/post"}],"author":[{"embeddable":true,"href":"https:\/\/neomarca.pt\/pt\/wp-json\/wp\/v2\/users\/3"}],"replies":[{"embeddable":true,"href":"https:\/\/neomarca.pt\/pt\/wp-json\/wp\/v2\/comments?post=15250"}],"version-history":[{"count":3,"href":"https:\/\/neomarca.pt\/pt\/wp-json\/wp\/v2\/posts\/15250\/revisions"}],"predecessor-version":[{"id":15269,"href":"https:\/\/neomarca.pt\/pt\/wp-json\/wp\/v2\/posts\/15250\/revisions\/15269"}],"wp:featuredmedia":[{"embeddable":true,"href":"https:\/\/neomarca.pt\/pt\/wp-json\/wp\/v2\/media\/15252"}],"wp:attachment":[{"href":"https:\/\/neomarca.pt\/pt\/wp-json\/wp\/v2\/media?parent=15250"}],"wp:term":[{"taxonomy":"category","embeddable":true,"href":"https:\/\/neomarca.pt\/pt\/wp-json\/wp\/v2\/categories?post=15250"},{"taxonomy":"post_tag","embeddable":true,"href":"https:\/\/neomarca.pt\/pt\/wp-json\/wp\/v2\/tags?post=15250"}],"curies":[{"name":"wp","href":"https:\/\/api.w.org\/{rel}","templated":true}]}}