{"id":15864,"date":"2024-01-02T16:04:46","date_gmt":"2024-01-02T15:04:46","guid":{"rendered":"https:\/\/neomarca.pt\/pt\/?p=15864"},"modified":"2024-01-02T16:04:50","modified_gmt":"2024-01-02T15:04:50","slug":"portugal-2030-candidaturas-contratacao-de-recursos-humanos-altamente-qualificados-norte","status":"publish","type":"post","link":"https:\/\/neomarca.pt\/pt\/candidaturas-abertas\/portugal-2030-candidaturas-contratacao-de-recursos-humanos-altamente-qualificados-norte\/","title":{"rendered":"Portugal 2030: candidaturas Contrata\u00e7\u00e3o de Recursos Humanos Altamente Qualificados &#8211; Norte"},"content":{"rendered":"\t\t<div data-elementor-type=\"wp-post\" data-elementor-id=\"15864\" class=\"elementor elementor-15864\" data-elementor-post-type=\"post\">\n\t\t\t\t\t\t<section class=\"elementor-section elementor-top-section elementor-element elementor-element-d22379d elementor-section-boxed elementor-section-height-default elementor-section-height-default\" data-id=\"d22379d\" data-element_type=\"section\">\n\t\t\t\t\t\t<div class=\"elementor-container elementor-column-gap-default\">\n\t\t\t\t\t<div class=\"elementor-column elementor-col-100 elementor-top-column elementor-element elementor-element-f2ee247\" data-id=\"f2ee247\" data-element_type=\"column\">\n\t\t\t<div class=\"elementor-widget-wrap elementor-element-populated\">\n\t\t\t\t\t\t<div class=\"elementor-element elementor-element-c7e7aa7 elementor-widget elementor-widget-text-editor\" data-id=\"c7e7aa7\" data-element_type=\"widget\" data-widget_type=\"text-editor.default\">\n\t\t\t\t<div class=\"elementor-widget-container\">\n\t\t\t\t\t\t\t<h5>Candidaturas abertas para a Contrata\u00e7\u00e3o de Recursos Humanos Altamente Qualificados (RHAQ), por empresas (micro, pequenas e m\u00e9dias) (PME) da Regi\u00e3o Norte.<\/h5>\n<p>A contrata\u00e7\u00e3o de RHAQ visa a promo\u00e7\u00e3o do emprego, o incremento da propor\u00e7\u00e3o de pessoal altamente qualificado no emprego total (e nas empresas), o aumento de recursos humanos qualificados como forma de densifica\u00e7\u00e3o das intera\u00e7\u00f5es, <br>da colabora\u00e7\u00e3o e da difus\u00e3o do conhecimento pelo Sistema Regional de Inova\u00e7\u00e3o e, ainda, para acelerar a transi\u00e7\u00e3o digital e energ\u00e9tica nas empresas.<\/p>\n<p>Os recursos humanos a contratar devem ter um <b>grau acad\u00e9mico com n\u00edvel de qualifica\u00e7\u00e3o igual ou superior a 6<\/b> (licenciados, mestres, doutorados ou p\u00f3s-doutorados) como forma de aquisi\u00e7\u00e3o de massa cr\u00edtica e de suporte ao desenvolvimento de processos que promovam a inova\u00e7\u00e3o empresarial.<\/p>\n<p><strong>Benefici\u00e1rios<\/strong><\/p>\n<p>S\u00e3o eleg\u00edveis no \u00e2mbito do presente Aviso as contrata\u00e7\u00f5es de RHAQ nas PME cuja estrat\u00e9gia de inova\u00e7\u00e3o est\u00e1 alinhada com a Estrat\u00e9gia de <a href=\"https:\/\/www.ccdr-n.pt\/pagina\/s3-norte-2027\" target=\"_blank\" rel=\"noopener\">Especializa\u00e7\u00e3o Inteligente do Norte &#8211; S3NORTE2027<\/a>.<\/p>\n<p><strong>\u00c1rea Geogr\u00e1fica<\/strong><\/p>\n<p>O Aviso NORTE2030-2023-15 tem aplica\u00e7\u00e3o na <strong>regi\u00e3o Norte.<\/strong> O Aviso NORTE2030-2023-16 tem aplica\u00e7\u00e3o nos <b><a href=\"https:\/\/neomarca.pt\/pt\/dicas\/portugal-2030-quais-sao-os-territorios-de-baixa-densidade\/\" target=\"_blank\" rel=\"noopener\">Territ\u00f3rios de baixa densidade<\/a> da regi\u00e3o Norte.&nbsp;<\/b><\/p>\n<p>A elegibilidade geogr\u00e1fica ser\u00e1 determinada localiza\u00e7\u00e3o do projeto, ou seja, o local onde se localiza o estabelecimento da empresa e no qual ser\u00e3o criados os postos de trabalho presenciais, n\u00e3o remotos.<\/p>\n<p><strong>Taxa de cofinanciamento<\/strong><\/p>\n<p>50% financiamento n\u00e3o reembols\u00e1vel, fundo perdido.<\/p>\n<p><strong>Per\u00edodo de Candidatura<\/strong><\/p>\n<p><span style=\"background-color: rgba(255, 255, 255, 0);\">As candidaturas ocorrem de&nbsp;<\/span><span style=\"background-color: rgba(255, 255, 255, 0);\">30-12-2023<\/span><span style=\"background-color: rgba(255, 255, 255, 0); color: var(--the7-base-color); letter-spacing: var(--the7-base-letter-spacing); text-transform: var(--the7-base-text-transform); word-spacing: normal;\">&nbsp;a<\/span><span style=\"color: var(--the7-base-color); font-family: ; font-size: ; font-style: ; font-variant-ligatures: ; font-variant-caps: ; font-weight: ; letter-spacing: var(--the7-base-letter-spacing); text-decoration-line: ; text-transform: var(--the7-base-text-transform); word-spacing: normal; background-color: rgba(255, 255, 255, 0);\">&nbsp;<\/span><span style=\"color: var(--the7-base-color); font-family: ; font-size: ; font-style: ; font-variant-ligatures: ; font-variant-caps: ; font-weight: ; letter-spacing: var(--the7-base-letter-spacing); text-decoration-line: ; text-transform: var(--the7-base-text-transform); word-spacing: normal; background-color: rgba(255, 255, 255, 0);\">28-03-2024.<\/span><\/p>\n<p><strong><span style=\"background-color: rgba(255, 255, 255, 0); color: var(--the7-base-color); letter-spacing: var(--the7-base-letter-spacing); text-transform: var(--the7-base-text-transform); word-spacing: normal;\">Despesas eleg\u00edveis<\/span><\/strong><\/p>\n<ul>\n<li>Sal\u00e1rio base m\u00ednimo para licenciados e mestrados:&nbsp;<span style=\"background-color: rgba(255, 255, 255, 0); color: var(--the7-base-color); letter-spacing: var(--the7-base-letter-spacing); text-transform: var(--the7-base-text-transform); word-spacing: normal;\">1.543,88\u20ac<\/span><\/li>\n<li>Sal\u00e1rio base m\u00ednimo para doutorados:&nbsp;<span style=\"background-color: rgba(255, 255, 255, 0); color: var(--the7-base-color); letter-spacing: var(--the7-base-letter-spacing); text-transform: var(--the7-base-text-transform); word-spacing: normal;\">1.964,94\u20ac<\/span><\/li>\n<li>Sal\u00e1rio base m\u00e1ximo para&nbsp;<span style=\"background-color: rgba(255, 255, 255, 0); color: var(--the7-base-color); letter-spacing: var(--the7-base-letter-spacing); text-transform: var(--the7-base-text-transform); word-spacing: normal;\">&nbsp;<\/span><span style=\"background-color: rgba(255, 255, 255, 0); color: var(--the7-base-color); letter-spacing: var(--the7-base-letter-spacing); text-transform: var(--the7-base-text-transform); word-spacing: normal;\">licenciados e mestrados:<\/span><span style=\"background-color: rgba(255, 255, 255, 0); color: var(--the7-base-color); letter-spacing: var(--the7-base-letter-spacing); text-transform: var(--the7-base-text-transform); word-spacing: normal;\">&nbsp;2.175,48\u20ac<\/span><\/li>\n<li><span style=\"background-color: rgba(255, 255, 255, 0); color: var(--the7-base-color); letter-spacing: var(--the7-base-letter-spacing); text-transform: var(--the7-base-text-transform); word-spacing: normal;\">Sal\u00e1rio base m\u00e1ximo para doutorados:&nbsp;<\/span>3.400,05\u20ac<\/li>\n<\/ul>\n<p><span style=\"background-color: rgba(255, 255, 255, 0); color: var(--the7-base-color); letter-spacing: var(--the7-base-letter-spacing); text-transform: var(--the7-base-text-transform); word-spacing: normal;\">S\u00e3o eleg\u00edveis os custos salariais com a contrata\u00e7\u00e3o de recursos humanos altamente qualificados, sendo, sem preju\u00edzo do&nbsp;<\/span><span style=\"color: var(--the7-base-color); letter-spacing: var(--the7-base-letter-spacing); text-transform: var(--the7-base-text-transform); word-spacing: normal; background-color: rgba(255, 255, 255, 0);\">previsto na al\u00ednea h) do artigo 111.\u00ba do REITD, estabelecidos limiares m\u00ednimos e m\u00e1ximos de elegibilidade dos mesmos em&nbsp;<\/span><span style=\"background-color: rgba(255, 255, 255, 0); color: var(--the7-base-color); letter-spacing: var(--the7-base-letter-spacing); text-transform: var(--the7-base-text-transform); word-spacing: normal;\">aviso para apresenta\u00e7\u00e3o de candidaturas.&nbsp;Al\u00e9m do sal\u00e1rio base s\u00e3o ainda eleg\u00edveis os respetivos encargos sociais obrigat\u00f3rios, ou seja, despesas com seguran\u00e7a social&nbsp;e seguro de acidentes de trabalho.&nbsp;Considera-se sal\u00e1rio base o conjunto de todas as remunera\u00e7\u00f5es de car\u00e1ter certo e permanente sujeitas a tributa\u00e7\u00e3o fiscal&nbsp;e declaradas para efeitos de prote\u00e7\u00e3o social do trabalhador, considerando-se eleg\u00edveis os subs\u00eddios de f\u00e9rias e de Natal.<\/span><b style=\"background-color: rgba(255, 255, 255, 0); color: var(--the7-base-color); letter-spacing: var(--the7-base-letter-spacing); text-transform: var(--the7-base-text-transform); word-spacing: normal;\">&nbsp;&nbsp;<\/b><\/p>\t\t\t\t\t\t<\/div>\n\t\t\t\t<\/div>\n\t\t\t\t<div class=\"elementor-element elementor-element-488bc3e elementor-widget elementor-widget-spacer\" data-id=\"488bc3e\" data-element_type=\"widget\" data-widget_type=\"spacer.default\">\n\t\t\t\t<div class=\"elementor-widget-container\">\n\t\t\t\t\t<div class=\"elementor-spacer\">\n\t\t\t<div class=\"elementor-spacer-inner\"><\/div>\n\t\t<\/div>\n\t\t\t\t<\/div>\n\t\t\t\t<\/div>\n\t\t\t\t\t<\/div>\n\t\t<\/div>\n\t\t\t\t\t<\/div>\n\t\t<\/section>\n\t\t\t\t<section class=\"elementor-section elementor-inner-section elementor-element elementor-element-5779f9ad elementor-section-boxed elementor-section-height-default elementor-section-height-default\" data-id=\"5779f9ad\" data-element_type=\"section\" data-settings=\"{&quot;background_background&quot;:&quot;classic&quot;}\">\n\t\t\t\t\t\t<div class=\"elementor-container elementor-column-gap-default\">\n\t\t\t\t\t<div class=\"elementor-column elementor-col-50 elementor-inner-column elementor-element elementor-element-7b41e50b\" data-id=\"7b41e50b\" data-element_type=\"column\">\n\t\t\t<div class=\"elementor-widget-wrap elementor-element-populated\">\n\t\t\t\t\t\t<div class=\"elementor-element elementor-element-cfa271b elementor-widget elementor-widget-heading\" data-id=\"cfa271b\" data-element_type=\"widget\" data-widget_type=\"heading.default\">\n\t\t\t\t<div class=\"elementor-widget-container\">\n\t\t\t<h5 class=\"elementor-heading-title elementor-size-default\">Pretende obter mais informa\u00e7\u00f5es?<\/h5>\t\t<\/div>\n\t\t\t\t<\/div>\n\t\t\t\t<div class=\"elementor-element elementor-element-540402d3 elementor-widget elementor-widget-text-editor\" data-id=\"540402d3\" data-element_type=\"widget\" data-widget_type=\"text-editor.default\">\n\t\t\t\t<div class=\"elementor-widget-container\">\n\t\t\t\t\t\t\t<p>Agende uma reuni\u00e3o com a nossa equipa de especialistas.<\/p>\t\t\t\t\t\t<\/div>\n\t\t\t\t<\/div>\n\t\t\t\t\t<\/div>\n\t\t<\/div>\n\t\t\t\t<div class=\"elementor-column elementor-col-50 elementor-inner-column elementor-element elementor-element-6f16e825\" data-id=\"6f16e825\" data-element_type=\"column\">\n\t\t\t<div class=\"elementor-widget-wrap elementor-element-populated\">\n\t\t\t\t\t\t<div class=\"elementor-element elementor-element-bac6af3 elementor-align-right elementor-widget elementor-widget-button\" data-id=\"bac6af3\" data-element_type=\"widget\" data-widget_type=\"button.default\">\n\t\t\t\t<div class=\"elementor-widget-container\">\n\t\t\t\t\t<div class=\"elementor-button-wrapper\">\n\t\t\t<a class=\"elementor-button elementor-button-link elementor-size-md\" href=\"mailto:info@neomarca.eu\">\n\t\t\t\t\t\t<span class=\"elementor-button-content-wrapper\">\n\t\t\t\t\t\t<span class=\"elementor-button-text\">Agendar Reuni\u00e3o<\/span>\n\t\t<\/span>\n\t\t\t\t\t<\/a>\n\t\t<\/div>\n\t\t\t\t<\/div>\n\t\t\t\t<\/div>\n\t\t\t\t\t<\/div>\n\t\t<\/div>\n\t\t\t\t\t<\/div>\n\t\t<\/section>\n\t\t\t\t<\/div>\n\t\t","protected":false},"excerpt":{"rendered":"<p>Candidaturas abertas para a Contrata\u00e7\u00e3o de Recursos Humanos Altamente Qualificados (RHAQ), por empresas (micro, pequenas e m\u00e9dias) (PME) da Regi\u00e3o Norte. A contrata\u00e7\u00e3o de RHAQ visa a promo\u00e7\u00e3o do emprego, o incremento da propor\u00e7\u00e3o de pessoal altamente qualificado no emprego total (e nas empresas), o aumento de recursos humanos qualificados como forma de densifica\u00e7\u00e3o das&hellip;<\/p>\n","protected":false},"author":3,"featured_media":15869,"comment_status":"closed","ping_status":"open","sticky":false,"template":"","format":"standard","meta":{"_monsterinsights_skip_tracking":false,"_monsterinsights_sitenote_active":false,"_monsterinsights_sitenote_note":"","_monsterinsights_sitenote_category":0,"footnotes":""},"categories":[363],"tags":[346],"class_list":["post-15864","post","type-post","status-publish","format-standard","has-post-thumbnail","hentry","category-candidaturas-abertas","tag-portugal-2030"],"acf":[],"_links":{"self":[{"href":"https:\/\/neomarca.pt\/pt\/wp-json\/wp\/v2\/posts\/15864","targetHints":{"allow":["GET"]}}],"collection":[{"href":"https:\/\/neomarca.pt\/pt\/wp-json\/wp\/v2\/posts"}],"about":[{"href":"https:\/\/neomarca.pt\/pt\/wp-json\/wp\/v2\/types\/post"}],"author":[{"embeddable":true,"href":"https:\/\/neomarca.pt\/pt\/wp-json\/wp\/v2\/users\/3"}],"replies":[{"embeddable":true,"href":"https:\/\/neomarca.pt\/pt\/wp-json\/wp\/v2\/comments?post=15864"}],"version-history":[{"count":3,"href":"https:\/\/neomarca.pt\/pt\/wp-json\/wp\/v2\/posts\/15864\/revisions"}],"predecessor-version":[{"id":15868,"href":"https:\/\/neomarca.pt\/pt\/wp-json\/wp\/v2\/posts\/15864\/revisions\/15868"}],"wp:featuredmedia":[{"embeddable":true,"href":"https:\/\/neomarca.pt\/pt\/wp-json\/wp\/v2\/media\/15869"}],"wp:attachment":[{"href":"https:\/\/neomarca.pt\/pt\/wp-json\/wp\/v2\/media?parent=15864"}],"wp:term":[{"taxonomy":"category","embeddable":true,"href":"https:\/\/neomarca.pt\/pt\/wp-json\/wp\/v2\/categories?post=15864"},{"taxonomy":"post_tag","embeddable":true,"href":"https:\/\/neomarca.pt\/pt\/wp-json\/wp\/v2\/tags?post=15864"}],"curies":[{"name":"wp","href":"https:\/\/api.w.org\/{rel}","templated":true}]}}