{"id":16340,"date":"2024-06-28T17:51:50","date_gmt":"2024-06-28T16:51:50","guid":{"rendered":"https:\/\/neomarca.pt\/pt\/?p=16340"},"modified":"2025-10-06T15:47:35","modified_gmt":"2025-10-06T14:47:35","slug":"candidaturas-abertas-internacionalizacao","status":"publish","type":"post","link":"https:\/\/neomarca.pt\/pt\/noticias\/candidaturas-abertas-internacionalizacao\/","title":{"rendered":"Portugal 2030: candidaturas abertas Internacionaliza\u00e7\u00e3o &#8211; opera\u00e7\u00f5es individuais"},"content":{"rendered":"<h5>Est\u00e1 aberto o Aviso <a href=\"https:\/\/www.compete2030.gov.pt\/avisos\/sice-internacionalizacao-das-pme-operacoes-individuais\/\" target=\"_blank\" rel=\"noopener\">MPr-2024-7<\/a> para opera\u00e7\u00f5es individuais promovidas por PME, de capacita\u00e7\u00e3o empresarial que visem a internacionaliza\u00e7\u00e3o dos modelos de neg\u00f3cio.<\/h5>\n<p>S\u00e3o suscet\u00edveis de apoio as opera\u00e7\u00f5es de internacionaliza\u00e7\u00e3o dos modelos de neg\u00f3cio das PME que visem a ado\u00e7\u00e3o de estrat\u00e9gias de neg\u00f3cio mais avan\u00e7adas e que aumentem a capacidade de integra\u00e7\u00e3o em cadeias de valor globais, atrav\u00e9s de a\u00e7\u00f5es no dom\u00ednio de:<\/p>\n<ul>\n<li>a) Conhecimento, prospe\u00e7\u00e3o e presen\u00e7a em mercados externos;<\/li>\n<li>b) Marketing internacional;<\/li>\n<li>c) Presen\u00e7a online e e-commerce;<\/li>\n<li>d) Cria\u00e7\u00e3o e promo\u00e7\u00e3o internacional de marcas;<\/li>\n<li>e) Inova\u00e7\u00e3o organizacional relacionada com as pr\u00e1ticas comerciais ou rela\u00e7\u00f5es externas;<\/li>\n<li>f) Qualidade e certifica\u00e7\u00e3o espec\u00edfica para os mercados externos.<\/li>\n<\/ul>\n<p><strong>Benefici\u00e1rios<\/strong><\/p>\n<p>Micro, pequenas e m\u00e9dias empresas (PME), de qualquer natureza e sob qualquer forma jur\u00eddica, com contabilidade organizada, que cumpram os requisitos de elegibilidade previstos no artigo 14.\u00ba do <a href=\"https:\/\/diariodarepublica.pt\/dr\/detalhe\/decreto-lei\/20-a-2023-210543862\" target=\"_blank\" rel=\"noopener\">Decreto-Lei n.\u00ba 20-A\/2023<\/a>, de 22 de mar\u00e7o.<\/p>\n<p><strong>\u00c1rea Geogr\u00e1fica<\/strong><\/p>\n<p>Regi\u00f5es NUTS II do Continente (Norte, Centro, Lisboa, Alentejo e Algarve).<\/p>\n<p><strong>Taxas de Cofinanciamento<\/strong><\/p>\n<p>A taxa de financiamento das opera\u00e7\u00f5es eleg\u00edveis \u00e9 obtida atrav\u00e9s da aplica\u00e7\u00e3o \u00e0s despesas consideradas eleg\u00edveis de uma taxa de 40%.<\/p>\n<p><strong>Per\u00edodo de candidaturas<\/strong><\/p>\n<p>O per\u00edodo de candidaturas inicia-se a 28\/06\/2024, sendo a an\u00e1lise e decis\u00e3o efetuada de acordo com as seguintes fases:<\/p>\n<p><strong>Fase 1:<\/strong> conclus\u00e3o a 30\/09\/2024 (17 horas)<br \/><strong>Fase 2:<\/strong> conclus\u00e3o a 30\/12\/2024 (17 horas)<\/p>\n<p><strong>Condi\u00e7\u00f5es espec\u00edficas dos Avisos:<\/strong><\/p>\n<p>\t\t\t\t\t\t\t\t\t\t\t\t<a tabindex=\"0\">Condi\u00e7\u00f5es de elegibilidade<\/a><\/p>\n<p>Condi\u00e7\u00f5es espec\u00edficas ou normas t\u00e9cnicas a observar pelos benefici\u00e1rios e\/ou pelas opera\u00e7\u00f5es:<\/p>\n<ol>\n<li>Registar no ano pr\u00e9-projeto, um escal\u00e3o de exporta\u00e7\u00e3o individual (volume de neg\u00f3cios internacional) <strong>superior a <\/strong><strong>200 mil euros<\/strong>;<\/li>\n<li>Contribuir para as finalidades e objetivos do presente Aviso;<\/li>\n<li>Demonstrar dispor de fontes de financiamento par assegurar a realiza\u00e7\u00e3o da opera\u00e7\u00e3o;<\/li>\n<li>N\u00e3o incluir as mesmas a\u00e7\u00f5es em projetos conjuntos e em projetos individuais.<\/li>\n<li>O incentivo m\u00e1ximo a conceder por opera\u00e7\u00e3o \u00e9 de 315 mil euros, com exce\u00e7\u00e3o dos investimentos com localiza\u00e7\u00e3o na NUTS II do Algarve.<\/li>\n<li>N\u00e3o s\u00e3o eleg\u00edveis despesas realizadas em data anterior \u00e0 data da candidatura, incluindo os estudos de viabilidade.<\/li>\n<\/ol>\n<p>\u00a0<\/p>\n<p>\t\t\t\t\t\t\t\t\t\t\t\t<a tabindex=\"0\">Despesas eleg\u00edveis<\/a><\/p>\n<p>No \u00e2mbito do presente Aviso de concurso, s\u00e3o eleg\u00edveis os seguintes custos, desde que diretamente relacionados com o desenvolvimento da opera\u00e7\u00e3o:<\/p>\n<ol>\n<li>Custos salariais com a contrata\u00e7\u00e3o de recursos humanos qualificados, incluindo o sal\u00e1rio base e encargos sociais obrigat\u00f3rios por parte da entidade patronal, n\u00e3o sendo aceites ajudas de custo;<\/li>\n<li>Custos incorridos com a participa\u00e7\u00e3o em feiras e exposi\u00e7\u00f5es no exterior, incluindo o aluguer do espa\u00e7o, a constru\u00e7\u00e3o e o funcionamento do stand;<\/li>\n<li>Custos dos servi\u00e7os de consultoria especializados, que n\u00e3o constituam uma atividade cont\u00ednua nem peri\u00f3dica, nem estejam relacionados com o normal funcionamento dos benefici\u00e1rios, incluindo despesas com a interven\u00e7\u00e3o de contabilistas certificados ou revisores oficiais de contas, na valida\u00e7\u00e3o da despesa dos pedidos de pagamento, custos associados \u00e0 certifica\u00e7\u00e3o de produtos, processos ou servi\u00e7os, custos de conce\u00e7\u00e3o e registo de novas marcas, custos associados \u00e0 domicilia\u00e7\u00e3o e subscri\u00e7\u00e3o de aplica\u00e7\u00f5es, ades\u00e3o a plataformas eletr\u00f3nicas ou inclus\u00e3o em diret\u00f3rios e motores de busca;<\/li>\n<li>Outros custos de servi\u00e7os de consultoria especializados, incluindo despesas orientadas para a incorpora\u00e7\u00e3o nas empresas dos princ\u00edpios do ESG (Environmental, Social and Governance) com vista \u00e0 ado\u00e7\u00e3o de pr\u00e1ticas ambientais, sociais e de governa\u00e7\u00e3o corporativa, incluindo, nomeadamente, servi\u00e7os relacionados com processos de auditoria e obten\u00e7\u00e3o de certifica\u00e7\u00f5es de sistemas, servi\u00e7os e produtos na \u00e1rea do ambiente, como sejam obten\u00e7\u00e3o do R\u00f3tulo Ecol\u00f3gico e sistema de ecogest\u00e3o e auditoria (EMAS);<\/li>\n<li>Outras despesas relacionadas com a promo\u00e7\u00e3o da internacionaliza\u00e7\u00e3o, incluindo a prospe\u00e7\u00e3o e capta\u00e7\u00e3o de novos clientes e a\u00e7\u00f5es de promo\u00e7\u00e3o realizadas em mercados externos.<\/li>\n<\/ol>\n<p>\t\t\t\t\t\t\t\t\t\t\t\t<a tabindex=\"0\">Regras de elegibilidade de despesa<\/a><\/p>\n<ol>\n<li>As opera\u00e7\u00f5es suscet\u00edveis de apoio devem apresentar um m\u00ednimo de despesa eleg\u00edvel total de <strong>200.000 euros.<\/strong><\/li>\n<li>Apenas se considera eleg\u00edvel, a contrata\u00e7\u00e3o a<strong>t\u00e9 2 novos recursos humanos qualificados<\/strong> (com n\u00edvel de qualifica\u00e7\u00e3o igual ou superior a 6) com compet\u00eancias espec\u00edficas nas atividades de inova\u00e7\u00e3o da candidatura, estabelecendo-se como limite m\u00e1ximo o valor de <strong>2.250 euros para o sal\u00e1rio base mensal.<\/strong><\/li>\n<li>Os custos com a interven\u00e7\u00e3o de contabilistas certificados ou revisores oficiais de contas, na valida\u00e7\u00e3o da despesa dos pedidos de pagamento n\u00e3o podem exceder <strong>5.000 euros.<\/strong><\/li>\n<li>N\u00e3o s\u00e3o eleg\u00edveis as despesas previstas na al\u00ednea a) e f) do artigo 35.\u00ba do REITD.<\/li>\n<li>As despesas com a\u00e7\u00f5es de prospe\u00e7\u00e3o\/promo\u00e7\u00e3o s\u00f3 poder\u00e3o ser consideradas eleg\u00edveis desde que sustentadas no \u00e2mbito da opera\u00e7\u00e3o e se se destinarem \u00e0 capta\u00e7\u00e3o de novos clientes, sendo obrigat\u00f3ria a descri\u00e7\u00e3o de cada a\u00e7\u00e3o, bem como a previs\u00e3o dos resultados a alcan\u00e7ar em termos de volume de neg\u00f3cios e\/ou capta\u00e7\u00e3o de novos clientes e sujeitas ao seguinte limite: <strong>4 (quatro) a\u00e7\u00f5es de prospe\u00e7\u00e3o por mercado (pa\u00eds) e por ano<\/strong>, incluindo as visitas de prospe\u00e7\u00e3o a feiras internacionais no estrangeiro (sem espa\u00e7o de exposi\u00e7\u00e3o).<\/li>\n<li>Para efeitos do apuramento da despesa eleg\u00edvel associada a desloca\u00e7\u00f5es no \u00e2mbito da participa\u00e7\u00e3o em feiras e exposi\u00e7\u00f5es, prevista na al\u00ednea c) do n.\u00ba 1 do artigo 35.\u00ba do REITD, e a a\u00e7\u00f5es de prospe\u00e7\u00e3o, capta\u00e7\u00e3o de novos clientes e de promo\u00e7\u00e3o (incluindo miss\u00f5es inversas), previstas na al\u00ednea g) do n.\u00ba 1 do artigo 35.\u00ba do REITD, \u00e9 aplicada a Metodologia de Custos Simplificados constante do Anexo ao presente Aviso, tendo em conta a dist\u00e2ncia percorrida, calculada entre o local de origem e o local de realiza\u00e7\u00e3o de cada a\u00e7\u00e3o.<\/li>\n<li>Relativamente \u00e0 contrata\u00e7\u00e3o de servi\u00e7os relacionados com o alojamento, \u00e9 aplicado o limite de <strong>300\u20ac por noite<\/strong> de realiza\u00e7\u00e3o de cada a\u00e7\u00e3o, sendo que, no caso da participa\u00e7\u00e3o em feiras podem ser considerados <strong>at\u00e9 mais 3 dias (2 noites)<\/strong> para al\u00e9m dos dias em que se realiza a feira.<\/li>\n<li>No que se refere \u00e0 utiliza\u00e7\u00e3o de <strong>ferramentas web (canais digitais)<\/strong>, s\u00e3o consideradas eleg\u00edveis as despesas relacionadas com a aquisi\u00e7\u00e3o de servi\u00e7os a terceiros, que envolvam:<br \/>i. Desenho e implementa\u00e7\u00e3o de estrat\u00e9gias aplicadas a canais digitais para gest\u00e3o de mercados, canais, produtos ou segmentos de cliente;<br \/>ii. User-Centered Design (UX): desenho, implementa\u00e7\u00e3o e otimiza\u00e7\u00e3o de estrat\u00e9gias digitais centradas na experi\u00eancia do cliente que maximizem a respetiva atra\u00e7\u00e3o, intera\u00e7\u00e3o e convers\u00e3o;<br \/>iii. Desenho, implementa\u00e7\u00e3o, otimiza\u00e7\u00e3o de plataformas de Web Content Management (WCM), Campaign Management, Customer Relationship Management e E-Commerce;<br \/>iv. Cria\u00e7\u00e3o de lojas pr\u00f3prias online, inscri\u00e7\u00e3o e otimiza\u00e7\u00e3o da presen\u00e7a em marketplaces eletr\u00f3nicos; v. Search Engine Optimization (SEO) e Search Engine Advertising (SEA): melhoria da presen\u00e7a e ranking dos s\u00edtios de com\u00e9rcio eletr\u00f3nico nos resultados da pesquisa, em motores de busca, por palavras-chave relevantes para a notoriedade e tr\u00e1fego de cada s\u00edtio;<br \/>vi. Social Media Marketing: Desenho, implementa\u00e7\u00e3o e otimiza\u00e7\u00e3o da presen\u00e7a e intera\u00e7\u00e3o com clientes via redes sociais;<br \/>vii. Content Marketing: cria\u00e7\u00e3o e distribui\u00e7\u00e3o de conte\u00fados digitais (texto curto, texto longo, imagens, anima\u00e7\u00f5es ou v\u00eddeos) dirigidos a captar a aten\u00e7\u00e3o e atrair os clientesalvo para as ofertas comercializadas pela empresa;<br \/>viii. Display Advertising: coloca\u00e7\u00e3o de an\u00fancios \u00e0 oferta da empresa em s\u00edtios de terceiros, incluindo p\u00e1ginas de resultados de motor de busca;<br \/>ix. Mobile Marketing: tradu\u00e7\u00e3o das estrat\u00e9gias inscritas nos pontos anteriores para visualiza\u00e7\u00e3o e intera\u00e7\u00e3o de clientes em dispositivos m\u00f3veis, nomeadamente smartphones e tablets;<br \/>x. Web Analytics: recolha, tratamento, an\u00e1lise e visualiza\u00e7\u00e3o de grandes volumes de dados gerados a partir da navega\u00e7\u00e3o e intera\u00e7\u00e3o de clientes em ambiente digital por forma a identificar padr\u00f5es, correla\u00e7\u00f5es e conhecimento relevante que robuste\u00e7am os processos de gest\u00e3o e tomada de decis\u00e3o.<\/li>\n<\/ol>\n<h5>Preencha o formul\u00e1rio para mais informa\u00e7\u00f5es:<\/h5>\n","protected":false},"excerpt":{"rendered":"<p>Est\u00e1 aberto o Aviso MPr-2024-7 para opera\u00e7\u00f5es individuais promovidas por PME, de capacita\u00e7\u00e3o empresarial que visem a internacionaliza\u00e7\u00e3o dos modelos de neg\u00f3cio. S\u00e3o suscet\u00edveis de apoio as opera\u00e7\u00f5es de internacionaliza\u00e7\u00e3o dos modelos de neg\u00f3cio das PME que visem a ado\u00e7\u00e3o de estrat\u00e9gias de neg\u00f3cio mais avan\u00e7adas e que aumentem a capacidade de integra\u00e7\u00e3o em cadeias&hellip;<\/p>\n","protected":false},"author":5,"featured_media":16346,"comment_status":"closed","ping_status":"open","sticky":false,"template":"","format":"standard","meta":{"_monsterinsights_skip_tracking":false,"_monsterinsights_sitenote_active":false,"_monsterinsights_sitenote_note":"","_monsterinsights_sitenote_category":0,"footnotes":""},"categories":[363,238],"tags":[346],"class_list":["post-16340","post","type-post","status-publish","format-standard","has-post-thumbnail","hentry","category-candidaturas-abertas","category-noticias","tag-portugal-2030","category-363","category-238","description-off"],"acf":[],"_links":{"self":[{"href":"https:\/\/neomarca.pt\/pt\/wp-json\/wp\/v2\/posts\/16340","targetHints":{"allow":["GET"]}}],"collection":[{"href":"https:\/\/neomarca.pt\/pt\/wp-json\/wp\/v2\/posts"}],"about":[{"href":"https:\/\/neomarca.pt\/pt\/wp-json\/wp\/v2\/types\/post"}],"author":[{"embeddable":true,"href":"https:\/\/neomarca.pt\/pt\/wp-json\/wp\/v2\/users\/5"}],"replies":[{"embeddable":true,"href":"https:\/\/neomarca.pt\/pt\/wp-json\/wp\/v2\/comments?post=16340"}],"version-history":[{"count":3,"href":"https:\/\/neomarca.pt\/pt\/wp-json\/wp\/v2\/posts\/16340\/revisions"}],"predecessor-version":[{"id":16350,"href":"https:\/\/neomarca.pt\/pt\/wp-json\/wp\/v2\/posts\/16340\/revisions\/16350"}],"wp:featuredmedia":[{"embeddable":true,"href":"https:\/\/neomarca.pt\/pt\/wp-json\/wp\/v2\/media\/16346"}],"wp:attachment":[{"href":"https:\/\/neomarca.pt\/pt\/wp-json\/wp\/v2\/media?parent=16340"}],"wp:term":[{"taxonomy":"category","embeddable":true,"href":"https:\/\/neomarca.pt\/pt\/wp-json\/wp\/v2\/categories?post=16340"},{"taxonomy":"post_tag","embeddable":true,"href":"https:\/\/neomarca.pt\/pt\/wp-json\/wp\/v2\/tags?post=16340"}],"curies":[{"name":"wp","href":"https:\/\/api.w.org\/{rel}","templated":true}]}}