{"id":16352,"date":"2024-08-01T15:20:06","date_gmt":"2024-08-01T14:20:06","guid":{"rendered":"https:\/\/neomarca.pt\/pt\/?p=16352"},"modified":"2024-10-10T15:12:21","modified_gmt":"2024-10-10T14:12:21","slug":"acreditacao-de-empresas-fornecedoras-de-servicos-de-transicao-digital","status":"publish","type":"post","link":"https:\/\/neomarca.pt\/pt\/noticias\/acreditacao-de-empresas-fornecedoras-de-servicos-de-transicao-digital\/","title":{"rendered":"Candidaturas abertas para acredita\u00e7\u00e3o de Empresas Fornecedoras de Servi\u00e7os Transi\u00e7\u00e3o Digital"},"content":{"rendered":"\t\t<div data-elementor-type=\"wp-post\" data-elementor-id=\"16352\" class=\"elementor elementor-16352\" data-elementor-post-type=\"post\">\n\t\t\t\t\t\t<section class=\"elementor-section elementor-top-section elementor-element elementor-element-c719e51 elementor-section-boxed elementor-section-height-default elementor-section-height-default\" data-id=\"c719e51\" data-element_type=\"section\">\n\t\t\t\t\t\t<div class=\"elementor-container elementor-column-gap-default\">\n\t\t\t\t\t<div class=\"elementor-column elementor-col-100 elementor-top-column elementor-element elementor-element-bc42131\" data-id=\"bc42131\" data-element_type=\"column\">\n\t\t\t<div class=\"elementor-widget-wrap elementor-element-populated\">\n\t\t\t\t\t\t<div class=\"elementor-element elementor-element-d8a24aa elementor-widget elementor-widget-text-editor\" data-id=\"d8a24aa\" data-element_type=\"widget\" data-widget_type=\"text-editor.default\">\n\t\t\t\t<div class=\"elementor-widget-container\">\n\t\t\t\t\t\t\t<h5>Encontra-se aberto o Aviso para Acredita\u00e7\u00e3o de Empresas Fornecedoras de Servi\u00e7os no Cat\u00e1logo de Servi\u00e7os de Transi\u00e7\u00e3o Digital, no \u00e2mbito da Componente 16 \u2013 Empresas 4.0.<\/h5><p>Este Aviso <a href=\"https:\/\/recuperarportugal.gov.pt\/candidatura\/13-acreditacao-de-empresas-fornecedoras-de-servicos-para-a-disponibilizacao-no-catalogo-de-servicos-de-transicao-digital-aviso-de-abertura-de-concurso-n-o-13-c16-i02-2023-2-2\/\" target=\"_blank\" rel=\"noopener\">N.\u00ba 18\/C16-i02\/2024<\/a> tem como objetivo efetuar a Acredita\u00e7\u00e3o de Fornecedores para prestarem servi\u00e7os, a constar no Cat\u00e1logo de Servi\u00e7os de Transi\u00e7\u00e3o Digital, no \u00e2mbito do Coaching 4.0.<\/p><p>As entidades eleg\u00edveis, definidas no ponto 5 deste Aviso, para integrarem o Cat\u00e1logo devem apresentar candidaturas onde constem as suas propostas comerciais de pacotes de servi\u00e7os que o Cat\u00e1logo disponibilizar\u00e1 \u00e0s empresas apoiadas atrav\u00e9s do sistema de incentivos \u201cApoio a Modelos de Neg\u00f3cios para a Transi\u00e7\u00e3o Digital (Coaching 4.0)\u201d.<\/p><p>Os fornecedores candidatos \u00e0 acredita\u00e7\u00e3o devem apresentar propostas de servi\u00e7os em pelo menos uma das seguintes \u00e1reas:<\/p><ul><li>Rela\u00e7\u00e3o com o Cliente;<\/li><li>ERP, Processos e Automatiza\u00e7\u00e3o;<\/li><li>Seguran\u00e7a nos neg\u00f3cios;<\/li><li>Data e Business Intelligence;<\/li><li>Suply Chain Management;<\/li><li>Tecnologias Avan\u00e7adas;<\/li><li>Ind\u00fastria 4.0;<\/li><li>Building Information Modeling;<\/li><\/ul><p>As propostas comerciais devem apresentar os servi\u00e7os ou pacotes de servi\u00e7os de transi\u00e7\u00e3o digital, sendo que para efeito de elegibilidade os candidatos devem apresentar servi\u00e7os ou pacotes de servi\u00e7os no valor de 10.000 euros, sem possibilidade de altera\u00e7\u00e3o das suas caracter\u00edsticas no decurso da execu\u00e7\u00e3o dos servi\u00e7os e podendo conjugar as v\u00e1rias \u00e1reas de servi\u00e7os (e.g. ERP, Processos e Automatiza\u00e7\u00e3o com a Rela\u00e7\u00e3o com o cliente, etc.).<\/p><p>O sistema de incentivos pelo qual ser\u00e1 abrangida esta Acredita\u00e7\u00e3o consistir\u00e1 na atribui\u00e7\u00e3o de um voucher de valor fixo correspondente a 10.000 euros por empresa benefici\u00e1ria, prevendo-se alcan\u00e7ar 4.000 empresas.<\/p><p><strong>Per\u00edodo de candidaturas<\/strong><\/p><p>O prazo para a apresenta\u00e7\u00e3o das candidaturas, decorre at\u00e9 ao dia 19 de setembro de 2024.<\/p><p><strong>Condi\u00e7\u00f5es espec\u00edficas dos Avisos:<\/strong><\/p>\t\t\t\t\t\t<\/div>\n\t\t\t\t<\/div>\n\t\t\t\t<div class=\"elementor-element elementor-element-1e3f6e5 elementor-widget elementor-widget-accordion\" data-id=\"1e3f6e5\" data-element_type=\"widget\" data-widget_type=\"accordion.default\">\n\t\t\t\t<div class=\"elementor-widget-container\">\n\t\t\t\t\t<div class=\"elementor-accordion\">\n\t\t\t\t\t\t\t<div class=\"elementor-accordion-item\">\n\t\t\t\t\t<div id=\"elementor-tab-title-3171\" class=\"elementor-tab-title\" data-tab=\"1\" role=\"button\" aria-controls=\"elementor-tab-content-3171\" aria-expanded=\"false\">\n\t\t\t\t\t\t\t\t\t\t\t\t\t<span class=\"elementor-accordion-icon elementor-accordion-icon-left\" aria-hidden=\"true\">\n\t\t\t\t\t\t\t\t\t\t\t\t\t\t\t<span class=\"elementor-accordion-icon-closed\"><i class=\"fas fa-plus\"><\/i><\/span>\n\t\t\t\t\t\t\t\t<span class=\"elementor-accordion-icon-opened\"><i class=\"fas fa-minus\"><\/i><\/span>\n\t\t\t\t\t\t\t\t\t\t\t\t\t\t<\/span>\n\t\t\t\t\t\t\t\t\t\t\t\t<a class=\"elementor-accordion-title\" tabindex=\"0\">Condi\u00e7\u00f5es de elegibilidade<\/a>\n\t\t\t\t\t<\/div>\n\t\t\t\t\t<div id=\"elementor-tab-content-3171\" class=\"elementor-tab-content elementor-clearfix\" data-tab=\"1\" role=\"region\" aria-labelledby=\"elementor-tab-title-3171\"><p>S\u00e3o eleg\u00edveis no \u00e2mbito do presente aviso as sociedades comerciais que cumpram, cumulativamente, os seguintes requisitos:<\/p><ul><li>Estarem legalmente constitu\u00eddas;<\/li><li>Terem a situa\u00e7\u00e3o tribut\u00e1ria e contributiva regularizada perante, respetivamente, a administra\u00e7\u00e3o fiscal e a seguran\u00e7a social;<\/li><li>Disporem de contabilidade organizada nos termos da legisla\u00e7\u00e3o aplic\u00e1vel;<\/li><li>Terem um volume m\u00e9dio de neg\u00f3cios igual ou superior a 250.000 euros nos \u00faltimos tr\u00eas anos econ\u00f3micos, atestando esse dado com a apresenta\u00e7\u00e3o da Declara\u00e7\u00e3o IES;<\/li><li>Desenvolverem uma atividade econ\u00f3mica principal ou secund\u00e1ria, no \u00e2mbito de um dos seguintes CAE:<br \/>o 61 \u2013 Telecomunica\u00e7\u00f5es;<br \/>o 62 \u2013 Consultoria e programa\u00e7\u00e3o inform\u00e1tica e atividades relacionadas;<br \/>o 63 \u2013 Atividades dos servi\u00e7os de informa\u00e7\u00e3o;<\/li><li>Terem experi\u00eancia comprov\u00e1vel de 3 anos de atividade em, pelo menos, um dos CAE anteriormente referidos;<\/li><li>Deterem um quadro de pessoal composto por pelo menos 3 recursos humanos (n\u00e3o incluindo estagi\u00e1rios, trabalhadores independentes, aven\u00e7as, consultores externos e s\u00f3cios-gerentes n\u00e3o remunerados), comprovado atrav\u00e9s dos extratos de remunera\u00e7\u00f5es da Seguran\u00e7a Social de dezembro de 2023 e do m\u00eas anterior \u00e0 data da candidatura;<\/li><li>Terem a situa\u00e7\u00e3o regularizada em mat\u00e9ria de exerc\u00edcio de atividade no territ\u00f3rio abrangido pela tipologia das opera\u00e7\u00f5es e investimentos a que se candidatam, incluindo o cumprimento da legisla\u00e7\u00e3o ambiental aplic\u00e1vel a n\u00edvel da UE e nacional.<\/li><li>Possu\u00edrem, ou poderem assegurar at\u00e9 \u00e0 aprova\u00e7\u00e3o da candidatura, os meios t\u00e9cnicos, f\u00edsicos e financeiros e os recursos humanos necess\u00e1rios ao desenvolvimento da opera\u00e7\u00e3o;<\/li><li>Terem a situa\u00e7\u00e3o regularizada em mat\u00e9ria de reposi\u00e7\u00f5es, no \u00e2mbito de financiamentos dos FEEI;<\/li><li>Declararem e comprovarem que n\u00e3o configuram uma \u201cEmpresa em dificuldade\u201d, tal como definida pelas Orienta\u00e7\u00f5es relativas aos aux\u00edlios estatais de emerg\u00eancia e \u00e0 reestrutura\u00e7\u00e3o a empresas em dificuldade.<\/li><li>Declararem n\u00e3o se tratar de empresas sujeitas a uma injun\u00e7\u00e3o de recupera\u00e7\u00e3o, ainda pendente, na sequ\u00eancia de uma decis\u00e3o anterior da Comiss\u00e3o Europeia que declara um aux\u00edlio ilegal e incompat\u00edvel com o mercado interno, conforme previsto;<\/li><\/ul><p>\u00a0<\/p><\/div>\n\t\t\t\t<\/div>\n\t\t\t\t\t\t\t\t<\/div>\n\t\t\t\t<\/div>\n\t\t\t\t<\/div>\n\t\t\t\t<div class=\"elementor-element elementor-element-225d726 elementor-widget elementor-widget-spacer\" data-id=\"225d726\" data-element_type=\"widget\" data-widget_type=\"spacer.default\">\n\t\t\t\t<div class=\"elementor-widget-container\">\n\t\t\t\t\t<div class=\"elementor-spacer\">\n\t\t\t<div class=\"elementor-spacer-inner\"><\/div>\n\t\t<\/div>\n\t\t\t\t<\/div>\n\t\t\t\t<\/div>\n\t\t\t\t\t<\/div>\n\t\t<\/div>\n\t\t\t\t\t<\/div>\n\t\t<\/section>\n\t\t\t\t<section class=\"elementor-section elementor-top-section elementor-element elementor-element-df12bf7 elementor-section-boxed elementor-section-height-default elementor-section-height-default\" data-id=\"df12bf7\" data-element_type=\"section\">\n\t\t\t\t\t\t<div class=\"elementor-container elementor-column-gap-default\">\n\t\t\t\t\t<div class=\"elementor-column elementor-col-100 elementor-top-column elementor-element elementor-element-80dcb9b\" data-id=\"80dcb9b\" data-element_type=\"column\">\n\t\t\t<div class=\"elementor-widget-wrap elementor-element-populated\">\n\t\t\t\t\t\t<section class=\"elementor-section elementor-inner-section elementor-element elementor-element-5f54611 elementor-section-boxed elementor-section-height-default elementor-section-height-default\" data-id=\"5f54611\" data-element_type=\"section\" data-settings=\"{&quot;background_background&quot;:&quot;classic&quot;}\">\n\t\t\t\t\t\t<div class=\"elementor-container elementor-column-gap-default\">\n\t\t\t\t\t<div class=\"elementor-column elementor-col-50 elementor-inner-column elementor-element elementor-element-2f2dfaf\" data-id=\"2f2dfaf\" data-element_type=\"column\">\n\t\t\t<div class=\"elementor-widget-wrap elementor-element-populated\">\n\t\t\t\t\t\t<div class=\"elementor-element elementor-element-f7cc6b0 elementor-widget elementor-widget-heading\" data-id=\"f7cc6b0\" data-element_type=\"widget\" data-widget_type=\"heading.default\">\n\t\t\t\t<div class=\"elementor-widget-container\">\n\t\t\t<h5 class=\"elementor-heading-title elementor-size-default\">Pretende obter mais informa\u00e7\u00f5es?<\/h5>\t\t<\/div>\n\t\t\t\t<\/div>\n\t\t\t\t<div class=\"elementor-element elementor-element-c53cfc3 elementor-widget elementor-widget-text-editor\" data-id=\"c53cfc3\" data-element_type=\"widget\" data-widget_type=\"text-editor.default\">\n\t\t\t\t<div class=\"elementor-widget-container\">\n\t\t\t\t\t\t\t<p>Agende uma reuni\u00e3o com a nossa equipa de especialistas.<\/p>\t\t\t\t\t\t<\/div>\n\t\t\t\t<\/div>\n\t\t\t\t\t<\/div>\n\t\t<\/div>\n\t\t\t\t<div class=\"elementor-column elementor-col-50 elementor-inner-column elementor-element elementor-element-df9d87d\" data-id=\"df9d87d\" data-element_type=\"column\">\n\t\t\t<div class=\"elementor-widget-wrap elementor-element-populated\">\n\t\t\t\t\t\t<div class=\"elementor-element elementor-element-f3cdefd elementor-align-right elementor-mobile-align-left elementor-widget elementor-widget-button\" data-id=\"f3cdefd\" data-element_type=\"widget\" data-widget_type=\"button.default\">\n\t\t\t\t<div class=\"elementor-widget-container\">\n\t\t\t\t\t<div class=\"elementor-button-wrapper\">\n\t\t\t<a class=\"elementor-button elementor-button-link elementor-size-md\" href=\"mailto:info@neomarca.eu\">\n\t\t\t\t\t\t<span class=\"elementor-button-content-wrapper\">\n\t\t\t\t\t\t<span class=\"elementor-button-text\">Agendar Reuni\u00e3o<\/span>\n\t\t<\/span>\n\t\t\t\t\t<\/a>\n\t\t<\/div>\n\t\t\t\t<\/div>\n\t\t\t\t<\/div>\n\t\t\t\t\t<\/div>\n\t\t<\/div>\n\t\t\t\t\t<\/div>\n\t\t<\/section>\n\t\t\t\t\t<\/div>\n\t\t<\/div>\n\t\t\t\t\t<\/div>\n\t\t<\/section>\n\t\t\t\t<section class=\"elementor-section elementor-top-section elementor-element elementor-element-446dcff elementor-section-boxed elementor-section-height-default elementor-section-height-default\" data-id=\"446dcff\" data-element_type=\"section\" data-settings=\"{&quot;background_background&quot;:&quot;classic&quot;}\">\n\t\t\t\t\t\t<div class=\"elementor-container elementor-column-gap-default\">\n\t\t\t\t\t<div class=\"elementor-column elementor-col-100 elementor-top-column elementor-element elementor-element-1050d49\" data-id=\"1050d49\" data-element_type=\"column\" data-settings=\"{&quot;background_background&quot;:&quot;classic&quot;}\">\n\t\t\t<div class=\"elementor-widget-wrap elementor-element-populated\">\n\t\t\t\t\t\t<section class=\"elementor-section elementor-inner-section elementor-element elementor-element-755c264 elementor-section-boxed elementor-section-height-default elementor-section-height-default\" data-id=\"755c264\" data-element_type=\"section\" data-settings=\"{&quot;background_background&quot;:&quot;classic&quot;}\">\n\t\t\t\t\t\t<div class=\"elementor-container elementor-column-gap-default\">\n\t\t\t\t\t<div class=\"elementor-column elementor-col-100 elementor-inner-column elementor-element elementor-element-146b111\" data-id=\"146b111\" data-element_type=\"column\">\n\t\t\t<div class=\"elementor-widget-wrap\">\n\t\t\t\t\t\t\t<\/div>\n\t\t<\/div>\n\t\t\t\t\t<\/div>\n\t\t<\/section>\n\t\t\t\t\t<\/div>\n\t\t<\/div>\n\t\t\t\t\t<\/div>\n\t\t<\/section>\n\t\t\t\t<\/div>\n\t\t","protected":false},"excerpt":{"rendered":"<p>Encontra-se aberto o Aviso para Acredita\u00e7\u00e3o de Empresas Fornecedoras de Servi\u00e7os no Cat\u00e1logo de Servi\u00e7os de Transi\u00e7\u00e3o Digital, no \u00e2mbito da Componente 16 \u2013 Empresas 4.0. Este Aviso N.\u00ba 18\/C16-i02\/2024 tem como objetivo efetuar a Acredita\u00e7\u00e3o de Fornecedores para prestarem servi\u00e7os, a constar no Cat\u00e1logo de Servi\u00e7os de Transi\u00e7\u00e3o Digital, no \u00e2mbito do Coaching 4.0.&hellip;<\/p>\n","protected":false},"author":5,"featured_media":16360,"comment_status":"closed","ping_status":"open","sticky":false,"template":"","format":"standard","meta":{"_monsterinsights_skip_tracking":false,"_monsterinsights_sitenote_active":false,"_monsterinsights_sitenote_note":"","_monsterinsights_sitenote_category":0,"footnotes":""},"categories":[238],"tags":[349],"class_list":["post-16352","post","type-post","status-publish","format-standard","has-post-thumbnail","hentry","category-noticias","tag-prr"],"acf":[],"_links":{"self":[{"href":"https:\/\/neomarca.pt\/pt\/wp-json\/wp\/v2\/posts\/16352","targetHints":{"allow":["GET"]}}],"collection":[{"href":"https:\/\/neomarca.pt\/pt\/wp-json\/wp\/v2\/posts"}],"about":[{"href":"https:\/\/neomarca.pt\/pt\/wp-json\/wp\/v2\/types\/post"}],"author":[{"embeddable":true,"href":"https:\/\/neomarca.pt\/pt\/wp-json\/wp\/v2\/users\/5"}],"replies":[{"embeddable":true,"href":"https:\/\/neomarca.pt\/pt\/wp-json\/wp\/v2\/comments?post=16352"}],"version-history":[{"count":3,"href":"https:\/\/neomarca.pt\/pt\/wp-json\/wp\/v2\/posts\/16352\/revisions"}],"predecessor-version":[{"id":16359,"href":"https:\/\/neomarca.pt\/pt\/wp-json\/wp\/v2\/posts\/16352\/revisions\/16359"}],"wp:featuredmedia":[{"embeddable":true,"href":"https:\/\/neomarca.pt\/pt\/wp-json\/wp\/v2\/media\/16360"}],"wp:attachment":[{"href":"https:\/\/neomarca.pt\/pt\/wp-json\/wp\/v2\/media?parent=16352"}],"wp:term":[{"taxonomy":"category","embeddable":true,"href":"https:\/\/neomarca.pt\/pt\/wp-json\/wp\/v2\/categories?post=16352"},{"taxonomy":"post_tag","embeddable":true,"href":"https:\/\/neomarca.pt\/pt\/wp-json\/wp\/v2\/tags?post=16352"}],"curies":[{"name":"wp","href":"https:\/\/api.w.org\/{rel}","templated":true}]}}