{"id":16654,"date":"2025-12-09T18:17:50","date_gmt":"2025-12-09T17:17:50","guid":{"rendered":"https:\/\/neomarca.pt\/pt\/?p=16654"},"modified":"2025-12-09T18:18:23","modified_gmt":"2025-12-09T17:18:23","slug":"neomarca-apoia-projeto-algarvio-distinguido-nos-premios-dos-fundos-europeus","status":"publish","type":"post","link":"https:\/\/neomarca.pt\/pt\/noticias\/neomarca-apoia-projeto-algarvio-distinguido-nos-premios-dos-fundos-europeus\/","title":{"rendered":"Neomarca apoia projeto algarvio distinguido nos Pr\u00e9mios dos Fundos Europeus"},"content":{"rendered":"\n<p>O Centro de Alzheimer de Castro Marim foi distinguido com uma Men\u00e7\u00e3o Honrosa na categoria &#8220;Portugal + Social&#8221; durante a cerim\u00f3nia nacional dos Pr\u00e9mios dos Fundos Europeus, que teve lugar em Coimbra. A Neomarca orgulha-se de ter participado ativamente neste projeto, prestando apoio t\u00e9cnico especializado na prepara\u00e7\u00e3o e submiss\u00e3o da candidatura aos fundos europeus, no \u00e2mbito do programa CRESC ALGARVE 2020.<\/p>\n\n\n\n<p>Promovido pela Santa Casa da Miseric\u00f3rdia de Castro Marim, em estreita articula\u00e7\u00e3o com o Munic\u00edpio, o Centro de Alzheimer afirma-se hoje como uma infraestrutura de refer\u00eancia a n\u00edvel nacional, sendo a primeira unidade a sul do Tejo dedicada exclusivamente ao acolhimento, acompanhamento e tratamento de pessoas com dem\u00eancia.<\/p>\n\n\n\n<p>O investimento, viabilizado pelo financiamento europeu, permitiu dotar a regi\u00e3o de um equipamento moderno e altamente qualificado, com capacidade para 70 residentes e 30 utentes em regime de centro de dia, integrando cuidados de sa\u00fade especializados, reabilita\u00e7\u00e3o, estimula\u00e7\u00e3o cognitiva e apoio cont\u00ednuo a fam\u00edlias e cuidadores.<\/p>\n\n\n\n<p>Para a Neomarca, esta distin\u00e7\u00e3o representa o reconhecimento do valor da coopera\u00e7\u00e3o t\u00e9cnica no desenvolvimento de respostas sociais inovadoras, capazes de gerar verdadeiro impacto nas comunidades locais.<\/p>\n\n\n\n<blockquote class=\"wp-block-quote is-layout-flow wp-block-quote-is-layout-flow\">\n<p>\u201cA nossa miss\u00e3o passa por apoiar empresas, institui\u00e7\u00f5es e munic\u00edpios na transforma\u00e7\u00e3o de ideias em projetos concretos, estruturados e sustent\u00e1veis, que contribuam para o bem-estar das popula\u00e7\u00f5es e para a valoriza\u00e7\u00e3o do territ\u00f3rio. O reconhecimento do Centro de Alzheimer de Castro Marim \u00e9 um exemplo claro disso mesmo\u201d, refere Paulo Pereira, CEO da Neomarca.<\/p>\n<\/blockquote>\n\n\n\n<p>Com mais de 30 anos de experi\u00eancia no acompanhamento de projetos cofinanciados, a Neomarca continua empenhada em contribuir para uma utiliza\u00e7\u00e3o eficiente dos fundos europeus, promovendo o desenvolvimento regional e o refor\u00e7o da coes\u00e3o social.<\/p>\n","protected":false},"excerpt":{"rendered":"<p>O Centro de Alzheimer de Castro Marim foi distinguido com uma Men\u00e7\u00e3o Honrosa na categoria &#8220;Portugal + Social&#8221; durante a cerim\u00f3nia nacional dos Pr\u00e9mios dos Fundos Europeus, que teve lugar em Coimbra. A Neomarca orgulha-se de ter participado ativamente neste projeto, prestando apoio t\u00e9cnico especializado na prepara\u00e7\u00e3o e submiss\u00e3o da candidatura aos fundos europeus, no&hellip;<\/p>\n","protected":false},"author":18,"featured_media":16655,"comment_status":"closed","ping_status":"open","sticky":false,"template":"","format":"standard","meta":{"_monsterinsights_skip_tracking":false,"_monsterinsights_sitenote_active":false,"_monsterinsights_sitenote_note":"","_monsterinsights_sitenote_category":0,"footnotes":""},"categories":[238],"tags":[],"class_list":["post-16654","post","type-post","status-publish","format-standard","has-post-thumbnail","hentry","category-noticias","category-238","description-off"],"acf":[],"_links":{"self":[{"href":"https:\/\/neomarca.pt\/pt\/wp-json\/wp\/v2\/posts\/16654","targetHints":{"allow":["GET"]}}],"collection":[{"href":"https:\/\/neomarca.pt\/pt\/wp-json\/wp\/v2\/posts"}],"about":[{"href":"https:\/\/neomarca.pt\/pt\/wp-json\/wp\/v2\/types\/post"}],"author":[{"embeddable":true,"href":"https:\/\/neomarca.pt\/pt\/wp-json\/wp\/v2\/users\/18"}],"replies":[{"embeddable":true,"href":"https:\/\/neomarca.pt\/pt\/wp-json\/wp\/v2\/comments?post=16654"}],"version-history":[{"count":2,"href":"https:\/\/neomarca.pt\/pt\/wp-json\/wp\/v2\/posts\/16654\/revisions"}],"predecessor-version":[{"id":16657,"href":"https:\/\/neomarca.pt\/pt\/wp-json\/wp\/v2\/posts\/16654\/revisions\/16657"}],"wp:featuredmedia":[{"embeddable":true,"href":"https:\/\/neomarca.pt\/pt\/wp-json\/wp\/v2\/media\/16655"}],"wp:attachment":[{"href":"https:\/\/neomarca.pt\/pt\/wp-json\/wp\/v2\/media?parent=16654"}],"wp:term":[{"taxonomy":"category","embeddable":true,"href":"https:\/\/neomarca.pt\/pt\/wp-json\/wp\/v2\/categories?post=16654"},{"taxonomy":"post_tag","embeddable":true,"href":"https:\/\/neomarca.pt\/pt\/wp-json\/wp\/v2\/tags?post=16654"}],"curies":[{"name":"wp","href":"https:\/\/api.w.org\/{rel}","templated":true}]}}