{"id":1936,"date":"2015-10-12T15:10:12","date_gmt":"2015-10-12T15:10:12","guid":{"rendered":"https:\/\/neomarca.pt\/staging2\/?p=1936"},"modified":"2023-10-25T12:35:58","modified_gmt":"2023-10-25T11:35:58","slug":"apoio-formacao","status":"publish","type":"post","link":"https:\/\/neomarca.pt\/pt\/noticias\/apoio-formacao\/","title":{"rendered":"Apoio \u00e0 Forma\u00e7\u00e3o"},"content":{"rendered":"\t\t<div data-elementor-type=\"wp-post\" data-elementor-id=\"1936\" class=\"elementor elementor-1936\" data-elementor-post-type=\"post\">\n\t\t\t\t\t\t<section class=\"elementor-section elementor-top-section elementor-element elementor-element-28095c21 elementor-section-boxed elementor-section-height-default elementor-section-height-default\" data-id=\"28095c21\" data-element_type=\"section\">\n\t\t\t\t\t\t<div class=\"elementor-container elementor-column-gap-default\">\n\t\t\t\t\t<div class=\"elementor-column elementor-col-100 elementor-top-column elementor-element elementor-element-25bb2dfd\" data-id=\"25bb2dfd\" data-element_type=\"column\">\n\t\t\t<div class=\"elementor-widget-wrap elementor-element-populated\">\n\t\t\t\t\t\t<div class=\"elementor-element elementor-element-33fc28ee elementor-widget elementor-widget-text-editor\" data-id=\"33fc28ee\" data-element_type=\"widget\" data-widget_type=\"text-editor.default\">\n\t\t\t\t<div class=\"elementor-widget-container\">\n\t\t\t\t\t\t\t<p>A medida Cheque-Forma\u00e7\u00e3o permite \u00e0s empresas, ou entidades sem fins lucrativos, financiar a forma\u00e7\u00e3o dos seus trabalhadores durante dois anos. Esta a\u00e7\u00e3o \u00e9 financiada pelo IEFP.<\/p><p><strong>Destinat\u00e1rios:<\/strong>\u00a0Ativos empregados, independentemente do n\u00edvel de qualifica\u00e7\u00e3o.<\/p><p><strong>Apoio:<\/strong>\u00a0a dura\u00e7\u00e3o m\u00e1xima de 50 horas de forma\u00e7\u00e3o, no per\u00edodo de dois anos;<br \/>um montante m\u00e1ximo que poder\u00e1 atingir 175\u20ac, sendo que o apoio a atribuir n\u00e3o pode exceder 90% do valor total da a\u00e7\u00e3o de forma\u00e7\u00e3o.<\/p><p>A forma\u00e7\u00e3o profissional a desenvolver deve ser ministrada por uma\u00a0<strong>Entidade Formadora Certificada<\/strong>.<br \/>\u00c1reas nas quais apresentamos certifica\u00e7\u00e3o:<\/p><p>140 &#8211; Forma\u00e7\u00e3o de professores\/ formadores e ci\u00eancias da educa\u00e7\u00e3o<br \/>342 &#8211; Marketing e Publicidade<br \/>345 &#8211; Gest\u00e3o e administra\u00e7\u00e3o<br \/>346 &#8211; Secretariado e trabalho administrativo<br \/>541 &#8211; Produ\u00e7\u00e3o agr\u00edcola e animal<br \/>729 &#8211; Sa\u00fade &#8211; programas n\u00e3o classificados<br \/>815 &#8211; Cuidados de beleza<br \/>862 &#8211; Seguran\u00e7a e higiene no trabalho<\/p><p>Relembramos que a forma\u00e7\u00e3o profissional \u00e9 obrigat\u00f3ria para todas as empresas. De acordo com o ponto 2, do\u00a0Artigo 131, do C\u00f3digo de Trabalho, \u00abo\u00a0trabalhador tem direito, em cada ano, a um n\u00famero m\u00ednimo de trinta e cinco horas de forma\u00e7\u00e3o cont\u00ednua ou, sendo contratado a termo por per\u00edodo igual ou superior a tr\u00eas meses, um n\u00famero m\u00ednimo de horas proporcional \u00e0 dura\u00e7\u00e3o do contrato nesse ano\u00bb e o ponto 5 explicita que \u00abO empregador deve assegurar, em cada ano, forma\u00e7\u00e3o cont\u00ednua a pelo menos 10 % dos trabalhadores da empresa\u00bb .\u00a0A forma\u00e7\u00e3o referida pode ser desenvolvida pelo empregador, por entidade formadora certificada\u00a0ou por estabelecimento de ensino reconhecido.<\/p><p>Contacte-nos para a elabora\u00e7\u00e3o do seu <a href=\"https:\/\/neomarca.pt\/staging2\/servicos\/planos-de-formacao\/\" target=\"_blank\" rel=\"noopener noreferrer\">Plano de Forma\u00e7\u00e3o<\/a>, bem como, no apoio \u00e0 apresenta\u00e7\u00e3o de candidaturas \u00e0 Medida Cheque-Forma\u00e7\u00e3o:\u00a0<a href=\"mailto:info@neomarca.pt?subject=Cheque%20forma%C3%A7%C3%A3o\">info@neomarca.pt<\/a>\u00a0ou T. 289 098 720.<\/p>\t\t\t\t\t\t<\/div>\n\t\t\t\t<\/div>\n\t\t\t\t\t<\/div>\n\t\t<\/div>\n\t\t\t\t\t<\/div>\n\t\t<\/section>\n\t\t\t\t<\/div>\n\t\t","protected":false},"excerpt":{"rendered":"<p>A medida Cheque-Forma\u00e7\u00e3o permite \u00e0s empresas, ou entidades sem fins lucrativos, financiar a forma\u00e7\u00e3o dos seus trabalhadores durante dois anos. Esta a\u00e7\u00e3o \u00e9 financiada pelo IEFP. Destinat\u00e1rios:\u00a0Ativos empregados, independentemente do n\u00edvel de qualifica\u00e7\u00e3o. Apoio:\u00a0a dura\u00e7\u00e3o m\u00e1xima de 50 horas de forma\u00e7\u00e3o, no per\u00edodo de dois anos;um montante m\u00e1ximo que poder\u00e1 atingir 175\u20ac, sendo que o&hellip;<\/p>\n","protected":false},"author":3,"featured_media":1890,"comment_status":"closed","ping_status":"open","sticky":false,"template":"","format":"standard","meta":{"_monsterinsights_skip_tracking":false,"_monsterinsights_sitenote_active":false,"_monsterinsights_sitenote_note":"","_monsterinsights_sitenote_category":0,"footnotes":""},"categories":[238],"tags":[194],"class_list":["post-1936","post","type-post","status-publish","format-standard","has-post-thumbnail","hentry","category-noticias","tag-formacao"],"acf":[],"_links":{"self":[{"href":"https:\/\/neomarca.pt\/pt\/wp-json\/wp\/v2\/posts\/1936","targetHints":{"allow":["GET"]}}],"collection":[{"href":"https:\/\/neomarca.pt\/pt\/wp-json\/wp\/v2\/posts"}],"about":[{"href":"https:\/\/neomarca.pt\/pt\/wp-json\/wp\/v2\/types\/post"}],"author":[{"embeddable":true,"href":"https:\/\/neomarca.pt\/pt\/wp-json\/wp\/v2\/users\/3"}],"replies":[{"embeddable":true,"href":"https:\/\/neomarca.pt\/pt\/wp-json\/wp\/v2\/comments?post=1936"}],"version-history":[{"count":0,"href":"https:\/\/neomarca.pt\/pt\/wp-json\/wp\/v2\/posts\/1936\/revisions"}],"wp:featuredmedia":[{"embeddable":true,"href":"https:\/\/neomarca.pt\/pt\/wp-json\/wp\/v2\/media\/1890"}],"wp:attachment":[{"href":"https:\/\/neomarca.pt\/pt\/wp-json\/wp\/v2\/media?parent=1936"}],"wp:term":[{"taxonomy":"category","embeddable":true,"href":"https:\/\/neomarca.pt\/pt\/wp-json\/wp\/v2\/categories?post=1936"},{"taxonomy":"post_tag","embeddable":true,"href":"https:\/\/neomarca.pt\/pt\/wp-json\/wp\/v2\/tags?post=1936"}],"curies":[{"name":"wp","href":"https:\/\/api.w.org\/{rel}","templated":true}]}}