{"id":1943,"date":"2015-11-05T16:11:19","date_gmt":"2015-11-05T16:11:19","guid":{"rendered":"https:\/\/neomarca.pt\/staging2\/?p=1943"},"modified":"2023-10-25T12:44:57","modified_gmt":"2023-10-25T11:44:57","slug":"siac-candidaturas-para-acoes-coletivas","status":"publish","type":"post","link":"https:\/\/neomarca.pt\/pt\/noticias\/siac-candidaturas-para-acoes-coletivas\/","title":{"rendered":"SIAC &#8211; candidaturas para a\u00e7\u00f5es coletivas"},"content":{"rendered":"\t\t<div data-elementor-type=\"wp-post\" data-elementor-id=\"1943\" class=\"elementor elementor-1943\" data-elementor-post-type=\"post\">\n\t\t\t\t\t\t<section class=\"elementor-section elementor-top-section elementor-element elementor-element-7927a912 elementor-section-boxed elementor-section-height-default elementor-section-height-default\" data-id=\"7927a912\" data-element_type=\"section\">\n\t\t\t\t\t\t<div class=\"elementor-container elementor-column-gap-default\">\n\t\t\t\t\t<div class=\"elementor-column elementor-col-100 elementor-top-column elementor-element elementor-element-757a0802\" data-id=\"757a0802\" data-element_type=\"column\">\n\t\t\t<div class=\"elementor-widget-wrap elementor-element-populated\">\n\t\t\t\t\t\t<div class=\"elementor-element elementor-element-3f6412ec elementor-widget elementor-widget-text-editor\" data-id=\"3f6412ec\" data-element_type=\"widget\" data-widget_type=\"text-editor.default\">\n\t\t\t\t<div class=\"elementor-widget-container\">\n\t\t\t\t\t\t\t<p>Est\u00e3o abertas, at\u00e9\u00a030 de dezembro, as candidaturas ao SIAC &#8211; Sistema de Incentivos \u00e0s A\u00e7\u00f5es Coletivas dirigidas \u00e0s associa\u00e7\u00f5es, ag\u00eancias p\u00fablicas e entidades n\u00e3o empresariais do sistema de I&amp;D com localiza\u00e7\u00e3o no Algarve.<\/p><p>O SIAC tem como principal objetivo financiar projetos que potenciem a cria\u00e7\u00e3o de empresas nos dom\u00ednios da estrat\u00e9gia RIS3:\u00a0Mar, Agroalimentar, TIC e Industrias Criativas e Culturais, Energias Renov\u00e1veis,\u00a0Sa\u00fade e Turismo.\u00a0No caso de projetos no dominio do Turismo s\u00f3 ser\u00e3o apoiadas propostas que\u00a0permitam estruturar ofertas inovadoras nos seguintes produtos: cultura e\u00a0patrim\u00f3nio, sa\u00fade, natureza, n\u00e1utico e s\u00e9nior.<\/p><p>Este sistema de incentivos do Portugal 2020 tem taxa m\u00e1xima de cofinanciamento\u00a0de 70%.<\/p><p>\u00a0<\/p><p><strong>SIAC &#8211; Promo\u00e7\u00e3o do esp\u00edrito empresarial<\/strong><\/p><p>Objetivo:<\/p><ul><li>Refor\u00e7o da coopera\u00e7\u00e3o, das parceriais e das redes de apoio ao empreendedorismo qualificafo e criativo;<\/li><li>Apoio ao desenvolvimento de ideias inovadoras, de iniciativias empresariais e da cria\u00e7\u00e3o de novas empresa.<\/li><\/ul><p>\u00a0<\/p><p><strong>SIAC &#8211; A\u00e7\u00f5es coletivas qualifica\u00e7\u00e3o<\/strong><\/p><p>Objetivo:<\/p><ul><li>Incrementar, ainda que indiretamente, as compet\u00eancias empresariais;<\/li><li>Facilitar o acesso a informa\u00e7\u00e3o relevante nos dom\u00ednios da competividade;<\/li><li>Reduzir assimetrias de informa\u00e7\u00e3o ao n\u00edvel empresarial, facilitar escolhas estrat\u00e9gicas e estimular o diagn\u00f3stico precoce.<\/li><\/ul><p>\u00a0<\/p><p><strong>SIAC &#8211; Transfer\u00eancia do conhecimento cient\u00edfico e tecnol\u00f3gico<\/strong><\/p><p>Objetivo:<\/p><ul><li>Refor\u00e7ar a transfer\u00eancia de conhecimento cient\u00edfico e tecnol\u00f3gico para o setor empresarial;<\/li><li>Potenciar a difus\u00e3o e a valoriza\u00e7\u00e3o econ\u00f3mica dos resultados de I&amp;D produzidos pelo sistema de I&amp;I.<\/li><\/ul><p>\u00a0<\/p><p>Para saber se o seu plano de investimento pode candidatar-se aos sistemas de incentivos basta agendar uma reuni\u00e3o com a nossa equipa. Contactos: email\u00a0i<a href=\"mailto:info@neomarca.pt%20?subject=neomarca.pt\">nfo@neomarca.pt\u00a0<\/a>\u00a0ou para o\u00a0telefone\u00a0 289 098 720.<\/p>\t\t\t\t\t\t<\/div>\n\t\t\t\t<\/div>\n\t\t\t\t\t<\/div>\n\t\t<\/div>\n\t\t\t\t\t<\/div>\n\t\t<\/section>\n\t\t\t\t<\/div>\n\t\t","protected":false},"excerpt":{"rendered":"<p>Est\u00e3o abertas, at\u00e9\u00a030 de dezembro, as candidaturas ao SIAC &#8211; Sistema de Incentivos \u00e0s A\u00e7\u00f5es Coletivas dirigidas \u00e0s associa\u00e7\u00f5es, ag\u00eancias p\u00fablicas e entidades n\u00e3o empresariais do sistema de I&amp;D com localiza\u00e7\u00e3o no Algarve. O SIAC tem como principal objetivo financiar projetos que potenciem a cria\u00e7\u00e3o de empresas nos dom\u00ednios da estrat\u00e9gia RIS3:\u00a0Mar, Agroalimentar, TIC e&hellip;<\/p>\n","protected":false},"author":3,"featured_media":1894,"comment_status":"closed","ping_status":"open","sticky":false,"template":"","format":"standard","meta":{"_monsterinsights_skip_tracking":false,"_monsterinsights_sitenote_active":false,"_monsterinsights_sitenote_note":"","_monsterinsights_sitenote_category":0,"footnotes":""},"categories":[238],"tags":[122,272],"class_list":["post-1943","post","type-post","status-publish","format-standard","has-post-thumbnail","hentry","category-noticias","tag-fundos-comunitarios","tag-portugal-2020"],"acf":[],"_links":{"self":[{"href":"https:\/\/neomarca.pt\/pt\/wp-json\/wp\/v2\/posts\/1943","targetHints":{"allow":["GET"]}}],"collection":[{"href":"https:\/\/neomarca.pt\/pt\/wp-json\/wp\/v2\/posts"}],"about":[{"href":"https:\/\/neomarca.pt\/pt\/wp-json\/wp\/v2\/types\/post"}],"author":[{"embeddable":true,"href":"https:\/\/neomarca.pt\/pt\/wp-json\/wp\/v2\/users\/3"}],"replies":[{"embeddable":true,"href":"https:\/\/neomarca.pt\/pt\/wp-json\/wp\/v2\/comments?post=1943"}],"version-history":[{"count":0,"href":"https:\/\/neomarca.pt\/pt\/wp-json\/wp\/v2\/posts\/1943\/revisions"}],"wp:featuredmedia":[{"embeddable":true,"href":"https:\/\/neomarca.pt\/pt\/wp-json\/wp\/v2\/media\/1894"}],"wp:attachment":[{"href":"https:\/\/neomarca.pt\/pt\/wp-json\/wp\/v2\/media?parent=1943"}],"wp:term":[{"taxonomy":"category","embeddable":true,"href":"https:\/\/neomarca.pt\/pt\/wp-json\/wp\/v2\/categories?post=1943"},{"taxonomy":"post_tag","embeddable":true,"href":"https:\/\/neomarca.pt\/pt\/wp-json\/wp\/v2\/tags?post=1943"}],"curies":[{"name":"wp","href":"https:\/\/api.w.org\/{rel}","templated":true}]}}