{"id":1999,"date":"2016-06-14T11:03:38","date_gmt":"2016-06-14T11:03:38","guid":{"rendered":"https:\/\/neomarca.pt\/staging2\/?p=1999"},"modified":"2023-10-25T13:19:23","modified_gmt":"2023-10-25T12:19:23","slug":"hoteleiros-preveem-um-melhor-verao-face-2015","status":"publish","type":"post","link":"https:\/\/neomarca.pt\/pt\/noticias\/hoteleiros-preveem-um-melhor-verao-face-2015\/","title":{"rendered":"Hoteleiros prev\u00eaem um melhor ver\u00e3o face a 2015"},"content":{"rendered":"\t\t<div data-elementor-type=\"wp-post\" data-elementor-id=\"1999\" class=\"elementor elementor-1999\" data-elementor-post-type=\"post\">\n\t\t\t\t\t\t<section class=\"elementor-section elementor-top-section elementor-element elementor-element-7da95cfd elementor-section-boxed elementor-section-height-default elementor-section-height-default\" data-id=\"7da95cfd\" data-element_type=\"section\">\n\t\t\t\t\t\t<div class=\"elementor-container elementor-column-gap-default\">\n\t\t\t\t\t<div class=\"elementor-column elementor-col-100 elementor-top-column elementor-element elementor-element-2facf904\" data-id=\"2facf904\" data-element_type=\"column\">\n\t\t\t<div class=\"elementor-widget-wrap elementor-element-populated\">\n\t\t\t\t\t\t<div class=\"elementor-element elementor-element-2c3effb1 elementor-widget elementor-widget-text-editor\" data-id=\"2c3effb1\" data-element_type=\"widget\" data-widget_type=\"text-editor.default\">\n\t\t\t\t<div class=\"elementor-widget-container\">\n\t\t\t\t\t\t\t<p>O Bar\u00f3metro de Conjuntura dirigido \u00e0s unidades hoteleiras antecipa para Portugal um ver\u00e3o com resultados melhores, face aos obtidos no ver\u00e3o de 2015.<\/p><p>Cerca de 55% dos empres\u00e1rios hoteleiros acreditam que os bons resultados esperados para este ver\u00e3o devem-se, entre outros, ao facto de Portugal ser considerado um destino seguro; 58% refere que os pre\u00e7os m\u00e9dios do alojamento dever\u00e3o apresentar n\u00edveis id\u00eanticos ao ver\u00e3o de 2015, mas 41% considera que pode ocorrer um aumento m\u00e9dio de 10%.\u00a0Mais de 57% antecipa mais dormidas para este ver\u00e3o, de brit\u00e2nicos, alem\u00e3es, espanh\u00f3is e franceses. Estes mercados representaram 58% das dormidas de estrangeiros que Portugal assinalou em 2015. Tamb\u00e9m o mercado interno \u00e9 perspetivado de forma positiva para este per\u00edodo em an\u00e1lise.<\/p><p>Os respons\u00e1veis das unidades hoteleiras preveem que o ver\u00e3o de 2016 ser\u00e1 favor\u00e1vel, em termos de procura, para todas as regi\u00f5es do Pa\u00eds. Madeira, Centro, Algarve, Norte e Lisboa destacam-se, com a op\u00e7\u00e3o de aumento a expressar de forma mais acentuada essa tend\u00eancia, por parte dos estabelecimentos de categoria superior.<\/p><p>Reino Unido e Alemanha refor\u00e7ar\u00e3o as suas performances nos principais destinos tur\u00edsticos nacionais, evidenciando-se, contudo, os aumentos estimados para a regi\u00e3o Norte e, no caso do mercado alem\u00e3o tamb\u00e9m para Lisboa e Centro, onde as suas preponder\u00e2ncias s\u00e3o habitualmente menores.\u00a0Espanha e Fran\u00e7a tamb\u00e9m com perspetivas otimistas nas regi\u00f5es onde a sua representa\u00e7\u00e3o \u00e9 mais significativa, destacando-se, no entanto, os crescimentos esperados por parte dos empres\u00e1rios das unidades hoteleiras do Algarve.<\/p><p>De destacar a subida esperada do mercado chin\u00eas em Lisboa, onde ocupou j\u00e1 em 2015, a 10.\u00aa posi\u00e7\u00e3o no ranking das dormidas do mercado externo.\u00a0Brasil com tend\u00eancia a diminuir em todos os destinos tur\u00edsticos.\u00a0Hot\u00e9is de 5* da Madeira estimam subida do Reino Unido e da Alemanha, que determinar\u00e1 o expressivo aumento que esperam para a regi\u00e3o.<\/p><p>O mercado nacional refor\u00e7ar\u00e1 a procura n\u00e3o s\u00f3 nas regi\u00f5es onde a sua representatividade \u00e9 maior, ou seja, nas regi\u00f5es Norte e Centro, como tamb\u00e9m em Lisboa, no Algarve, no Alentejo e nos A\u00e7ores.<\/p><p>\u00a0<\/p><p><em>Fonte:<\/em><br \/>\u00abBar\u00f3metro de Conjuntura ver\u00e3o 2016 &#8211;\u00a0Estabelecimentos Hoteleiros, Aldeamentos e Apartamentos Tur\u00edsticos\u00bb<br \/>Turismo de Portugal, IP<\/p><p>\u00a0<\/p>\t\t\t\t\t\t<\/div>\n\t\t\t\t<\/div>\n\t\t\t\t\t<\/div>\n\t\t<\/div>\n\t\t\t\t\t<\/div>\n\t\t<\/section>\n\t\t\t\t<\/div>\n\t\t","protected":false},"excerpt":{"rendered":"<p>O Bar\u00f3metro de Conjuntura dirigido \u00e0s unidades hoteleiras antecipa para Portugal um ver\u00e3o com resultados melhores, face aos obtidos no ver\u00e3o de 2015. Cerca de 55% dos empres\u00e1rios hoteleiros acreditam que os bons resultados esperados para este ver\u00e3o devem-se, entre outros, ao facto de Portugal ser considerado um destino seguro; 58% refere que os pre\u00e7os&hellip;<\/p>\n","protected":false},"author":3,"featured_media":1965,"comment_status":"closed","ping_status":"open","sticky":false,"template":"","format":"standard","meta":{"_monsterinsights_skip_tracking":false,"_monsterinsights_sitenote_active":false,"_monsterinsights_sitenote_note":"","_monsterinsights_sitenote_category":0,"footnotes":""},"categories":[238],"tags":[276],"class_list":["post-1999","post","type-post","status-publish","format-standard","has-post-thumbnail","hentry","category-noticias","tag-turismo"],"acf":[],"_links":{"self":[{"href":"https:\/\/neomarca.pt\/pt\/wp-json\/wp\/v2\/posts\/1999","targetHints":{"allow":["GET"]}}],"collection":[{"href":"https:\/\/neomarca.pt\/pt\/wp-json\/wp\/v2\/posts"}],"about":[{"href":"https:\/\/neomarca.pt\/pt\/wp-json\/wp\/v2\/types\/post"}],"author":[{"embeddable":true,"href":"https:\/\/neomarca.pt\/pt\/wp-json\/wp\/v2\/users\/3"}],"replies":[{"embeddable":true,"href":"https:\/\/neomarca.pt\/pt\/wp-json\/wp\/v2\/comments?post=1999"}],"version-history":[{"count":0,"href":"https:\/\/neomarca.pt\/pt\/wp-json\/wp\/v2\/posts\/1999\/revisions"}],"wp:featuredmedia":[{"embeddable":true,"href":"https:\/\/neomarca.pt\/pt\/wp-json\/wp\/v2\/media\/1965"}],"wp:attachment":[{"href":"https:\/\/neomarca.pt\/pt\/wp-json\/wp\/v2\/media?parent=1999"}],"wp:term":[{"taxonomy":"category","embeddable":true,"href":"https:\/\/neomarca.pt\/pt\/wp-json\/wp\/v2\/categories?post=1999"},{"taxonomy":"post_tag","embeddable":true,"href":"https:\/\/neomarca.pt\/pt\/wp-json\/wp\/v2\/tags?post=1999"}],"curies":[{"name":"wp","href":"https:\/\/api.w.org\/{rel}","templated":true}]}}