{"id":2001,"date":"2016-06-22T11:06:19","date_gmt":"2016-06-22T11:06:19","guid":{"rendered":"https:\/\/neomarca.pt\/staging2\/?p=2001"},"modified":"2023-10-25T13:22:32","modified_gmt":"2023-10-25T12:22:32","slug":"lll-forum-ue-cplp","status":"publish","type":"post","link":"https:\/\/neomarca.pt\/pt\/noticias\/lll-forum-ue-cplp\/","title":{"rendered":"III F\u00f3rum da Uni\u00e3o de Exportadores da CPLP a 8 e 9 de julho"},"content":{"rendered":"\t\t<div data-elementor-type=\"wp-post\" data-elementor-id=\"2001\" class=\"elementor elementor-2001\" data-elementor-post-type=\"post\">\n\t\t\t\t\t\t<section class=\"elementor-section elementor-top-section elementor-element elementor-element-2812db57 elementor-section-boxed elementor-section-height-default elementor-section-height-default\" data-id=\"2812db57\" data-element_type=\"section\">\n\t\t\t\t\t\t<div class=\"elementor-container elementor-column-gap-default\">\n\t\t\t\t\t<div class=\"elementor-column elementor-col-100 elementor-top-column elementor-element elementor-element-6db144bd\" data-id=\"6db144bd\" data-element_type=\"column\">\n\t\t\t<div class=\"elementor-widget-wrap elementor-element-populated\">\n\t\t\t\t\t\t<div class=\"elementor-element elementor-element-61d53be elementor-widget elementor-widget-text-editor\" data-id=\"61d53be\" data-element_type=\"widget\" data-widget_type=\"text-editor.default\">\n\t\t\t\t<div class=\"elementor-widget-container\">\n\t\t\t\t\t\t\t<p>O III F\u00f3rum da Uni\u00e3o de Exportadores da CPLP, ir\u00e1 decorrer nos dias 8 e 9 de julho de 2016, no n\u00facleo empresarial da regi\u00e3o de Beja (NERBE).<\/p><p>O III F\u00f3rum da UE-CPLP \u00e9 uma\u00a0iniciativa da Uni\u00e3o de Exportadores da CPLP (UE-CPLP) e da Confedera\u00e7\u00e3o Empresarial da CPLP (CE-CPLP) e pretende constituir uma plataforma de neg\u00f3cios e de coopera\u00e7\u00e3o, geradora de condi\u00e7\u00f5es para a cria\u00e7\u00e3o e consolida\u00e7\u00e3o de um espa\u00e7o permanente de apoio \u00e0 atividade ao empresariado lus\u00f3fono, estimulando trocas comerciais e a internacionaliza\u00e7\u00e3o.<\/p><p>Principais tem\u00e1ticas do F\u00f3rum:<\/p><ul><li>Semin\u00e1rios Tem\u00e1ticos por Pa\u00eds;<\/li><li>Reuni\u00f5es B2B;<\/li><li>Grande Confer\u00eancia \u201cCPLP: Comunidade de povos abrangentes\u201d;<\/li><li>Espa\u00e7o Mostra (empresarial e cultural).<\/li><li>Destinado a empres\u00e1rios de diversos setores de atividade, entidades oficiais e p\u00fablicas e \u00e0s mais diversas institui\u00e7\u00f5es associativas e organiza\u00e7\u00f5es, esta 2\u00aa Edi\u00e7\u00e3o do F\u00f3rum Uni\u00e3o de Exportadores da CPLP ir\u00e1 demonstrar a for\u00e7a incontorn\u00e1vel desta comunidade e os objetivos que pretende materializar, representados por uma g\u00e9nese comum: a cria\u00e7\u00e3o de novas oportunidades de neg\u00f3cio no espa\u00e7o da CPLP.<\/li><\/ul><p>Mais informa\u00e7\u00f5es e registo em:\u00a0https:\/\/uecplp.org\/forumwebpage\/<\/p>\t\t\t\t\t\t<\/div>\n\t\t\t\t<\/div>\n\t\t\t\t\t<\/div>\n\t\t<\/div>\n\t\t\t\t\t<\/div>\n\t\t<\/section>\n\t\t\t\t<\/div>\n\t\t","protected":false},"excerpt":{"rendered":"<p>O III F\u00f3rum da Uni\u00e3o de Exportadores da CPLP, ir\u00e1 decorrer nos dias 8 e 9 de julho de 2016, no n\u00facleo empresarial da regi\u00e3o de Beja (NERBE). O III F\u00f3rum da UE-CPLP \u00e9 uma\u00a0iniciativa da Uni\u00e3o de Exportadores da CPLP (UE-CPLP) e da Confedera\u00e7\u00e3o Empresarial da CPLP (CE-CPLP) e pretende constituir uma plataforma de&hellip;<\/p>\n","protected":false},"author":3,"featured_media":1966,"comment_status":"closed","ping_status":"open","sticky":false,"template":"","format":"standard","meta":{"_monsterinsights_skip_tracking":false,"_monsterinsights_sitenote_active":false,"_monsterinsights_sitenote_note":"","_monsterinsights_sitenote_category":0,"footnotes":""},"categories":[238],"tags":[],"class_list":["post-2001","post","type-post","status-publish","format-standard","has-post-thumbnail","hentry","category-noticias"],"acf":[],"_links":{"self":[{"href":"https:\/\/neomarca.pt\/pt\/wp-json\/wp\/v2\/posts\/2001","targetHints":{"allow":["GET"]}}],"collection":[{"href":"https:\/\/neomarca.pt\/pt\/wp-json\/wp\/v2\/posts"}],"about":[{"href":"https:\/\/neomarca.pt\/pt\/wp-json\/wp\/v2\/types\/post"}],"author":[{"embeddable":true,"href":"https:\/\/neomarca.pt\/pt\/wp-json\/wp\/v2\/users\/3"}],"replies":[{"embeddable":true,"href":"https:\/\/neomarca.pt\/pt\/wp-json\/wp\/v2\/comments?post=2001"}],"version-history":[{"count":0,"href":"https:\/\/neomarca.pt\/pt\/wp-json\/wp\/v2\/posts\/2001\/revisions"}],"wp:featuredmedia":[{"embeddable":true,"href":"https:\/\/neomarca.pt\/pt\/wp-json\/wp\/v2\/media\/1966"}],"wp:attachment":[{"href":"https:\/\/neomarca.pt\/pt\/wp-json\/wp\/v2\/media?parent=2001"}],"wp:term":[{"taxonomy":"category","embeddable":true,"href":"https:\/\/neomarca.pt\/pt\/wp-json\/wp\/v2\/categories?post=2001"},{"taxonomy":"post_tag","embeddable":true,"href":"https:\/\/neomarca.pt\/pt\/wp-json\/wp\/v2\/tags?post=2001"}],"curies":[{"name":"wp","href":"https:\/\/api.w.org\/{rel}","templated":true}]}}