{"id":2034,"date":"2016-11-16T10:12:17","date_gmt":"2016-11-16T10:12:17","guid":{"rendered":"https:\/\/neomarca.pt\/staging2\/?p=2034"},"modified":"2023-10-25T14:23:55","modified_gmt":"2023-10-25T13:23:55","slug":"acoes-de-apoio-exportacao-e-internacionalizacao","status":"publish","type":"post","link":"https:\/\/neomarca.pt\/pt\/noticias\/acoes-de-apoio-exportacao-e-internacionalizacao\/","title":{"rendered":"A\u00e7\u00f5es de apoio \u00e0 exporta\u00e7\u00e3o e internacionaliza\u00e7\u00e3o das empresas"},"content":{"rendered":"\t\t<div data-elementor-type=\"wp-post\" data-elementor-id=\"2034\" class=\"elementor elementor-2034\" data-elementor-post-type=\"post\">\n\t\t\t\t\t\t<section class=\"elementor-section elementor-top-section elementor-element elementor-element-6d023b10 elementor-section-boxed elementor-section-height-default elementor-section-height-default\" data-id=\"6d023b10\" data-element_type=\"section\">\n\t\t\t\t\t\t<div class=\"elementor-container elementor-column-gap-default\">\n\t\t\t\t\t<div class=\"elementor-column elementor-col-100 elementor-top-column elementor-element elementor-element-6af589a8\" data-id=\"6af589a8\" data-element_type=\"column\">\n\t\t\t<div class=\"elementor-widget-wrap elementor-element-populated\">\n\t\t\t\t\t\t<div class=\"elementor-element elementor-element-3187deec elementor-widget elementor-widget-text-editor\" data-id=\"3187deec\" data-element_type=\"widget\" data-widget_type=\"text-editor.default\">\n\t\t\t\t<div class=\"elementor-widget-container\">\n\t\t\t\t\t\t\t<p>O ano de 2016 ser\u00e1 o melhor para as exporta\u00e7\u00f5es portuguesas, que ter\u00e3o crescido 3%, segundo \u00a0o ministro dos Neg\u00f3cios Estrangeiros, defendendo a necessidade de diversificar os mercados externos. \u00a0De acordo com o INE, as exporta\u00e7\u00f5es aumentaram 6,6% e as importa\u00e7\u00f5es subiram 1,9% em Setembro deste ano face ao mesmo m\u00eas de 2015, tendo o d\u00e9fice da balan\u00e7a comercial recuado 172 milh\u00f5es, para 921 milh\u00f5es de euros. Os dados relativos ao com\u00e9rcio internacional de Portugal divulgados pelo Instituto Nacional de Estat\u00edstica (INE), no terceiro trimestre de 2016 as exporta\u00e7\u00f5es de bens cresceram 1,8% e as importa\u00e7\u00f5es aumentaram 0,8%, em termos hom\u00f3logos (-1,1% e -0,1%, respectivamente, no trimestre terminado em Agosto de 2016). Em Agosto, as exporta\u00e7\u00f5es e as importa\u00e7\u00f5es de bens tinham registado subidas hom\u00f3logas de 5,1% e de 9,8%, respetivamente.<\/p><p>Na continua aposta na capacita\u00e7\u00e3o\u00a0das empresas portuguesas informamos que durante a pen\u00faltima semana de novembro decorrem algumas a\u00e7\u00f5es de apoio \u00e0 exporta\u00e7\u00e3o e internacionaliza\u00e7\u00e3o.<\/p><p>ROADSHOW: PORTUGUESE CHAMBERS MEET UP LISBOA: realiza-se a 22 de novembro em Lisboa. Encontro entre empresas portuguesas e diferentes c\u00e2maras de com\u00e9rcio. Mais informa\u00e7\u00f5es em:\u00a0<a href=\"https:\/\/www.ccip.pt\" target=\"_blank\" rel=\"noopener noreferrer\">CCIP<\/a><\/p><p>PORTUGAL EXPORTADOR: realiza-se a 23 de novembro em Lisboa e \u00e9 considerado o\u00a0maior evento nacional dedicado \u00e0 internacionaliza\u00e7\u00e3o empresarial. Mais informa\u00e7\u00f5es em <a href=\"https:\/\/www.portugalexportador.pt\" target=\"_blank\" rel=\"noopener noreferrer\">Portugal exportador<\/a><\/p><p>V ENCONTRO EMPRESARIAL LUSO-ANDALUZ: realiza-se a 25 de novembro, em Sevilha. Continua\u00e7\u00e3o de eventos anteriores com o intuito de propiciar o encontro\u00a0entre empresas geograficamente pr\u00f3ximas, fomentando a colabora\u00e7\u00e3o empresarial entre elas. Mais informa\u00e7\u00f5es em<a href=\"https:\/\/www.prodetur.es\" target=\"_blank\" rel=\"noopener noreferrer\">Prodetur<\/a><\/p><p>\u00a0<\/p><p>\u00a0<\/p>\t\t\t\t\t\t<\/div>\n\t\t\t\t<\/div>\n\t\t\t\t\t<\/div>\n\t\t<\/div>\n\t\t\t\t\t<\/div>\n\t\t<\/section>\n\t\t\t\t<\/div>\n\t\t","protected":false},"excerpt":{"rendered":"<p>O ano de 2016 ser\u00e1 o melhor para as exporta\u00e7\u00f5es portuguesas, que ter\u00e3o crescido 3%, segundo \u00a0o ministro dos Neg\u00f3cios Estrangeiros, defendendo a necessidade de diversificar os mercados externos. \u00a0De acordo com o INE, as exporta\u00e7\u00f5es aumentaram 6,6% e as importa\u00e7\u00f5es subiram 1,9% em Setembro deste ano face ao mesmo m\u00eas de 2015, tendo o&hellip;<\/p>\n","protected":false},"author":3,"featured_media":1952,"comment_status":"closed","ping_status":"open","sticky":false,"template":"","format":"standard","meta":{"_monsterinsights_skip_tracking":false,"_monsterinsights_sitenote_active":false,"_monsterinsights_sitenote_note":"","_monsterinsights_sitenote_category":0,"footnotes":""},"categories":[238],"tags":[],"class_list":["post-2034","post","type-post","status-publish","format-standard","has-post-thumbnail","hentry","category-noticias"],"acf":[],"_links":{"self":[{"href":"https:\/\/neomarca.pt\/pt\/wp-json\/wp\/v2\/posts\/2034","targetHints":{"allow":["GET"]}}],"collection":[{"href":"https:\/\/neomarca.pt\/pt\/wp-json\/wp\/v2\/posts"}],"about":[{"href":"https:\/\/neomarca.pt\/pt\/wp-json\/wp\/v2\/types\/post"}],"author":[{"embeddable":true,"href":"https:\/\/neomarca.pt\/pt\/wp-json\/wp\/v2\/users\/3"}],"replies":[{"embeddable":true,"href":"https:\/\/neomarca.pt\/pt\/wp-json\/wp\/v2\/comments?post=2034"}],"version-history":[{"count":0,"href":"https:\/\/neomarca.pt\/pt\/wp-json\/wp\/v2\/posts\/2034\/revisions"}],"wp:featuredmedia":[{"embeddable":true,"href":"https:\/\/neomarca.pt\/pt\/wp-json\/wp\/v2\/media\/1952"}],"wp:attachment":[{"href":"https:\/\/neomarca.pt\/pt\/wp-json\/wp\/v2\/media?parent=2034"}],"wp:term":[{"taxonomy":"category","embeddable":true,"href":"https:\/\/neomarca.pt\/pt\/wp-json\/wp\/v2\/categories?post=2034"},{"taxonomy":"post_tag","embeddable":true,"href":"https:\/\/neomarca.pt\/pt\/wp-json\/wp\/v2\/tags?post=2034"}],"curies":[{"name":"wp","href":"https:\/\/api.w.org\/{rel}","templated":true}]}}