{"id":2036,"date":"2016-11-18T10:38:00","date_gmt":"2016-11-18T10:38:00","guid":{"rendered":"https:\/\/neomarca.pt\/staging2\/?p=2036"},"modified":"2023-10-27T05:15:59","modified_gmt":"2023-10-27T04:15:59","slug":"seminario-internacionalizar-pme-do-algarve","status":"publish","type":"post","link":"https:\/\/neomarca.pt\/pt\/noticias\/seminario-internacionalizar-pme-do-algarve\/","title":{"rendered":"Semin\u00e1rio \u00abInternacionalizar as PME do Algarve\u00bb"},"content":{"rendered":"\t\t<div data-elementor-type=\"wp-post\" data-elementor-id=\"2036\" class=\"elementor elementor-2036\" data-elementor-post-type=\"post\">\n\t\t\t\t\t\t<section class=\"elementor-section elementor-top-section elementor-element elementor-element-7882419c elementor-section-boxed elementor-section-height-default elementor-section-height-default\" data-id=\"7882419c\" data-element_type=\"section\">\n\t\t\t\t\t\t<div class=\"elementor-container elementor-column-gap-default\">\n\t\t\t\t\t<div class=\"elementor-column elementor-col-100 elementor-top-column elementor-element elementor-element-1565942c\" data-id=\"1565942c\" data-element_type=\"column\">\n\t\t\t<div class=\"elementor-widget-wrap elementor-element-populated\">\n\t\t\t\t\t\t<div class=\"elementor-element elementor-element-57cdf95 elementor-widget elementor-widget-text-editor\" data-id=\"57cdf95\" data-element_type=\"widget\" data-widget_type=\"text-editor.default\">\n\t\t\t\t<div class=\"elementor-widget-container\">\n\t\t\t\t\t\t\t<p>No pr\u00f3ximo dia 25 de novembro vai realizar-se o Semin\u00e1rio \u00abInternacionalizar as PME do Algarve \u2013 \u00a0Desafios e Oportunidades\u00bb, no NERA, em Loul\u00e9.<\/p><p>A agenda do evento inclui a partilha da experi\u00eancia da\u00a0AIP-CCI \u2013 Associa\u00e7\u00e3o Industrial Portuguesa\u00a0\/ C\u00e2mara de Com\u00e9rcio e Ind\u00fastria, em termos de apoio \u00e0 internacionaliza\u00e7\u00e3o (capacita\u00e7\u00e3o, miss\u00f5es ao estrangeiro, estudos de mercado, etc), no sentido de alertar e sugerir \u00e0s empresas regionais os melhores caminhos a seguir numa estrat\u00e9gia internacional.<\/p><p>No painel mais institucional, os participantes ter\u00e3o oportunidade de conhecer melhor\u00a0os servi\u00e7os de apoio\u00a0existentes na regi\u00e3o; estas organiza\u00e7\u00f5es tamb\u00e9m estar\u00e3o dispon\u00edveis para esclarecimentos adicionais ap\u00f3s o encerramento.<\/p><p>Na mesa redonda ir\u00e3o estar reunidos os respons\u00e1veis de\u00a0projetos associativos\u00a0de apoio \u00e0 internacionaliza\u00e7\u00e3o, co-financiados pelo programa operacional regional, e\u00a0empres\u00e1rios com sucesso exportador\u00a0(no caso as \u00c1guas de Monchique e a Algarfresco), para partilharem as suas a\u00e7\u00f5es, experi\u00eancias, fatores de sucesso e opini\u00f5es sobre os desafios e oportunidades para as empresas regionais.<\/p><p>O evento \u00e9 uma iniciativa da Enterprise Europe Network Algarve \/ CCDR Algarve, em colabora\u00e7\u00e3o com o programa CRESC Algarve 2020 e o apoio do NERA.<\/p><p>A Enterprise Europe Network presta aconselhamento e servi\u00e7os de proximidade gratuitos \u00e0s PME com vista a capacit\u00e1-las para os processos de inova\u00e7\u00e3o e internacionaliza\u00e7\u00e3o.<\/p><p>Para conhecer o programa completo e inscrever-se gratuitamente basta ir ao sitio\u00a0 <a href=\"https:\/\/www.ccdr-alg.pt\/site\/info\/internacionalizar-pme-do-algarve\" target=\"_blank\" rel=\"noopener noreferrer\">CCDR Algarve<\/a><\/p><p>\u00a0<\/p>\t\t\t\t\t\t<\/div>\n\t\t\t\t<\/div>\n\t\t\t\t\t<\/div>\n\t\t<\/div>\n\t\t\t\t\t<\/div>\n\t\t<\/section>\n\t\t\t\t<\/div>\n\t\t","protected":false},"excerpt":{"rendered":"<p>No pr\u00f3ximo dia 25 de novembro vai realizar-se o Semin\u00e1rio \u00abInternacionalizar as PME do Algarve \u2013 \u00a0Desafios e Oportunidades\u00bb, no NERA, em Loul\u00e9. A agenda do evento inclui a partilha da experi\u00eancia da\u00a0AIP-CCI \u2013 Associa\u00e7\u00e3o Industrial Portuguesa\u00a0\/ C\u00e2mara de Com\u00e9rcio e Ind\u00fastria, em termos de apoio \u00e0 internacionaliza\u00e7\u00e3o (capacita\u00e7\u00e3o, miss\u00f5es ao estrangeiro, estudos de mercado,&hellip;<\/p>\n","protected":false},"author":3,"featured_media":1977,"comment_status":"closed","ping_status":"open","sticky":false,"template":"","format":"standard","meta":{"_monsterinsights_skip_tracking":false,"_monsterinsights_sitenote_active":false,"_monsterinsights_sitenote_note":"","_monsterinsights_sitenote_category":0,"footnotes":""},"categories":[238],"tags":[272],"class_list":["post-2036","post","type-post","status-publish","format-standard","has-post-thumbnail","hentry","category-noticias","tag-portugal-2020"],"acf":[],"_links":{"self":[{"href":"https:\/\/neomarca.pt\/pt\/wp-json\/wp\/v2\/posts\/2036","targetHints":{"allow":["GET"]}}],"collection":[{"href":"https:\/\/neomarca.pt\/pt\/wp-json\/wp\/v2\/posts"}],"about":[{"href":"https:\/\/neomarca.pt\/pt\/wp-json\/wp\/v2\/types\/post"}],"author":[{"embeddable":true,"href":"https:\/\/neomarca.pt\/pt\/wp-json\/wp\/v2\/users\/3"}],"replies":[{"embeddable":true,"href":"https:\/\/neomarca.pt\/pt\/wp-json\/wp\/v2\/comments?post=2036"}],"version-history":[{"count":0,"href":"https:\/\/neomarca.pt\/pt\/wp-json\/wp\/v2\/posts\/2036\/revisions"}],"wp:featuredmedia":[{"embeddable":true,"href":"https:\/\/neomarca.pt\/pt\/wp-json\/wp\/v2\/media\/1977"}],"wp:attachment":[{"href":"https:\/\/neomarca.pt\/pt\/wp-json\/wp\/v2\/media?parent=2036"}],"wp:term":[{"taxonomy":"category","embeddable":true,"href":"https:\/\/neomarca.pt\/pt\/wp-json\/wp\/v2\/categories?post=2036"},{"taxonomy":"post_tag","embeddable":true,"href":"https:\/\/neomarca.pt\/pt\/wp-json\/wp\/v2\/tags?post=2036"}],"curies":[{"name":"wp","href":"https:\/\/api.w.org\/{rel}","templated":true}]}}