{"id":2622,"date":"2018-07-13T15:30:23","date_gmt":"2018-07-13T14:30:23","guid":{"rendered":"https:\/\/neomarca.pt\/staging2\/?p=2622"},"modified":"2023-10-27T08:12:57","modified_gmt":"2023-10-27T07:12:57","slug":"governo-reforca-apoio-a-startups","status":"publish","type":"post","link":"https:\/\/neomarca.pt\/pt\/noticias\/governo-reforca-apoio-a-startups\/","title":{"rendered":"Governo refor\u00e7a apoio a startups"},"content":{"rendered":"\t\t<div data-elementor-type=\"wp-post\" data-elementor-id=\"2622\" class=\"elementor elementor-2622\" data-elementor-post-type=\"post\">\n\t\t\t\t\t\t<section class=\"elementor-section elementor-top-section elementor-element elementor-element-332f51ec elementor-section-boxed elementor-section-height-default elementor-section-height-default\" data-id=\"332f51ec\" data-element_type=\"section\">\n\t\t\t\t\t\t<div class=\"elementor-container elementor-column-gap-default\">\n\t\t\t\t\t<div class=\"elementor-column elementor-col-100 elementor-top-column elementor-element elementor-element-30877303\" data-id=\"30877303\" data-element_type=\"column\">\n\t\t\t<div class=\"elementor-widget-wrap elementor-element-populated\">\n\t\t\t\t\t\t<div class=\"elementor-element elementor-element-391eeb00 elementor-widget elementor-widget-text-editor\" data-id=\"391eeb00\" data-element_type=\"widget\" data-widget_type=\"text-editor.default\">\n\t\t\t\t<div class=\"elementor-widget-container\">\n\t\t\t\t\t\t\t<h3><strong>O Governo lan\u00e7ou, no passado dia, 9 de julho um conjunto de novas medidas de apoio a empresas na \u00e1rea tecnol\u00f3gica e turismo, bem como, financiamento ao investimento estrangeiro.<\/strong><\/h3><p>Captar investimento estrangeiro \u00e9 um dos objetivos das medidas apresentadas. Ser\u00e1 criado um\u00a0fundo de coinvestimento internacional de 200 milh\u00f5es de euros (100 milh\u00f5es de euros de Portugal + 100 milh\u00f5es do estrangeiro) para sediar fundos de capital de risco em territ\u00f3rio nacional. Gerida pelo IFD (\u2018Banco de Fomento), esta medida vai permitir que os fundos possam investir em v\u00e1rias empresas que estejam em fase de crescimento acelerado.<\/p><p><strong>O ADN Start Up<\/strong>\u00a0vai financiar as startups, que tiverem at\u00e9 quatro anos, e que tenham um m\u00ednimo de 15% de capitais pr\u00f3prios. Cada empresa pode receber at\u00e9 50 mil euros numa primeira fase. As inje\u00e7\u00f5es de capital ser\u00e3o complementadas com linhas de cofinanciamento para que incubadoras e aceleradoras possam investir em startups e ainda um esquema de transforma\u00e7\u00e3o de posi\u00e7\u00f5es nas startups em empr\u00e9stimos a m\u00e9dio e longo prazo. Ser\u00e1 tamb\u00e9m criado um incentivo fiscal para que as startups com menos de seis anos possam reter os seus talentos.<\/p><p>O\u00a0<strong>KEEP &#8211;\u00a0Key Employee Engagement Program &#8211;<\/strong>\u00a0para empresas de base tecnol\u00f3gica com menos de seis anos que consigam competir com outras empresas no recrutamento e reten\u00e7\u00e3o de quadros altamente qualificados.\u00a0 Segundo o Minist\u00e9rio da Economia, \u00abAtrav\u00e9s desta iniciativa, as &#8216;startups&#8217; poder\u00e3o pagar aos seus trabalhadores com participa\u00e7\u00f5es em capital da empresa, sendo que os ganhos resultantes das participa\u00e7\u00f5es sociais pelos trabalhadores est\u00e3o isentos de IRS.\u00bb<\/p><p>Cria\u00e7\u00e3o do\u00a0<strong>Tech Visa<\/strong>, um visto destinado a trabalhadores qualificados vindos de pa\u00edses de fora do espa\u00e7o Schengen e a realiza\u00e7\u00e3o\u00a0de um balc\u00e3o bilingue (portugu\u00eas e ingl\u00eas) que apoie os empreendedores na cria\u00e7\u00e3o da sua empresa no territ\u00f3rio portugu\u00eas.<\/p><p><strong>O Vale Incuba\u00e7\u00e3o<\/strong>, que se destina a empresas com menos de um ano, na \u00e1rea do empreendedorismo vai ter\u00a0candidaturas em cont\u00ednuo e aumentar o valor m\u00e1ximo de apoio para 7.500\u20ac, excepto para startups com sede na regi\u00e3o de Lisboa (com o apoio a ficar-se pelos 5 mil euros). O pr\u00f3ximo aviso de candidaturas ser\u00e1 aberto ainda durante este m\u00eas de julho, segundo o Governo.<\/p><p>Vai ser criado um centro de inova\u00e7\u00e3o no Turismo, no\u00a0qual vai nascer a\u00a0<strong>Digital Tourismo Academy<\/strong>, um programa de capacita\u00e7\u00e3o de empresas tur\u00edsticas para o digital.\u00a0Este centro exclusivamente dedicado \u00e0s startups do turismo \u201cter\u00e1 como miss\u00e3o promover a inova\u00e7\u00e3o no setor do Turismo, apoiando o desenvolvimento de novas ideias de neg\u00f3cio, o desenvolvimento e experimenta\u00e7\u00e3o de projetos e a capacita\u00e7\u00e3o das empresas no dom\u00ednio da inova\u00e7\u00e3o e da economia digital\u201d, refere fonte oficial do Minist\u00e9rio da Economia.<\/p><p>Ser\u00e1 ainda criado o<strong>\u00a0Startup Center<\/strong>, uma plataforma digital de mapeamento das startups e das incubadoras nacionais, que vai incluir informa\u00e7\u00e3o centralizada sobre todo o tipo de linhas de apoio dispon\u00edveis para este ecossistema.\u00a0Esta plataforma atribui aos empreendedores e startups o pitch voucher, uma senha de acesso que permite a estas empresas entrarem em contacto nesta rede e desenvolverem rela\u00e7\u00f5es de financiamento e novos clientes, bem como programas de mentoring.<\/p><p>Estas e outras medidas ser\u00e3o implentadas nos pr\u00f3ximos meses, de acordo com o Governo.<\/p><p>\u00a0<\/p><p>Fontes:<\/p><p><a href=\"https:\/\/expresso.sapo.pt\/economia\/2018-07-09-Governo-lanca-19-medidas-para-acelerar-empreendedorismo-em-Portugal#gs.SHUplvw\" target=\"_blank\" rel=\"noopener noreferrer\">Expresso<\/a><\/p><p><a href=\"https:\/\/www.dn.pt\/edicao-do-dia\/09-jul-2018\/interior\/apoio-as-startups-recebe-injecao-de-300-milhoes-9565478.html?target=conteudo_fechado\" target=\"_blank\" rel=\"noopener noreferrer\">DN.pt<\/a><\/p><p><a href=\"https:\/\/www.dinheirovivo.pt\/fazedores\/startup-portugal-com-investimento-reforcado-conheca-as-novas-medidas\/\" target=\"_blank\" rel=\"noopener noreferrer\">Dinheirovivo.pt<\/a><\/p><p>\u00a0<\/p>\t\t\t\t\t\t<\/div>\n\t\t\t\t<\/div>\n\t\t\t\t\t<\/div>\n\t\t<\/div>\n\t\t\t\t\t<\/div>\n\t\t<\/section>\n\t\t\t\t<\/div>\n\t\t","protected":false},"excerpt":{"rendered":"<p>O Governo lan\u00e7ou, no passado dia, 9 de julho um conjunto de novas medidas de apoio a empresas na \u00e1rea tecnol\u00f3gica e turismo, bem como, financiamento ao investimento estrangeiro. Captar investimento estrangeiro \u00e9 um dos objetivos das medidas apresentadas. Ser\u00e1 criado um\u00a0fundo de coinvestimento internacional de 200 milh\u00f5es de euros (100 milh\u00f5es de euros de&hellip;<\/p>\n","protected":false},"author":3,"featured_media":2624,"comment_status":"closed","ping_status":"open","sticky":false,"template":"","format":"standard","meta":{"_monsterinsights_skip_tracking":false,"_monsterinsights_sitenote_active":false,"_monsterinsights_sitenote_note":"","_monsterinsights_sitenote_category":0,"footnotes":""},"categories":[238],"tags":[254,282],"class_list":["post-2622","post","type-post","status-publish","format-standard","has-post-thumbnail","hentry","category-noticias","tag-apoio-ao-financiamento","tag-empresas"],"acf":[],"_links":{"self":[{"href":"https:\/\/neomarca.pt\/pt\/wp-json\/wp\/v2\/posts\/2622","targetHints":{"allow":["GET"]}}],"collection":[{"href":"https:\/\/neomarca.pt\/pt\/wp-json\/wp\/v2\/posts"}],"about":[{"href":"https:\/\/neomarca.pt\/pt\/wp-json\/wp\/v2\/types\/post"}],"author":[{"embeddable":true,"href":"https:\/\/neomarca.pt\/pt\/wp-json\/wp\/v2\/users\/3"}],"replies":[{"embeddable":true,"href":"https:\/\/neomarca.pt\/pt\/wp-json\/wp\/v2\/comments?post=2622"}],"version-history":[{"count":0,"href":"https:\/\/neomarca.pt\/pt\/wp-json\/wp\/v2\/posts\/2622\/revisions"}],"wp:featuredmedia":[{"embeddable":true,"href":"https:\/\/neomarca.pt\/pt\/wp-json\/wp\/v2\/media\/2624"}],"wp:attachment":[{"href":"https:\/\/neomarca.pt\/pt\/wp-json\/wp\/v2\/media?parent=2622"}],"wp:term":[{"taxonomy":"category","embeddable":true,"href":"https:\/\/neomarca.pt\/pt\/wp-json\/wp\/v2\/categories?post=2622"},{"taxonomy":"post_tag","embeddable":true,"href":"https:\/\/neomarca.pt\/pt\/wp-json\/wp\/v2\/tags?post=2622"}],"curies":[{"name":"wp","href":"https:\/\/api.w.org\/{rel}","templated":true}]}}