{"id":2626,"date":"2018-07-14T10:34:34","date_gmt":"2018-07-14T09:34:34","guid":{"rendered":"https:\/\/neomarca.pt\/staging2\/?p=2626"},"modified":"2023-10-27T08:16:01","modified_gmt":"2023-10-27T07:16:01","slug":"linha-capitalizar-2018","status":"publish","type":"post","link":"https:\/\/neomarca.pt\/pt\/noticias\/linha-capitalizar-2018\/","title":{"rendered":"Linha Capitalizar 2018"},"content":{"rendered":"\t\t<div data-elementor-type=\"wp-post\" data-elementor-id=\"2626\" class=\"elementor elementor-2626\" data-elementor-post-type=\"post\">\n\t\t\t\t\t\t<section class=\"elementor-section elementor-top-section elementor-element elementor-element-5e18f2ea elementor-section-boxed elementor-section-height-default elementor-section-height-default\" data-id=\"5e18f2ea\" data-element_type=\"section\">\n\t\t\t\t\t\t<div class=\"elementor-container elementor-column-gap-default\">\n\t\t\t\t\t<div class=\"elementor-column elementor-col-100 elementor-top-column elementor-element elementor-element-3f487c36\" data-id=\"3f487c36\" data-element_type=\"column\">\n\t\t\t<div class=\"elementor-widget-wrap elementor-element-populated\">\n\t\t\t\t\t\t<div class=\"elementor-element elementor-element-2cf7f50e elementor-widget elementor-widget-text-editor\" data-id=\"2cf7f50e\" data-element_type=\"widget\" data-widget_type=\"text-editor.default\">\n\t\t\t\t<div class=\"elementor-widget-container\">\n\t\t\t\t\t\t\t<p style=\"margin: 0cm 0cm 8.25pt 0cm;\"><span style=\"font-family: Verdana, sans-serif;\">No \u00e2mbito da linha\u00a0Capitalizar 2018 ser\u00e3o lan\u00e7ados novos instrumentos de financiamento que\u00a0totalizam um montante de\u00a03500 milh\u00f5es de euros.<\/span><\/p><p style=\"margin: 0cm 0cm 8.25pt 0cm;\"><span style=\"font-family: Verdana, sans-serif;\">O Ministro da Economia salientou que foram alargadas as condi\u00e7\u00f5es de acesso \u00aba um novo tipo de empresas que v\u00e3o at\u00e9 aos 3000 trabalhadores, empresas que s\u00e3o essenciais ao processo de inova\u00e7\u00e3o e moderniza\u00e7\u00e3o da economia portuguesa e a empresas que s\u00e3o essenciais para a exporta\u00e7\u00e3o\u00bb.<\/span><\/p><p>\u00a0<\/p><p style=\"margin: 0cm 0cm 8.25pt 0cm;\"><span style=\"font-family: Verdana, sans-serif;\">Durante a sess\u00e3o de apresenta\u00e7\u00e3o, que decorreu no passado dia 11 de julho, o\u00a0Ministro da Economia, Manuel Caldeira Cabral \u00a0referiu que \u00abmuito do processo de exporta\u00e7\u00e3o e seu aumento est\u00e1 a ser feito por Pequenas e M\u00e9didas Empresas mas tamb\u00e9m por MidCaps, que s\u00e3o empresas de m\u00e9dia dimens\u00e3o e que est\u00e3o mais bem posicionadas para se afirmarem nos mercados globais\u00bb.<\/span><\/p><p>\u00a0<\/p><p style=\"margin: 0cm 0cm 8.25pt 0cm;\"><span style=\"font-family: Verdana, sans-serif;\">O Ministro da Economia salientou tamb\u00e9m que a linha MidCaps \u00e9 a primeira que \u00absubstancia um instrumento de on-lending\u00bb, que permite a uma organiza\u00e7\u00e3o emprestar dinheiro que lhe foi emprestado.\u00a0\u00abO on-lending \u00e9 importante porque alarga as fontes de financiamento da economia portuguesa. Estamos a trazer financiamento do Banco Europeu de Investimento para a economia portuguesa e a distribuir pela banca, que \u00e9 que quem vai depois distribuir este investimento\u00bb pelas empresas, afirmou.<\/span><\/p><p>\u00a0<\/p><p style=\"margin: 0cm 0cm 8.25pt 0cm;\"><span style=\"font-family: Verdana, sans-serif;\">O\u00a0<strong><span style=\"font-family: 'Verdana',sans-serif;\">Programa Capitalizar<\/span><\/strong> possui cinco eixos estrat\u00e9gicos \u2013 simplifica\u00e7\u00e3o administrativa, fiscalidade, reestrutura\u00e7\u00e3o empresarial, financiamento e mercado de capitais \u2013 e tem como objetivo capitalizar pequenas PME, promover estruturas financeiras nas empresas mais equilibradas, reduzir os passivos das empresas economicamente vi\u00e1veis, bem como a melhor as condi\u00e7\u00f5es de acesso ao financiamento por parte das microempresas e PME. A linha Capitalizar 2017, no valor de 1.600 milh\u00f5es de euros, foi respons\u00e1vel pela aplica\u00e7\u00e3o, em m\u00e9dia, de 140 milh\u00f5es de euros por m\u00eas na economia, segundo dados revelados pelo Minist\u00e9rio da Economia.<\/span><\/p><p>\u00a0<\/p>\t\t\t\t\t\t<\/div>\n\t\t\t\t<\/div>\n\t\t\t\t\t<\/div>\n\t\t<\/div>\n\t\t\t\t\t<\/div>\n\t\t<\/section>\n\t\t\t\t<\/div>\n\t\t","protected":false},"excerpt":{"rendered":"<p>No \u00e2mbito da linha\u00a0Capitalizar 2018 ser\u00e3o lan\u00e7ados novos instrumentos de financiamento que\u00a0totalizam um montante de\u00a03500 milh\u00f5es de euros. O Ministro da Economia salientou que foram alargadas as condi\u00e7\u00f5es de acesso \u00aba um novo tipo de empresas que v\u00e3o at\u00e9 aos 3000 trabalhadores, empresas que s\u00e3o essenciais ao processo de inova\u00e7\u00e3o e moderniza\u00e7\u00e3o da economia portuguesa&hellip;<\/p>\n","protected":false},"author":3,"featured_media":2627,"comment_status":"closed","ping_status":"open","sticky":false,"template":"","format":"standard","meta":{"_monsterinsights_skip_tracking":false,"_monsterinsights_sitenote_active":false,"_monsterinsights_sitenote_note":"","_monsterinsights_sitenote_category":0,"footnotes":""},"categories":[238],"tags":[254,282],"class_list":["post-2626","post","type-post","status-publish","format-standard","has-post-thumbnail","hentry","category-noticias","tag-apoio-ao-financiamento","tag-empresas"],"acf":[],"_links":{"self":[{"href":"https:\/\/neomarca.pt\/pt\/wp-json\/wp\/v2\/posts\/2626","targetHints":{"allow":["GET"]}}],"collection":[{"href":"https:\/\/neomarca.pt\/pt\/wp-json\/wp\/v2\/posts"}],"about":[{"href":"https:\/\/neomarca.pt\/pt\/wp-json\/wp\/v2\/types\/post"}],"author":[{"embeddable":true,"href":"https:\/\/neomarca.pt\/pt\/wp-json\/wp\/v2\/users\/3"}],"replies":[{"embeddable":true,"href":"https:\/\/neomarca.pt\/pt\/wp-json\/wp\/v2\/comments?post=2626"}],"version-history":[{"count":0,"href":"https:\/\/neomarca.pt\/pt\/wp-json\/wp\/v2\/posts\/2626\/revisions"}],"wp:featuredmedia":[{"embeddable":true,"href":"https:\/\/neomarca.pt\/pt\/wp-json\/wp\/v2\/media\/2627"}],"wp:attachment":[{"href":"https:\/\/neomarca.pt\/pt\/wp-json\/wp\/v2\/media?parent=2626"}],"wp:term":[{"taxonomy":"category","embeddable":true,"href":"https:\/\/neomarca.pt\/pt\/wp-json\/wp\/v2\/categories?post=2626"},{"taxonomy":"post_tag","embeddable":true,"href":"https:\/\/neomarca.pt\/pt\/wp-json\/wp\/v2\/tags?post=2626"}],"curies":[{"name":"wp","href":"https:\/\/api.w.org\/{rel}","templated":true}]}}