{"id":2674,"date":"2018-10-04T17:39:32","date_gmt":"2018-10-04T16:39:32","guid":{"rendered":"https:\/\/neomarca.pt\/staging2\/?p=2674"},"modified":"2023-10-27T09:03:18","modified_gmt":"2023-10-27T08:03:18","slug":"projeto-algarve-tech-hub-recebe-apoio-da-altice-portugal-e-altice-labs","status":"publish","type":"post","link":"https:\/\/neomarca.pt\/pt\/noticias\/projeto-algarve-tech-hub-recebe-apoio-da-altice-portugal-e-altice-labs\/","title":{"rendered":"Projeto Algarve Tech Hub recebe apoio da Altice Portugal e Altice Labs"},"content":{"rendered":"\t\t<div data-elementor-type=\"wp-post\" data-elementor-id=\"2674\" class=\"elementor elementor-2674\" data-elementor-post-type=\"post\">\n\t\t\t\t\t\t<section class=\"elementor-section elementor-top-section elementor-element elementor-element-1abdf37f elementor-section-boxed elementor-section-height-default elementor-section-height-default\" data-id=\"1abdf37f\" data-element_type=\"section\">\n\t\t\t\t\t\t<div class=\"elementor-container elementor-column-gap-default\">\n\t\t\t\t\t<div class=\"elementor-column elementor-col-100 elementor-top-column elementor-element elementor-element-75f7881f\" data-id=\"75f7881f\" data-element_type=\"column\">\n\t\t\t<div class=\"elementor-widget-wrap elementor-element-populated\">\n\t\t\t\t\t\t<div class=\"elementor-element elementor-element-5211d48d elementor-widget elementor-widget-text-editor\" data-id=\"5211d48d\" data-element_type=\"widget\" data-widget_type=\"text-editor.default\">\n\t\t\t\t<div class=\"elementor-widget-container\">\n\t\t\t\t\t\t\t<h3><strong>A Altice Portugal, atrav\u00e9s dos Altice Labs, vai integrar a iniciativa Algarve Tech Hub que pretende ser uma refer\u00eancia na \u00e1rea das tecnologias de informa\u00e7\u00e3o e comunica\u00e7\u00e3o, captando talento para a regi\u00e3o. \u00a0<\/strong><\/h3><p>Nesse sentido, a Altice Portugal assinou um protocolo de colabora\u00e7\u00e3o com a Universidade do Algarve com o intuito de desenvolver projetos acad\u00e9micos de interesse p\u00fablico ou de neg\u00f3cio que dinamizem a economia regional.<\/p><p>Alexandre Fonseca, presidente executivo da operadora de telecomunica\u00e7\u00f5es Altice Portugal, fala sobre toda a m\u00e3o-de-obra especializada que \u00e9 formada pela Universidade do Algarve e que \u201cacaba por procurar oportunidades fora da regi\u00e3o\u201d, considerando que atrav\u00e9s da Algarve Tech Hub a regi\u00e3o ter\u00e1 condi\u00e7\u00f5es e \u201ccapacidade de reter este talento e atrair outro de fora\u201d.<\/p><p>Tamb\u00e9m no Algarve, em Olh\u00e3o, ser\u00e1 assinado outro protocolo visando a \u201cdescentraliza\u00e7\u00e3o da Altice Labs para o Algarve, dinamizando o contexto de inova\u00e7\u00e3o, desenvolvimento tecnol\u00f3gico e promo\u00e7\u00e3o do investimento privado no concelho e na regi\u00e3o\u201d.<\/p><p>\u00a0<\/p><p>Fonte:\u00a0<a href=\"https:\/\/jornaleconomico.sapo.pt\/noticias\/altice-labs-vai-apoiar-iniciativa-algarve-tech-hub-361636\" target=\"_blank\" rel=\"noopener noreferrer\">Jornal Econ\u00f3mico<\/a><\/p><p>\u00a0<\/p>\t\t\t\t\t\t<\/div>\n\t\t\t\t<\/div>\n\t\t\t\t\t<\/div>\n\t\t<\/div>\n\t\t\t\t\t<\/div>\n\t\t<\/section>\n\t\t\t\t<\/div>\n\t\t","protected":false},"excerpt":{"rendered":"<p>A Altice Portugal, atrav\u00e9s dos Altice Labs, vai integrar a iniciativa Algarve Tech Hub que pretende ser uma refer\u00eancia na \u00e1rea das tecnologias de informa\u00e7\u00e3o e comunica\u00e7\u00e3o, captando talento para a regi\u00e3o. \u00a0 Nesse sentido, a Altice Portugal assinou um protocolo de colabora\u00e7\u00e3o com a Universidade do Algarve com o intuito de desenvolver projetos acad\u00e9micos&hellip;<\/p>\n","protected":false},"author":3,"featured_media":2675,"comment_status":"closed","ping_status":"closed","sticky":false,"template":"","format":"standard","meta":{"_monsterinsights_skip_tracking":false,"_monsterinsights_sitenote_active":false,"_monsterinsights_sitenote_note":"","_monsterinsights_sitenote_category":0,"footnotes":""},"categories":[238],"tags":[282,306],"class_list":["post-2674","post","type-post","status-publish","format-standard","has-post-thumbnail","hentry","category-noticias","tag-empresas","tag-tecnologia"],"acf":[],"_links":{"self":[{"href":"https:\/\/neomarca.pt\/pt\/wp-json\/wp\/v2\/posts\/2674","targetHints":{"allow":["GET"]}}],"collection":[{"href":"https:\/\/neomarca.pt\/pt\/wp-json\/wp\/v2\/posts"}],"about":[{"href":"https:\/\/neomarca.pt\/pt\/wp-json\/wp\/v2\/types\/post"}],"author":[{"embeddable":true,"href":"https:\/\/neomarca.pt\/pt\/wp-json\/wp\/v2\/users\/3"}],"replies":[{"embeddable":true,"href":"https:\/\/neomarca.pt\/pt\/wp-json\/wp\/v2\/comments?post=2674"}],"version-history":[{"count":0,"href":"https:\/\/neomarca.pt\/pt\/wp-json\/wp\/v2\/posts\/2674\/revisions"}],"wp:featuredmedia":[{"embeddable":true,"href":"https:\/\/neomarca.pt\/pt\/wp-json\/wp\/v2\/media\/2675"}],"wp:attachment":[{"href":"https:\/\/neomarca.pt\/pt\/wp-json\/wp\/v2\/media?parent=2674"}],"wp:term":[{"taxonomy":"category","embeddable":true,"href":"https:\/\/neomarca.pt\/pt\/wp-json\/wp\/v2\/categories?post=2674"},{"taxonomy":"post_tag","embeddable":true,"href":"https:\/\/neomarca.pt\/pt\/wp-json\/wp\/v2\/tags?post=2674"}],"curies":[{"name":"wp","href":"https:\/\/api.w.org\/{rel}","templated":true}]}}