{"id":2685,"date":"2018-10-17T14:52:06","date_gmt":"2018-10-17T13:52:06","guid":{"rendered":"https:\/\/neomarca.pt\/staging2\/?p=2685"},"modified":"2023-10-27T09:48:07","modified_gmt":"2023-10-27T08:48:07","slug":"algarve-conquista-40-do-total-de-dormidas-turisticas-nacionais","status":"publish","type":"post","link":"https:\/\/neomarca.pt\/pt\/noticias\/algarve-conquista-40-do-total-de-dormidas-turisticas-nacionais\/","title":{"rendered":"Algarve conquista 40% do total de dormidas tur\u00edsticas nacionais"},"content":{"rendered":"\t\t<div data-elementor-type=\"wp-post\" data-elementor-id=\"2685\" class=\"elementor elementor-2685\" data-elementor-post-type=\"post\">\n\t\t\t\t\t\t<section class=\"elementor-section elementor-top-section elementor-element elementor-element-6a384236 elementor-section-boxed elementor-section-height-default elementor-section-height-default\" data-id=\"6a384236\" data-element_type=\"section\">\n\t\t\t\t\t\t<div class=\"elementor-container elementor-column-gap-default\">\n\t\t\t\t\t<div class=\"elementor-column elementor-col-100 elementor-top-column elementor-element elementor-element-78a60540\" data-id=\"78a60540\" data-element_type=\"column\">\n\t\t\t<div class=\"elementor-widget-wrap elementor-element-populated\">\n\t\t\t\t\t\t<div class=\"elementor-element elementor-element-2d0bcb37 elementor-widget elementor-widget-text-editor\" data-id=\"2d0bcb37\" data-element_type=\"widget\" data-widget_type=\"text-editor.default\">\n\t\t\t\t<div class=\"elementor-widget-container\">\n\t\t\t\t\t\t\t<h3><strong>Agosto apresentou aumento de 4,4% nas dormidas de residentes e de 2,7% no rendimento m\u00e9dio por quarto dispon\u00edvel.<\/strong><\/h3><p>Em agosto de 2018 registou-se 2,5 milh\u00f5es de h\u00f3spedes que proporcionaram 7,7 milh\u00f5es de dormidas, menos 2,2% e 2,5% (respetivamente) do que julho passado.<\/p><p>Nos primeiros 8 meses do ano, o n\u00famero de h\u00f3spedes aumentou 1,4% mas as dormidas apresentaram uma diminui\u00e7\u00e3o de 0,5%.<\/p><p>Entre janeiro e agosto, o mercado externo decresceu 2,2% no n\u00famero de dormidas, uma tend\u00eancia confirmada em agosto, com as dormidas de n\u00e3o residentes a diminu\u00edrem 4,9%, correspondendo a 5 milh\u00f5es de dormidas.<\/p><p>O mercado interno apresentou melhores resultados, crescendo 3,7% nos primeiros oito meses do ano e 4,4% em agosto (+2,2% em julho), o que corresponde a 2,7 milh\u00f5es de dormidas.<\/p><p>A estada m\u00e9dia (3,13 noites) diminui 2,2% com a redu\u00e7\u00e3o da estada m\u00e9dia de n\u00e3o residentes (-3,0%), ainda que a de residentes tenha aumentado ligeiramente (+0,3%).<\/p><p>O rendimento m\u00e9dio por quarto dispon\u00edvel (RevPAR) foi 90,2 euros em agosto, aumento de 2,7% (+5,2% em julho). O Algarve registou o RevPAR mais elevado (129,3 euros).<\/p><p>Os proveitos totais desaceleraram para um crescimento de 3,5% (-1,9 p.p. face ao aumento de julho), atingindo 522,5 milh\u00f5es de euros<\/p><p>Os proveitos de aposento tamb\u00e9m cresceram 3,5% (-2,7 p.p. comparativamente com a subida em julho), ascendendo a 408,4 milh\u00f5es de euros.<\/p><p><strong>Mercados externos<\/strong><\/p><p>Os maiores crescimentos foram registados pelos mercados norte-americano (+27,9%), canadiano (+20,9%) e brasileiro (+15,6%). Nos primeiros 8 meses do ano, destaca-se o crescimento dos mesmos mercados (+23,1%, +19,6% e +12,1%, pela mesma ordem)<\/p><p>De resto, todos os restantes 15 principais mercados externos registaram uma diminui\u00e7\u00e3o nas dormidas em agosto com os brit\u00e2nicos (20,2% do total) a diminu\u00edrem 12,3%; os espanh\u00f3is (16,8% do total) a decrescerem 1,1%; os franceses (11,5% do total) menos 8,1%; e os alem\u00e3es (9,5% do total) menos 8,9%.<\/p><p>Entre janeiro e agosto, estes mercados confirmam a queda: menos 9,4, 1,0%, 2,1% e 3,9%, respetivamente.<\/p><p><strong>Por regi\u00e3o<\/strong><\/p><p>Nas dormidas de n\u00e3o residentes, em agosto, registaram-se crescimentos apenas no Norte (+2,7%) e Alentejo (+0,5%). Os decr\u00e9scimos mais acentuados ocorreram no Centro (-13,6%), Algarve (-7,2%) e RA Madeira (-5,6%).<\/p><p>Desde o in\u00edcio do ano, real\u00e7a-se o crescimento no Alentejo (+10,1%) e no Norte (+6,3%) e, em sentido contr\u00e1rio, o decr\u00e9scimo no Centro (-10,5%).<\/p><p>A taxa l\u00edquida de ocupa\u00e7\u00e3o-cama (73,8%) reduziu-se 2,0 p.p. (-2,3 p.p. em julho), com o Algarve e a Madeira a apresentarem as taxas de ocupa\u00e7\u00e3o mais elevadas (81,1% e 80,1%, respetivamente).<\/p><p>\u00a0<\/p><p>Fonte:\u00a0<a href=\"https:\/\/www.ine.pt\/xportal\/xmain?xpid=INE&amp;xpgid=ine_destaques&amp;DESTAQUESdest_boui=315405520&amp;DESTAQUESmodo=2\" target=\"_blank\" rel=\"noopener noreferrer\">INE<\/a><\/p><p>\u00a0<\/p>\t\t\t\t\t\t<\/div>\n\t\t\t\t<\/div>\n\t\t\t\t\t<\/div>\n\t\t<\/div>\n\t\t\t\t\t<\/div>\n\t\t<\/section>\n\t\t\t\t<\/div>\n\t\t","protected":false},"excerpt":{"rendered":"<p>Agosto apresentou aumento de 4,4% nas dormidas de residentes e de 2,7% no rendimento m\u00e9dio por quarto dispon\u00edvel. Em agosto de 2018 registou-se 2,5 milh\u00f5es de h\u00f3spedes que proporcionaram 7,7 milh\u00f5es de dormidas, menos 2,2% e 2,5% (respetivamente) do que julho passado. Nos primeiros 8 meses do ano, o n\u00famero de h\u00f3spedes aumentou 1,4% mas&hellip;<\/p>\n","protected":false},"author":3,"featured_media":2689,"comment_status":"closed","ping_status":"closed","sticky":false,"template":"","format":"standard","meta":{"_monsterinsights_skip_tracking":false,"_monsterinsights_sitenote_active":false,"_monsterinsights_sitenote_note":"","_monsterinsights_sitenote_category":0,"footnotes":""},"categories":[238],"tags":[282,276],"class_list":["post-2685","post","type-post","status-publish","format-standard","has-post-thumbnail","hentry","category-noticias","tag-empresas","tag-turismo"],"acf":[],"_links":{"self":[{"href":"https:\/\/neomarca.pt\/pt\/wp-json\/wp\/v2\/posts\/2685","targetHints":{"allow":["GET"]}}],"collection":[{"href":"https:\/\/neomarca.pt\/pt\/wp-json\/wp\/v2\/posts"}],"about":[{"href":"https:\/\/neomarca.pt\/pt\/wp-json\/wp\/v2\/types\/post"}],"author":[{"embeddable":true,"href":"https:\/\/neomarca.pt\/pt\/wp-json\/wp\/v2\/users\/3"}],"replies":[{"embeddable":true,"href":"https:\/\/neomarca.pt\/pt\/wp-json\/wp\/v2\/comments?post=2685"}],"version-history":[{"count":0,"href":"https:\/\/neomarca.pt\/pt\/wp-json\/wp\/v2\/posts\/2685\/revisions"}],"wp:featuredmedia":[{"embeddable":true,"href":"https:\/\/neomarca.pt\/pt\/wp-json\/wp\/v2\/media\/2689"}],"wp:attachment":[{"href":"https:\/\/neomarca.pt\/pt\/wp-json\/wp\/v2\/media?parent=2685"}],"wp:term":[{"taxonomy":"category","embeddable":true,"href":"https:\/\/neomarca.pt\/pt\/wp-json\/wp\/v2\/categories?post=2685"},{"taxonomy":"post_tag","embeddable":true,"href":"https:\/\/neomarca.pt\/pt\/wp-json\/wp\/v2\/tags?post=2685"}],"curies":[{"name":"wp","href":"https:\/\/api.w.org\/{rel}","templated":true}]}}