{"id":2733,"date":"2019-02-15T11:00:05","date_gmt":"2019-02-15T10:00:05","guid":{"rendered":"https:\/\/neomarca.pt\/staging2\/?p=2733"},"modified":"2023-10-27T11:12:17","modified_gmt":"2023-10-27T10:12:17","slug":"acordo-de-parceria-economica-entre-eu-e-japao-entre-em-vigor","status":"publish","type":"post","link":"https:\/\/neomarca.pt\/pt\/noticias\/acordo-de-parceria-economica-entre-eu-e-japao-entre-em-vigor\/","title":{"rendered":"Acordo de Parceria Econ\u00f3mica entre EU e Jap\u00e3o entre em vigor"},"content":{"rendered":"\t\t<div data-elementor-type=\"wp-post\" data-elementor-id=\"2733\" class=\"elementor elementor-2733\" data-elementor-post-type=\"post\">\n\t\t\t\t\t\t<section class=\"elementor-section elementor-top-section elementor-element elementor-element-57a9d7e elementor-section-boxed elementor-section-height-default elementor-section-height-default\" data-id=\"57a9d7e\" data-element_type=\"section\">\n\t\t\t\t\t\t<div class=\"elementor-container elementor-column-gap-default\">\n\t\t\t\t\t<div class=\"elementor-column elementor-col-100 elementor-top-column elementor-element elementor-element-77ff6410\" data-id=\"77ff6410\" data-element_type=\"column\">\n\t\t\t<div class=\"elementor-widget-wrap elementor-element-populated\">\n\t\t\t\t\t\t<div class=\"elementor-element elementor-element-5fcf9a2b elementor-widget elementor-widget-text-editor\" data-id=\"5fcf9a2b\" data-element_type=\"widget\" data-widget_type=\"text-editor.default\">\n\t\t\t\t<div class=\"elementor-widget-container\">\n\t\t\t\t\t\t\t<h3><strong>Em vigor desde o in\u00edcio de fevereiro, o acordo econ\u00f3mico entre a Uni\u00e3o Europeia e o Jap\u00e3o pretende aproximar as duas pot\u00eancias econ\u00f3micas e promover o com\u00e9rcio livre.\u00a0<\/strong><\/h3><p>Segundo o presidente da Comiss\u00e3o Europeia, Jean-Claude Juncker, \u201ca Europa e o Jap\u00e3o enviam ao mundo uma mensagem sobre o futuro do com\u00e9rcio livre e justo. Ao abrirmos um novo mercado de 635 milh\u00f5es de pessoas, que representa quase um ter\u00e7o do produto interno bruto mundial, aproximamos mais do que nunca os cidad\u00e3os da Europa e do Jap\u00e3o\u201d.<\/p><p>Refere ainda que \u201co novo acordo proporcionar\u00e1 aos consumidores uma maior escolha e pre\u00e7os mais baixos; proteger\u00e1 produtos europeus de conhecida reputa\u00e7\u00e3o no Jap\u00e3o e vice-versa; dar\u00e1 \u00e0s pequenas empresas de ambas as partes a oportunidade de se estabelecerem num mercado completamente novo; as empresas europeias poupar\u00e3o anualmente, mil milh\u00f5es de euros em direitos e o com\u00e9rcio que j\u00e1 desenvolvemos conhecer\u00e1 uma acelera\u00e7\u00e3o sem precedentes\u201d.<\/p><p>O acordo \u201cassenta em valores e em princ\u00edpios, e orienta-se pela equidade. Assegura que os nossos princ\u00edpios em dom\u00ednios como o trabalho, a seguran\u00e7a, o clima e a defesa dos consumidores s\u00e3o o padr\u00e3o de excel\u00eancia a n\u00edvel mundial. Tal s\u00f3 pode acontecer porque trabalhamos com parceiros naturais, separados por milhares de quil\u00f3metros, \u00e9 certo, mas unidos em termos de amizade e valores\u201d, conclui Juncker.<\/p><p>\u00a0<\/p><p>VANTAGENS<\/p><p><strong>Elimina\u00e7\u00e3o dos direitos aduaneiros aplicados a bens<\/strong><\/p><p>&#8211; quando o acordo estiver plenamento aplicado, ser\u00e3o suprimidos os direitos aduaneiros sobre 97% das mercadorias importadas da EU, sendo as maiores oportunidades para as ind\u00fastrias de Vinhos de uvas frescas; Queijo de pasta dura; Vestu\u00e1rio; T\u00e9xteis-lar; Conserva de tomate; Cal\u00e7ado e Peles e Couro.<\/p><p><strong>Redu\u00e7\u00e3o de barreiras criadas por diferentes regras e regulamentos<\/strong><\/p><p>&#8211; maiores oportunidades para as ind\u00fastrias de Ve\u00edculos autom\u00f3veis; Farmac\u00eauticos, T\u00e9xteis e vestu\u00e1rio e Agroalimentares, que ver\u00e3o a simplifica\u00e7\u00e3o de procedimentos de aprova\u00e7\u00e3o e desalfandegamento e o alinhamento pelas mesmas normas internacionais que regulamentam cada setor.<\/p><p><strong>Abertura do mercado de servi\u00e7os<\/strong><\/p><p>&#8211; maiores oportunidades para as Telecomunica\u00e7\u00f5es, Transporte Mar\u00edtimo e Mobilidade, com a facilita\u00e7\u00e3o de entrada e estadia tempor\u00e1ria, acesso a portos e servi\u00e7os portu\u00e1rios e cria\u00e7\u00e3o de condi\u00e7\u00f5es de concorr\u00eancia equitativas.<\/p><p><strong>Maior acesso a contratos p\u00fablicos<\/strong><\/p><p>&#8211; garantia de tratamento n\u00e3o discriminat\u00f3rio das empresas europeias em concursos p\u00fablicos ao n\u00edvel central e ao n\u00edvel local, incluindo 48 cidades principais que concentram 15% da popula\u00e7\u00e3o japonesa.<\/p><p><strong>Prote\u00e7\u00e3o das nossas Indica\u00e7\u00f5es Geogr\u00e1ficas (IG)<\/strong><\/p><p>&#8211; 205 IG europeias, 11 IG portuguesas, Vinhos (Alentejo, Bairrada, D\u00e3o, Douro, Lisboa, Madeira, Porto, Tejo, Vinho Verde) e Outros (P\u00eara Rocha do Oesta e Queijo S. Jorge).<\/p><p>\u00a0<\/p><p>Fonte:\u00a0<a href=\"https:\/\/jornaleconomico.sapo.pt\/noticias\/acordo-comercial-uniao-europeia-japao-entra-em-vigor-405431\" target=\"_blank\" rel=\"noopener noreferrer\">Jornal Econ\u00f3mico<\/a>\u00a0e\u00a0<a href=\"https:\/\/www.ccip.pt\/images\/noticias\/japao.pdf\" target=\"_blank\" rel=\"noopener noreferrer\">Direc\u00e7\u00e3o Geral das Actividades Econ\u00f3micas (DGAE)<\/a><\/p><p>\u00a0<\/p>\t\t\t\t\t\t<\/div>\n\t\t\t\t<\/div>\n\t\t\t\t\t<\/div>\n\t\t<\/div>\n\t\t\t\t\t<\/div>\n\t\t<\/section>\n\t\t\t\t<\/div>\n\t\t","protected":false},"excerpt":{"rendered":"<p>Em vigor desde o in\u00edcio de fevereiro, o acordo econ\u00f3mico entre a Uni\u00e3o Europeia e o Jap\u00e3o pretende aproximar as duas pot\u00eancias econ\u00f3micas e promover o com\u00e9rcio livre.\u00a0 Segundo o presidente da Comiss\u00e3o Europeia, Jean-Claude Juncker, \u201ca Europa e o Jap\u00e3o enviam ao mundo uma mensagem sobre o futuro do com\u00e9rcio livre e justo. Ao&hellip;<\/p>\n","protected":false},"author":3,"featured_media":2735,"comment_status":"closed","ping_status":"open","sticky":false,"template":"","format":"standard","meta":{"_monsterinsights_skip_tracking":false,"_monsterinsights_sitenote_active":false,"_monsterinsights_sitenote_note":"","_monsterinsights_sitenote_category":0,"footnotes":""},"categories":[238],"tags":[282],"class_list":["post-2733","post","type-post","status-publish","format-standard","has-post-thumbnail","hentry","category-noticias","tag-empresas"],"acf":[],"_links":{"self":[{"href":"https:\/\/neomarca.pt\/pt\/wp-json\/wp\/v2\/posts\/2733","targetHints":{"allow":["GET"]}}],"collection":[{"href":"https:\/\/neomarca.pt\/pt\/wp-json\/wp\/v2\/posts"}],"about":[{"href":"https:\/\/neomarca.pt\/pt\/wp-json\/wp\/v2\/types\/post"}],"author":[{"embeddable":true,"href":"https:\/\/neomarca.pt\/pt\/wp-json\/wp\/v2\/users\/3"}],"replies":[{"embeddable":true,"href":"https:\/\/neomarca.pt\/pt\/wp-json\/wp\/v2\/comments?post=2733"}],"version-history":[{"count":0,"href":"https:\/\/neomarca.pt\/pt\/wp-json\/wp\/v2\/posts\/2733\/revisions"}],"wp:featuredmedia":[{"embeddable":true,"href":"https:\/\/neomarca.pt\/pt\/wp-json\/wp\/v2\/media\/2735"}],"wp:attachment":[{"href":"https:\/\/neomarca.pt\/pt\/wp-json\/wp\/v2\/media?parent=2733"}],"wp:term":[{"taxonomy":"category","embeddable":true,"href":"https:\/\/neomarca.pt\/pt\/wp-json\/wp\/v2\/categories?post=2733"},{"taxonomy":"post_tag","embeddable":true,"href":"https:\/\/neomarca.pt\/pt\/wp-json\/wp\/v2\/tags?post=2733"}],"curies":[{"name":"wp","href":"https:\/\/api.w.org\/{rel}","templated":true}]}}