{"id":3608,"date":"2019-08-14T12:29:58","date_gmt":"2019-08-14T11:29:58","guid":{"rendered":"https:\/\/neomarca.pt\/staging2\/?p=3608"},"modified":"2023-10-27T11:56:16","modified_gmt":"2023-10-27T10:56:16","slug":"rgpd-promulgada-a-leida-protecao-de-dados","status":"publish","type":"post","link":"https:\/\/neomarca.pt\/pt\/noticias\/rgpd-promulgada-a-leida-protecao-de-dados\/","title":{"rendered":"RGPD: promulgada a lei da Prote\u00e7\u00e3o de Dados"},"content":{"rendered":"\t\t<div data-elementor-type=\"wp-post\" data-elementor-id=\"3608\" class=\"elementor elementor-3608\" data-elementor-post-type=\"post\">\n\t\t\t\t\t\t<section class=\"elementor-section elementor-top-section elementor-element elementor-element-2069bf39 elementor-section-boxed elementor-section-height-default elementor-section-height-default\" data-id=\"2069bf39\" data-element_type=\"section\">\n\t\t\t\t\t\t<div class=\"elementor-container elementor-column-gap-default\">\n\t\t\t\t\t<div class=\"elementor-column elementor-col-100 elementor-top-column elementor-element elementor-element-5d5b1e93\" data-id=\"5d5b1e93\" data-element_type=\"column\">\n\t\t\t<div class=\"elementor-widget-wrap elementor-element-populated\">\n\t\t\t\t\t\t<div class=\"elementor-element elementor-element-e41f925 elementor-widget elementor-widget-text-editor\" data-id=\"e41f925\" data-element_type=\"widget\" data-widget_type=\"text-editor.default\">\n\t\t\t\t<div class=\"elementor-widget-container\">\n\t\t\t\t\t\t\t<p>Por ser um regulamento, o RGPD entrou automaticamente em vigor em todos os pa\u00edses da Uni\u00e3o Europeia a 25 de maio de 2018, depois de um per\u00edodo de dois anos de transi\u00e7\u00e3o.<\/p><p>A \u00a0Lei n.\u00ba 59\/2019 aprova as regras relativas ao tratamento de dados pessoais para efeitos de preven\u00e7\u00e3o, dete\u00e7\u00e3o, investiga\u00e7\u00e3o ou repress\u00e3o de infra\u00e7\u00f5es penais ou de execu\u00e7\u00e3o de san\u00e7\u00f5es penais, transpondo a Diretiva (UE) 2016\/680 do Parlamento Europeu e do Conselho, de 27 de abril de 2016.<\/p><p>Al\u00e9m da lei de execu\u00e7\u00e3o nacional do RGPD, foi tamb\u00e9m\u00a0publicada em Di\u00e1rio da Rep\u00fablica a Lei n\u00ba 59\/2019, que aprova as regras relativas ao tratamento de dados pessoais para efeitos de preven\u00e7\u00e3o, dete\u00e7\u00e3o, investiga\u00e7\u00e3o ou repress\u00e3o de infra\u00e7\u00f5es penais ou de execu\u00e7\u00e3o de san\u00e7\u00f5es penais. Esta lei transp\u00f5e a diretiva 2016\/680, de 27 de abril de 2016.<\/p><p>As multas por infra\u00e7\u00f5es consideradas muito graves podem chegar a 4% do volume de neg\u00f3cios anual de uma organiza\u00e7\u00e3o, com um limite de 20 milh\u00f5es de euros no caso das grandes empresas e 2 milh\u00f5es nas PME. No caso de pessoas singulares o limite das coimas foi fixado em 500 mil euros.<\/p><p>\u00a0<\/p><p><strong>A quem se aplica o RGPD?<\/strong><\/p><p>O RGPD aplica-se a todas as <b>empresas e organiza\u00e7\u00f5es p\u00fablicas ou privadas situadas em territ\u00f3rio Europeu<\/b>\u00a0e \u00e0quelas que, mesmo estando fora da Uni\u00e3o Europeia, prestem servi\u00e7os ou comercializem os seus produtos a cidad\u00e3os a\u00ed residentes.<\/p><p>A entrada em vigor da Lei n.\u00ba 58\/2019 de 8 de Agosto coloca desafios e responsabilidades \u00e0s empresas que devem ser encarados oportunidade para efetuar o tratamento de dados melhorando a seguran\u00e7a destes e criando uma rela\u00e7\u00e3o de confian\u00e7a com os clientes. O RGPD afeta toda a organiza\u00e7\u00e3o, todos os departamentos e todos os colaboradores.<\/p><p>Para saber se a sua empresa est\u00e1 em conformidade com este novo regulamento de prote\u00e7\u00e3o de dados, n\u00e3o hesite em contactar, basta agendar uma reuni\u00e3o com a nossa equipa:\u00a0<a href=\"mailto:info@neomarca.pt\">info@neomarca.pt<\/a>.<\/p><p>\u00a0<\/p>\t\t\t\t\t\t<\/div>\n\t\t\t\t<\/div>\n\t\t\t\t\t<\/div>\n\t\t<\/div>\n\t\t\t\t\t<\/div>\n\t\t<\/section>\n\t\t\t\t<\/div>\n\t\t","protected":false},"excerpt":{"rendered":"<p>Por ser um regulamento, o RGPD entrou automaticamente em vigor em todos os pa\u00edses da Uni\u00e3o Europeia a 25 de maio de 2018, depois de um per\u00edodo de dois anos de transi\u00e7\u00e3o. A \u00a0Lei n.\u00ba 59\/2019 aprova as regras relativas ao tratamento de dados pessoais para efeitos de preven\u00e7\u00e3o, dete\u00e7\u00e3o, investiga\u00e7\u00e3o ou repress\u00e3o de infra\u00e7\u00f5es&hellip;<\/p>\n","protected":false},"author":3,"featured_media":3609,"comment_status":"closed","ping_status":"closed","sticky":false,"template":"","format":"standard","meta":{"_monsterinsights_skip_tracking":false,"_monsterinsights_sitenote_active":false,"_monsterinsights_sitenote_note":"","_monsterinsights_sitenote_category":0,"footnotes":""},"categories":[238],"tags":[282,124,306],"class_list":["post-3608","post","type-post","status-publish","format-standard","has-post-thumbnail","hentry","category-noticias","tag-empresas","tag-gestao-rh","tag-tecnologia"],"acf":[],"_links":{"self":[{"href":"https:\/\/neomarca.pt\/pt\/wp-json\/wp\/v2\/posts\/3608","targetHints":{"allow":["GET"]}}],"collection":[{"href":"https:\/\/neomarca.pt\/pt\/wp-json\/wp\/v2\/posts"}],"about":[{"href":"https:\/\/neomarca.pt\/pt\/wp-json\/wp\/v2\/types\/post"}],"author":[{"embeddable":true,"href":"https:\/\/neomarca.pt\/pt\/wp-json\/wp\/v2\/users\/3"}],"replies":[{"embeddable":true,"href":"https:\/\/neomarca.pt\/pt\/wp-json\/wp\/v2\/comments?post=3608"}],"version-history":[{"count":0,"href":"https:\/\/neomarca.pt\/pt\/wp-json\/wp\/v2\/posts\/3608\/revisions"}],"wp:featuredmedia":[{"embeddable":true,"href":"https:\/\/neomarca.pt\/pt\/wp-json\/wp\/v2\/media\/3609"}],"wp:attachment":[{"href":"https:\/\/neomarca.pt\/pt\/wp-json\/wp\/v2\/media?parent=3608"}],"wp:term":[{"taxonomy":"category","embeddable":true,"href":"https:\/\/neomarca.pt\/pt\/wp-json\/wp\/v2\/categories?post=3608"},{"taxonomy":"post_tag","embeddable":true,"href":"https:\/\/neomarca.pt\/pt\/wp-json\/wp\/v2\/tags?post=3608"}],"curies":[{"name":"wp","href":"https:\/\/api.w.org\/{rel}","templated":true}]}}