{"id":3734,"date":"2020-03-23T16:26:22","date_gmt":"2020-03-23T15:26:22","guid":{"rendered":"https:\/\/neomarca.pt\/staging2\/?p=3734"},"modified":"2023-10-27T12:43:25","modified_gmt":"2023-10-27T11:43:25","slug":"covid-19-medidas-de-apoio-empresas-portugal-2020","status":"publish","type":"post","link":"https:\/\/neomarca.pt\/pt\/noticias\/covid-19-medidas-de-apoio-empresas-portugal-2020\/","title":{"rendered":"COVID-19 &#8211; Portugal 2020"},"content":{"rendered":"\t\t<div data-elementor-type=\"wp-post\" data-elementor-id=\"3734\" class=\"elementor elementor-3734\" data-elementor-post-type=\"post\">\n\t\t\t\t\t\t<section class=\"elementor-section elementor-top-section elementor-element elementor-element-42f05703 elementor-section-boxed elementor-section-height-default elementor-section-height-default\" data-id=\"42f05703\" data-element_type=\"section\">\n\t\t\t\t\t\t<div class=\"elementor-container elementor-column-gap-default\">\n\t\t\t\t\t<div class=\"elementor-column elementor-col-100 elementor-top-column elementor-element elementor-element-36f2a649\" data-id=\"36f2a649\" data-element_type=\"column\">\n\t\t\t<div class=\"elementor-widget-wrap elementor-element-populated\">\n\t\t\t\t\t\t<div class=\"elementor-element elementor-element-56234b6a elementor-widget elementor-widget-text-editor\" data-id=\"56234b6a\" data-element_type=\"widget\" data-widget_type=\"text-editor.default\">\n\t\t\t\t<div class=\"elementor-widget-container\">\n\t\t\t\t\t\t\t<p><strong>No \u00e2mbito da crise epid\u00e9mica: COVID-19, o governo de Portugal lan\u00e7ou medidas de apoio \u00e0s empresas. Os projetos no \u00e2mbito do Portugal 2020 sofreram algumas altera\u00e7\u00f5es.<\/strong><\/p><p>\u00a0<\/p><p><strong>Prazos de pagamento mais reduzidos:<\/strong><\/p><p>Pagamentos no mais curto prazo poss\u00edvel ap\u00f3s os pedidos de pagamento serem apresentados pelas empresas, podendo ser efetuados, no limite, a t\u00edtulo de adiantamento, sendo estes posteriormente regularizados com o apuramento do incentivo a pagar pelo organismo interm\u00e9dio\/organismo pagador sem qualquer formalidade para os benefici\u00e1rios.<\/p><p>\u00a0<\/p><p><strong>Diferimento das presta\u00e7\u00f5es de reembolsos de incentivos (QREN e Portugal 2020):<\/strong><\/p><p>Para as empresas com quebras do volume de neg\u00f3cios ou de reservas ou encomendas superiores a 20 %, nos dois meses anteriores ao da apresenta\u00e7\u00e3o do pedido de altera\u00e7\u00e3o do plano de reembolso face ao per\u00edodo homologo do ano anterior, o diferimento por um per\u00edodo de 12 meses das presta\u00e7\u00f5es vincendas at\u00e9 30 de setembro de 2020 relativas a subs\u00eddios reembols\u00e1veis atribu\u00eddos no \u00e2mbito de sistemas de incentivos do QREN ou do Portugal 2020 sem encargos de juros ou outra penalidade para as empresas benefici\u00e1rias.<\/p><p>\u00a0<\/p><p><strong>Elegibilidade de custos com a\u00e7\u00f5es canceladas ou adiadas:<\/strong><\/p><p>As despesas comprovadamente suportadas pelos benefici\u00e1rios em iniciativas ou a\u00e7\u00f5es canceladas ou adiadas por raz\u00f5es relacionadas com o COVID -19 previstas em projetos aprovados pelo Portugal 2020, nomeadamente nas \u00e1reas da internacionaliza\u00e7\u00e3o e da forma\u00e7\u00e3o profissional, s\u00e3o eleg\u00edveis para reembolso.<\/p><p>\u00a0<\/p><p><strong>Considera\u00e7\u00e3o do COVID-19 como motivo de for\u00e7a maior nos apoios do Portugal 2020:<\/strong><\/p><p>Os impactos negativos decorrentes do COVID -19 que deem lugar \u00e0 insuficiente concretiza\u00e7\u00e3o de a\u00e7\u00f5es ou metas, podem ser considerados motivos de for\u00e7a maior n\u00e3o imput\u00e1veis aos benefici\u00e1rios na avalia\u00e7\u00e3o dos objetivos contratualizados no \u00e2mbito dos sistemas de incentivos do Portugal 2020.<\/p><p>\u00a0<\/p><p>Estas medidas ser\u00e3o objeto de uma Orienta\u00e7\u00e3o T\u00e9cnica espec\u00edfica que determinar\u00e1 as condi\u00e7\u00f5es da sua aplica\u00e7\u00e3o.<\/p><p>\u00a0<\/p><p><strong>Prorroga\u00e7\u00e3o do prazo para a entrega de candidaturas em diversos concursos:<\/strong><\/p><p>&#8211; Aviso n.\u00ba 07\/SI\/2020 \u2013 Inova\u00e7\u00e3o Produtiva | Outras Regi\u00f5es &#8211; NOVO PRAZO 4\/05\/2020<br \/>&#8211; Aviso n.\u00ba 08\/SI\/2020 \u2013 Inova\u00e7\u00e3o Produtiva | Territ\u00f3rios de Baixa Densidade &#8211; NOVO PRAZO 30\/03\/2020<br \/>&#8211; Aviso n.\u00ba 09\/SI\/2020 \u2013 Empreendedorismo Qualificado e Criativo &#8211; NOVO PRAZO 4\/05\/2020<br \/>&#8211; Aviso n.\u00ba 17\/SI\/2019 \u2013 I&amp;DT | Copromo\u00e7\u00e3o: NOVO PRAZO 31\/05\/2020<br \/>&#8211; Aviso n.\u00ba 01\/SI\/2020 \u2013 Internacionaliza\u00e7\u00e3o PME | Projetos Individuais<br \/>&#8211; Fase I \u2013 E-commerce e Transforma\u00e7\u00e3o Digital: at\u00e9 13\/04\/20<br \/>&#8211; Fase II \u2013 Brexit: Diversifica\u00e7\u00e3o de Mercados: at\u00e9 11\/05\/20<br \/>&#8211; Fase III \u2013 Acelerador de Exporta\u00e7\u00f5es: at\u00e9 08\/06\/20<\/p><p>\u00a0<\/p><p>Mais informa\u00e7\u00f5es:<\/p><p>https:\/\/www.iapmei.pt\/Paginas\/Medidas-de-apoio-as-empresas-relacionadas-com-o-im.aspx<\/p><p>https:\/\/portugalglobal.pt\/PT\/sobre-nos\/Paginas\/covid-19-medidas-de-apoio-as-empresas.aspx<\/p>\t\t\t\t\t\t<\/div>\n\t\t\t\t<\/div>\n\t\t\t\t\t<\/div>\n\t\t<\/div>\n\t\t\t\t\t<\/div>\n\t\t<\/section>\n\t\t\t\t<\/div>\n\t\t","protected":false},"excerpt":{"rendered":"<p>Os projetos no \u00e2mbito do Portugal 2020 sofreram algumas altera\u00e7\u00f5es.<\/p>\n","protected":false},"author":3,"featured_media":3735,"comment_status":"closed","ping_status":"closed","sticky":false,"template":"","format":"standard","meta":{"_monsterinsights_skip_tracking":false,"_monsterinsights_sitenote_active":false,"_monsterinsights_sitenote_note":"","_monsterinsights_sitenote_category":0,"footnotes":""},"categories":[238],"tags":[282,122,272],"class_list":["post-3734","post","type-post","status-publish","format-standard","has-post-thumbnail","hentry","category-noticias","tag-empresas","tag-fundos-comunitarios","tag-portugal-2020"],"acf":[],"_links":{"self":[{"href":"https:\/\/neomarca.pt\/pt\/wp-json\/wp\/v2\/posts\/3734","targetHints":{"allow":["GET"]}}],"collection":[{"href":"https:\/\/neomarca.pt\/pt\/wp-json\/wp\/v2\/posts"}],"about":[{"href":"https:\/\/neomarca.pt\/pt\/wp-json\/wp\/v2\/types\/post"}],"author":[{"embeddable":true,"href":"https:\/\/neomarca.pt\/pt\/wp-json\/wp\/v2\/users\/3"}],"replies":[{"embeddable":true,"href":"https:\/\/neomarca.pt\/pt\/wp-json\/wp\/v2\/comments?post=3734"}],"version-history":[{"count":0,"href":"https:\/\/neomarca.pt\/pt\/wp-json\/wp\/v2\/posts\/3734\/revisions"}],"wp:featuredmedia":[{"embeddable":true,"href":"https:\/\/neomarca.pt\/pt\/wp-json\/wp\/v2\/media\/3735"}],"wp:attachment":[{"href":"https:\/\/neomarca.pt\/pt\/wp-json\/wp\/v2\/media?parent=3734"}],"wp:term":[{"taxonomy":"category","embeddable":true,"href":"https:\/\/neomarca.pt\/pt\/wp-json\/wp\/v2\/categories?post=3734"},{"taxonomy":"post_tag","embeddable":true,"href":"https:\/\/neomarca.pt\/pt\/wp-json\/wp\/v2\/tags?post=3734"}],"curies":[{"name":"wp","href":"https:\/\/api.w.org\/{rel}","templated":true}]}}