{"id":3908,"date":"2020-04-11T14:53:13","date_gmt":"2020-04-11T13:53:13","guid":{"rendered":"https:\/\/neomarca.pt\/staging2\/?p=3908"},"modified":"2023-10-27T13:06:45","modified_gmt":"2023-10-27T12:06:45","slug":"sifide-prazo-de-candidaturas-suspenso","status":"publish","type":"post","link":"https:\/\/neomarca.pt\/pt\/noticias\/sifide-prazo-de-candidaturas-suspenso\/","title":{"rendered":"SIFIDE &#8211; prazo de candidaturas suspenso"},"content":{"rendered":"\t\t<div data-elementor-type=\"wp-post\" data-elementor-id=\"3908\" class=\"elementor elementor-3908\" data-elementor-post-type=\"post\">\n\t\t\t\t\t\t<section class=\"elementor-section elementor-top-section elementor-element elementor-element-599d51ae elementor-section-boxed elementor-section-height-default elementor-section-height-default\" data-id=\"599d51ae\" data-element_type=\"section\">\n\t\t\t\t\t\t<div class=\"elementor-container elementor-column-gap-default\">\n\t\t\t\t\t<div class=\"elementor-column elementor-col-100 elementor-top-column elementor-element elementor-element-2fb72a1d\" data-id=\"2fb72a1d\" data-element_type=\"column\">\n\t\t\t<div class=\"elementor-widget-wrap elementor-element-populated\">\n\t\t\t\t\t\t<div class=\"elementor-element elementor-element-75c50690 elementor-widget elementor-widget-text-editor\" data-id=\"75c50690\" data-element_type=\"widget\" data-widget_type=\"text-editor.default\">\n\t\t\t\t<div class=\"elementor-widget-container\">\n\t\t\t\t\t\t\t<p><strong>O prazo para apresenta\u00e7\u00e3o de candidaturas ao SIFIDE encontra-se suspenso desde o dia 12 de mar\u00e7o por tempo indeterminado e at\u00e9 que seja declarado, por decreto-lei, o fim desta situa\u00e7\u00e3o excecional (crise epid\u00e9mica COVID-19).<\/strong><\/p><p>A informa\u00e7\u00e3o detalhada referente \u00e0 presente suspens\u00e3o ser\u00e1 disponibilizada assim que sejam conhecidos os novos prazos para o envio de candidaturas ao SIFIDE em 2020.\u00a0A suspens\u00e3o \u00e9 feita ao abrigo do disposto no artigo 7\u00ba da lei n\u00ba1-A\/2020.<\/p><p>A submiss\u00e3o de candidaturas ao SIFIDE continua aberta em perman\u00eancia desde 1 de mar\u00e7o e, a partir de 1 de junho de 2020, ir\u00e1 iniciar-se o processo de avalia\u00e7\u00e3o. As empresas s\u00e3o encorajadas a submeter as candidaturas assim que poss\u00edvel.<\/p><p>O SIFIDE visa aumentar a competitividade das empresas apoiando o seu esfor\u00e7o em Investiga\u00e7\u00e3o &amp; Desenvolvimento atrav\u00e9s da dedu\u00e7\u00e3o \u00e0 coleta do IRC de uma percentagem das respetivas despesas de I&amp;D.<\/p>\t\t\t\t\t\t<\/div>\n\t\t\t\t<\/div>\n\t\t\t\t\t<\/div>\n\t\t<\/div>\n\t\t\t\t\t<\/div>\n\t\t<\/section>\n\t\t\t\t<section class=\"elementor-section elementor-top-section elementor-element elementor-element-3c1caa3 elementor-section-boxed elementor-section-height-default elementor-section-height-default\" data-id=\"3c1caa3\" data-element_type=\"section\">\n\t\t\t\t\t\t<div class=\"elementor-container elementor-column-gap-default\">\n\t\t\t\t\t<div class=\"elementor-column elementor-col-100 elementor-top-column elementor-element elementor-element-2d22546\" data-id=\"2d22546\" data-element_type=\"column\">\n\t\t\t<div class=\"elementor-widget-wrap elementor-element-populated\">\n\t\t\t\t\t\t<section class=\"elementor-section elementor-inner-section elementor-element elementor-element-ee3ee1f elementor-section-boxed elementor-section-height-default elementor-section-height-default\" data-id=\"ee3ee1f\" data-element_type=\"section\" data-settings=\"{&quot;background_background&quot;:&quot;classic&quot;}\">\n\t\t\t\t\t\t<div class=\"elementor-container elementor-column-gap-default\">\n\t\t\t\t\t<div class=\"elementor-column elementor-col-100 elementor-inner-column elementor-element elementor-element-0b992b9\" data-id=\"0b992b9\" data-element_type=\"column\">\n\t\t\t<div class=\"elementor-widget-wrap elementor-element-populated\">\n\t\t\t\t\t\t<div class=\"elementor-element elementor-element-87845ac elementor-widget elementor-widget-heading\" data-id=\"87845ac\" data-element_type=\"widget\" data-widget_type=\"heading.default\">\n\t\t\t\t<div class=\"elementor-widget-container\">\n\t\t\t<h3 class=\"elementor-heading-title elementor-size-default\">Pretende candidatar a sua empresa?<\/h3>\t\t<\/div>\n\t\t\t\t<\/div>\n\t\t\t\t<div class=\"elementor-element elementor-element-3a6ebf6 elementor-widget elementor-widget-text-editor\" data-id=\"3a6ebf6\" data-element_type=\"widget\" data-widget_type=\"text-editor.default\">\n\t\t\t\t<div class=\"elementor-widget-container\">\n\t\t\t\t\t\t\t<p>Para mais informa\u00e7\u00f5es entre em contacto com a nossa equipa: <a href=\"mailto:info@neomarca.pt\">info@neomarca.pt<\/a> ou <a href=\"tel:289 098 720\">289 098 720<\/a>.<\/p>\t\t\t\t\t\t<\/div>\n\t\t\t\t<\/div>\n\t\t\t\t\t<\/div>\n\t\t<\/div>\n\t\t\t\t\t<\/div>\n\t\t<\/section>\n\t\t\t\t\t<\/div>\n\t\t<\/div>\n\t\t\t\t\t<\/div>\n\t\t<\/section>\n\t\t\t\t<section class=\"elementor-section elementor-top-section elementor-element elementor-element-bd735d6 elementor-section-boxed elementor-section-height-default elementor-section-height-default\" data-id=\"bd735d6\" data-element_type=\"section\">\n\t\t\t\t\t\t<div class=\"elementor-container elementor-column-gap-default\">\n\t\t\t\t\t<div class=\"elementor-column elementor-col-100 elementor-top-column elementor-element elementor-element-d0cdab9\" data-id=\"d0cdab9\" data-element_type=\"column\">\n\t\t\t<div class=\"elementor-widget-wrap elementor-element-populated\">\n\t\t\t\t\t\t<div class=\"elementor-element elementor-element-226ad29 elementor-widget elementor-widget-text-editor\" data-id=\"226ad29\" data-element_type=\"widget\" data-widget_type=\"text-editor.default\">\n\t\t\t\t<div class=\"elementor-widget-container\">\n\t\t\t\t\t\t\t<p>O <strong>SIFIDE<\/strong>\u00a0\u00e9 um incentivo fiscal atrav\u00e9s do qual as empresas podem recuperar at\u00e9\u00a0<strong>82,5%<\/strong>\u00a0dos custos incorridos com projetos de Investiga\u00e7\u00e3o &amp; Desenvolvimento (<strong>I&amp;D)<\/strong>\u00a0para dedu\u00e7\u00e3o \u00e0 coleta em sede de IRC.<\/p>\t\t\t\t\t\t<\/div>\n\t\t\t\t<\/div>\n\t\t\t\t<div class=\"elementor-element elementor-element-0f8a53a elementor-widget elementor-widget-accordion\" data-id=\"0f8a53a\" data-element_type=\"widget\" data-widget_type=\"accordion.default\">\n\t\t\t\t<div class=\"elementor-widget-container\">\n\t\t\t\t\t<div class=\"elementor-accordion\">\n\t\t\t\t\t\t\t<div class=\"elementor-accordion-item\">\n\t\t\t\t\t<div id=\"elementor-tab-title-1621\" class=\"elementor-tab-title\" data-tab=\"1\" role=\"button\" aria-controls=\"elementor-tab-content-1621\" aria-expanded=\"false\">\n\t\t\t\t\t\t\t\t\t\t\t\t\t<span class=\"elementor-accordion-icon elementor-accordion-icon-left\" aria-hidden=\"true\">\n\t\t\t\t\t\t\t\t\t\t\t\t\t\t\t<span class=\"elementor-accordion-icon-closed\"><i class=\"fas fa-plus\"><\/i><\/span>\n\t\t\t\t\t\t\t\t<span class=\"elementor-accordion-icon-opened\"><i class=\"fas fa-minus\"><\/i><\/span>\n\t\t\t\t\t\t\t\t\t\t\t\t\t\t<\/span>\n\t\t\t\t\t\t\t\t\t\t\t\t<a class=\"elementor-accordion-title\" tabindex=\"0\">Quem se pode candidatar?<\/a>\n\t\t\t\t\t<\/div>\n\t\t\t\t\t<div id=\"elementor-tab-content-1621\" class=\"elementor-tab-content elementor-clearfix\" data-tab=\"1\" role=\"region\" aria-labelledby=\"elementor-tab-title-1621\"><p>Todos os sujeitos passivos de IRC que exer\u00e7am, a t\u00edtulo principal, uma atividade de natureza agr\u00edcola, industrial, comercial e de servi\u00e7os podem concorrer a este sistema de apoios desde que preencham cumulativamente duas condi\u00e7\u00f5es: o lucro tribut\u00e1vel n\u00e3o seja determinado por m\u00e9todos indiretos e que n\u00e3o sejam devedores \u00e0 Autoridade Tribut\u00e1ria e \u00e0 Seguran\u00e7a Social.<\/p><\/div>\n\t\t\t\t<\/div>\n\t\t\t\t\t\t\t<div class=\"elementor-accordion-item\">\n\t\t\t\t\t<div id=\"elementor-tab-title-1622\" class=\"elementor-tab-title\" data-tab=\"2\" role=\"button\" aria-controls=\"elementor-tab-content-1622\" aria-expanded=\"false\">\n\t\t\t\t\t\t\t\t\t\t\t\t\t<span class=\"elementor-accordion-icon elementor-accordion-icon-left\" aria-hidden=\"true\">\n\t\t\t\t\t\t\t\t\t\t\t\t\t\t\t<span class=\"elementor-accordion-icon-closed\"><i class=\"fas fa-plus\"><\/i><\/span>\n\t\t\t\t\t\t\t\t<span class=\"elementor-accordion-icon-opened\"><i class=\"fas fa-minus\"><\/i><\/span>\n\t\t\t\t\t\t\t\t\t\t\t\t\t\t<\/span>\n\t\t\t\t\t\t\t\t\t\t\t\t<a class=\"elementor-accordion-title\" tabindex=\"0\">Quais as despesas eleg\u00edveis?<\/a>\n\t\t\t\t\t<\/div>\n\t\t\t\t\t<div id=\"elementor-tab-content-1622\" class=\"elementor-tab-content elementor-clearfix\" data-tab=\"2\" role=\"region\" aria-labelledby=\"elementor-tab-title-1622\"><ul><li class=\"OSInline\">Despesas com pessoal diretamente envolvido em tarefas de I&amp;D (Se doutorado, \u00e9 considerado a 120%)<\/li><li class=\"OSInline\">Despesas de funcionamento (at\u00e9 55% das despesas de pessoal)<\/li><li class=\"OSInline\">Aquisi\u00e7\u00f5es de ativos fixos tang\u00edveis<\/li><li class=\"OSInline\">Participa\u00e7\u00e3o no capital de institui\u00e7\u00f5es de I&amp;D e contributos para Fundos de Investimento<\/li><li class=\"OSInline\">Custo com registo, aquisi\u00e7\u00e3o e manuten\u00e7\u00e3o de patentes<\/li><li class=\"OSInline\">Despesas com auditorias \u00e0 I&amp;D<\/li><li class=\"OSInline\">Participa\u00e7\u00e3o de quadros na gest\u00e3o de institui\u00e7\u00f5es de I&amp;D<\/li><li class=\"OSInline\">Contrata\u00e7\u00e3o de atividades de I&amp;D junto de entidades p\u00fablicas (ou com estatuto) ou ainda de entidades id\u00f3neas reconhecidas pela ANI<\/li><li class=\"OSInline\">Despesas com a\u00e7\u00f5es de demonstra\u00e7\u00e3o<\/li><li class=\"OSInline\">As despesas que digam respeito a atividades de I&amp;D associadas a projetos de conce\u00e7\u00e3o ecol\u00f3gica de produto s\u00e3o consideradas em 110%.<\/li><\/ul><\/div>\n\t\t\t\t<\/div>\n\t\t\t\t\t\t\t<div class=\"elementor-accordion-item\">\n\t\t\t\t\t<div id=\"elementor-tab-title-1623\" class=\"elementor-tab-title\" data-tab=\"3\" role=\"button\" aria-controls=\"elementor-tab-content-1623\" aria-expanded=\"false\">\n\t\t\t\t\t\t\t\t\t\t\t\t\t<span class=\"elementor-accordion-icon elementor-accordion-icon-left\" aria-hidden=\"true\">\n\t\t\t\t\t\t\t\t\t\t\t\t\t\t\t<span class=\"elementor-accordion-icon-closed\"><i class=\"fas fa-plus\"><\/i><\/span>\n\t\t\t\t\t\t\t\t<span class=\"elementor-accordion-icon-opened\"><i class=\"fas fa-minus\"><\/i><\/span>\n\t\t\t\t\t\t\t\t\t\t\t\t\t\t<\/span>\n\t\t\t\t\t\t\t\t\t\t\t\t<a class=\"elementor-accordion-title\" tabindex=\"0\">Quais as atividades de I&D abrangidas?<\/a>\n\t\t\t\t\t<\/div>\n\t\t\t\t\t<div id=\"elementor-tab-content-1623\" class=\"elementor-tab-content elementor-clearfix\" data-tab=\"3\" role=\"region\" aria-labelledby=\"elementor-tab-title-1623\"><ul><li>Despesas de investiga\u00e7\u00e3o: as realizadas pelo sujeito passivo de IRC com vista \u00e0 aquisi\u00e7\u00e3o de novos conhecimentos cient\u00edficos ou t\u00e9cnicos;<\/li><li>Despesas de desenvolvimento: as realizadas pelo sujeito passivo de IRC atrav\u00e9s da explora\u00e7\u00e3o de resultados de trabalhos de investiga\u00e7\u00e3o ou de outros conhecimentos cient\u00edficos ou t\u00e9cnicos com vista \u00e0 descoberta ou melhoria substancial de mat\u00e9rias-primas, produtos, servi\u00e7os ou processos de fabricopela ANI<\/li><li class=\"OSInline\">Despesas com a\u00e7\u00f5es de demonstra\u00e7\u00e3o<\/li><li class=\"OSInline\">As despesas que digam respeito a atividades de I&amp;D associadas a projetos de conce\u00e7\u00e3o ecol\u00f3gica de produto s\u00e3o consideradas em 110%.<\/li><\/ul><\/div>\n\t\t\t\t<\/div>\n\t\t\t\t\t\t\t<div class=\"elementor-accordion-item\">\n\t\t\t\t\t<div id=\"elementor-tab-title-1624\" class=\"elementor-tab-title\" data-tab=\"4\" role=\"button\" aria-controls=\"elementor-tab-content-1624\" aria-expanded=\"false\">\n\t\t\t\t\t\t\t\t\t\t\t\t\t<span class=\"elementor-accordion-icon elementor-accordion-icon-left\" aria-hidden=\"true\">\n\t\t\t\t\t\t\t\t\t\t\t\t\t\t\t<span class=\"elementor-accordion-icon-closed\"><i class=\"fas fa-plus\"><\/i><\/span>\n\t\t\t\t\t\t\t\t<span class=\"elementor-accordion-icon-opened\"><i class=\"fas fa-minus\"><\/i><\/span>\n\t\t\t\t\t\t\t\t\t\t\t\t\t\t<\/span>\n\t\t\t\t\t\t\t\t\t\t\t\t<a class=\"elementor-accordion-title\" tabindex=\"0\">Quais as dedu\u00e7\u00f5es?<\/a>\n\t\t\t\t\t<\/div>\n\t\t\t\t\t<div id=\"elementor-tab-content-1624\" class=\"elementor-tab-content elementor-clearfix\" data-tab=\"4\" role=\"region\" aria-labelledby=\"elementor-tab-title-1624\"><p>As empresas podem deduzir ao montante da coleta do IRC, e at\u00e9 \u00e0 sua concorr\u00eancia, o valor das despesas com I&amp;D numa dupla percentagem:<\/p><ul><li><strong>Taxa base \u2013 32,5%<\/strong>\u00a0das despesas realizadas no per\u00edodo;<\/li><li><strong>Taxa incremental \u2013 50%<\/strong>\u00a0do acr\u00e9scimo das despesas realizadas no per\u00edodo em rela\u00e7\u00e3o \u00e0 m\u00e9dia aritm\u00e9tica dos 2 exerc\u00edcios anteriores,\u00a0<strong>at\u00e9 1,5 M \u20ac<\/strong>.<\/li><\/ul><\/div>\n\t\t\t\t<\/div>\n\t\t\t\t\t\t\t\t<\/div>\n\t\t\t\t<\/div>\n\t\t\t\t<\/div>\n\t\t\t\t\t<\/div>\n\t\t<\/div>\n\t\t\t\t\t<\/div>\n\t\t<\/section>\n\t\t\t\t<\/div>\n\t\t","protected":false},"excerpt":{"rendered":"<p>O prazo para apresenta\u00e7\u00e3o de candidaturas ao SIFIDE encontra-se suspenso desde o dia 12 de mar\u00e7o por tempo indeterminado e at\u00e9 que seja declarado, por decreto-lei, o fim desta situa\u00e7\u00e3o excecional.<\/p>\n","protected":false},"author":3,"featured_media":3915,"comment_status":"closed","ping_status":"closed","sticky":false,"template":"","format":"standard","meta":{"_monsterinsights_skip_tracking":false,"_monsterinsights_sitenote_active":false,"_monsterinsights_sitenote_note":"","_monsterinsights_sitenote_category":0,"footnotes":""},"categories":[238],"tags":[260,132],"class_list":["post-3908","post","type-post","status-publish","format-standard","has-post-thumbnail","hentry","category-noticias","tag-beneficios-fiscais","tag-sifide"],"acf":[],"_links":{"self":[{"href":"https:\/\/neomarca.pt\/pt\/wp-json\/wp\/v2\/posts\/3908","targetHints":{"allow":["GET"]}}],"collection":[{"href":"https:\/\/neomarca.pt\/pt\/wp-json\/wp\/v2\/posts"}],"about":[{"href":"https:\/\/neomarca.pt\/pt\/wp-json\/wp\/v2\/types\/post"}],"author":[{"embeddable":true,"href":"https:\/\/neomarca.pt\/pt\/wp-json\/wp\/v2\/users\/3"}],"replies":[{"embeddable":true,"href":"https:\/\/neomarca.pt\/pt\/wp-json\/wp\/v2\/comments?post=3908"}],"version-history":[{"count":0,"href":"https:\/\/neomarca.pt\/pt\/wp-json\/wp\/v2\/posts\/3908\/revisions"}],"wp:featuredmedia":[{"embeddable":true,"href":"https:\/\/neomarca.pt\/pt\/wp-json\/wp\/v2\/media\/3915"}],"wp:attachment":[{"href":"https:\/\/neomarca.pt\/pt\/wp-json\/wp\/v2\/media?parent=3908"}],"wp:term":[{"taxonomy":"category","embeddable":true,"href":"https:\/\/neomarca.pt\/pt\/wp-json\/wp\/v2\/categories?post=3908"},{"taxonomy":"post_tag","embeddable":true,"href":"https:\/\/neomarca.pt\/pt\/wp-json\/wp\/v2\/tags?post=3908"}],"curies":[{"name":"wp","href":"https:\/\/api.w.org\/{rel}","templated":true}]}}