{"id":4716,"date":"2020-07-16T10:18:36","date_gmt":"2020-07-16T09:18:36","guid":{"rendered":"https:\/\/neomarca.pt\/staging2\/pt\/?p=4716"},"modified":"2023-10-27T15:11:35","modified_gmt":"2023-10-27T14:11:35","slug":"co3so-apoio-a-contratacao","status":"publish","type":"post","link":"https:\/\/neomarca.pt\/pt\/noticias\/co3so-apoio-a-contratacao\/","title":{"rendered":"+CO3SO &#8211; apoio \u00e0 contrata\u00e7\u00e3o"},"content":{"rendered":"\t\t<div data-elementor-type=\"wp-post\" data-elementor-id=\"4716\" class=\"elementor elementor-4716\" data-elementor-post-type=\"post\">\n\t\t\t\t\t\t<section class=\"elementor-section elementor-top-section elementor-element elementor-element-31bb61d1 elementor-section-boxed elementor-section-height-default elementor-section-height-default\" data-id=\"31bb61d1\" data-element_type=\"section\">\n\t\t\t\t\t\t<div class=\"elementor-container elementor-column-gap-default\">\n\t\t\t\t\t<div class=\"elementor-column elementor-col-100 elementor-top-column elementor-element elementor-element-4259bbfc\" data-id=\"4259bbfc\" data-element_type=\"column\">\n\t\t\t<div class=\"elementor-widget-wrap elementor-element-populated\">\n\t\t\t\t\t\t<div class=\"elementor-element elementor-element-7b4e4a89 elementor-widget elementor-widget-text-editor\" data-id=\"7b4e4a89\" data-element_type=\"widget\" data-widget_type=\"text-editor.default\">\n\t\t\t\t<div class=\"elementor-widget-container\">\n\t\t\t\t\t\t\t<h3>O Governo lan\u00e7ou o Programa +CO3SO que vai disponibilizar uma verba de 426 milh\u00f5es de euros para o apoio \u00e0 contrata\u00e7\u00e3o. Algumas candidaturas j\u00e1 est\u00e3o abertas e disponibilizam um apoio integral \u00e0 comparticipa\u00e7\u00e3o dos custos diretos com a cria\u00e7\u00e3o de postos de trabalho, durante 36 meses.<\/h3><h3>O +CO3SO Emprego tem tr\u00eas modalidades de operacionaliza\u00e7\u00e3o:<\/h3><ol><li><strong>+CO3SO Emprego Interior,<\/strong><\/li><li><strong>+CO3SO Emprego Urbano;<\/strong><\/li><li><strong>+CO3SO Emprego Empreendedorismo Social,<\/strong><\/li><\/ol><p>Cada uma das medidas com dura\u00e7\u00e3o m\u00e1xima de 36 meses a partir da cria\u00e7\u00e3o do primeiro posto de trabalho.<\/p><div><p>Taxa de Incentivo: n\u00e3o reembols\u00e1vel\u00a0\u00a0(fundo perdido):<br \/>Comparticipa\u00e7\u00e3o integral 100% dos custos directos com os postos de trabalho (36 meses);<br \/>Uma taxa fixa de 40% sobre os custos referidos na al\u00ednea anterior para financiar outros custos;<\/p><p><b>Datas: <\/b>1\u00aa fase at\u00e9\u00a015\/09\/20\u00a0e 2\u00aa fase at\u00e9\u00a016\/11\/20<b><br \/><\/b><br \/><em><b>Exclus\u00f5es<\/b>: Pescas, Aquicultura, Produ\u00e7\u00e3o Agr\u00edcola Prim\u00e1ria e Florestal, Transforma\u00e7\u00e3o e Comercializa\u00e7\u00e3o de Produtos Agr\u00edcolas, Diversifica\u00e7\u00e3o de Actividade mas Explora\u00e7\u00f5es Agr\u00edcolas, Financeiras, Seguros, Defesa, Lotaria e outros Jogos de Aposta<\/em><\/p><\/div>\t\t\t\t\t\t<\/div>\n\t\t\t\t<\/div>\n\t\t\t\t\t<\/div>\n\t\t<\/div>\n\t\t\t\t\t<\/div>\n\t\t<\/section>\n\t\t\t\t<section class=\"elementor-section elementor-top-section elementor-element elementor-element-e2d6189 elementor-section-boxed elementor-section-height-default elementor-section-height-default\" data-id=\"e2d6189\" data-element_type=\"section\">\n\t\t\t\t\t\t<div class=\"elementor-container elementor-column-gap-default\">\n\t\t\t\t\t<div class=\"elementor-column elementor-col-100 elementor-top-column elementor-element elementor-element-bdb93c5\" data-id=\"bdb93c5\" data-element_type=\"column\">\n\t\t\t<div class=\"elementor-widget-wrap elementor-element-populated\">\n\t\t\t\t\t\t<section class=\"elementor-section elementor-inner-section elementor-element elementor-element-a915ade elementor-section-boxed elementor-section-height-default elementor-section-height-default\" data-id=\"a915ade\" data-element_type=\"section\" data-settings=\"{&quot;background_background&quot;:&quot;classic&quot;}\">\n\t\t\t\t\t\t<div class=\"elementor-container elementor-column-gap-default\">\n\t\t\t\t\t<div class=\"elementor-column elementor-col-100 elementor-inner-column elementor-element elementor-element-ec9867f\" data-id=\"ec9867f\" data-element_type=\"column\">\n\t\t\t<div class=\"elementor-widget-wrap elementor-element-populated\">\n\t\t\t\t\t\t<div class=\"elementor-element elementor-element-2535c6c elementor-widget elementor-widget-heading\" data-id=\"2535c6c\" data-element_type=\"widget\" data-widget_type=\"heading.default\">\n\t\t\t\t<div class=\"elementor-widget-container\">\n\t\t\t<h2 class=\"elementor-heading-title elementor-size-default\">Pretende candidatar a sua entidade?<\/h2>\t\t<\/div>\n\t\t\t\t<\/div>\n\t\t\t\t<div class=\"elementor-element elementor-element-89c5d48 elementor-widget elementor-widget-text-editor\" data-id=\"89c5d48\" data-element_type=\"widget\" data-widget_type=\"text-editor.default\">\n\t\t\t\t<div class=\"elementor-widget-container\">\n\t\t\t\t\t\t\t<p style=\"text-align: center;\">Para mais informa\u00e7\u00f5es entre em contacto com a nossa equipa: info@neomarca.pt ou 289 098 720.<\/p>\t\t\t\t\t\t<\/div>\n\t\t\t\t<\/div>\n\t\t\t\t\t<\/div>\n\t\t<\/div>\n\t\t\t\t\t<\/div>\n\t\t<\/section>\n\t\t\t\t\t<\/div>\n\t\t<\/div>\n\t\t\t\t\t<\/div>\n\t\t<\/section>\n\t\t\t\t<section class=\"elementor-section elementor-top-section elementor-element elementor-element-3f73090 elementor-section-boxed elementor-section-height-default elementor-section-height-default\" data-id=\"3f73090\" data-element_type=\"section\">\n\t\t\t\t\t\t<div class=\"elementor-container elementor-column-gap-default\">\n\t\t\t\t\t<div class=\"elementor-column elementor-col-100 elementor-top-column elementor-element elementor-element-3c38846\" data-id=\"3c38846\" data-element_type=\"column\">\n\t\t\t<div class=\"elementor-widget-wrap elementor-element-populated\">\n\t\t\t\t\t\t<div class=\"elementor-element elementor-element-14dab7e elementor-widget elementor-widget-text-editor\" data-id=\"14dab7e\" data-element_type=\"widget\" data-widget_type=\"text-editor.default\">\n\t\t\t\t<div class=\"elementor-widget-container\">\n\t\t\t\t\t\t\t<h3><strong>+CO3SO Competitividade<\/strong><\/h3><p>\u00c9 um programa de capta\u00e7\u00e3o de investimentos exclusivamente para o Interior, com um conjunto de avisos de concurso lan\u00e7ados pela primeira vez em simult\u00e2neo e em cont\u00ednuo at\u00e9 meados do ano.<\/p><h3><strong>+CO3SO Conhecimento<\/strong><\/h3><p>\u00c9 um programa de valoriza\u00e7\u00e3o do Interior, centrado nas atividades e processos das empresas e entidades do sistema cient\u00edfico e tecnol\u00f3gico, suportado em din\u00e2micas instaladas nos territ\u00f3rios do Interior.<\/p><h3><strong>+CO3SO Digital<\/strong><\/h3><p>\u00c9 um programa de valoriza\u00e7\u00e3o do Interior, centrado na moderniza\u00e7\u00e3o e no aumento de efici\u00eancia nos setores do agroalimentar, sa\u00fade, turismo, autom\u00f3vel, entre outros, com base em tecnologias digitais emergentes (intelig\u00eancia artificial, bases de dados de grande dimens\u00e3o, sistemas rob\u00f3ticos, ou utiliza\u00e7\u00e3o de sensores para recolha de dados).<\/p>\t\t\t\t\t\t<\/div>\n\t\t\t\t<\/div>\n\t\t\t\t\t<\/div>\n\t\t<\/div>\n\t\t\t\t\t<\/div>\n\t\t<\/section>\n\t\t\t\t<\/div>\n\t\t","protected":false},"excerpt":{"rendered":"<p>O Governo lan\u00e7ou o Programa +CO3SO que vai disponibilizar uma verba de 426 milh\u00f5es de euros para o apoio \u00e0 contrata\u00e7\u00e3o. Algumas candidaturas j\u00e1 est\u00e3o abertas e disponibilizam um apoio integral \u00e0 comparticipa\u00e7\u00e3o dos custos diretos com a cria\u00e7\u00e3o de postos de trabalho, durante 36 meses. O +CO3SO Emprego tem tr\u00eas modalidades de operacionaliza\u00e7\u00e3o: +CO3SO&hellip;<\/p>\n","protected":false},"author":3,"featured_media":4728,"comment_status":"closed","ping_status":"closed","sticky":false,"template":"","format":"standard","meta":{"_monsterinsights_skip_tracking":false,"_monsterinsights_sitenote_active":false,"_monsterinsights_sitenote_note":"","_monsterinsights_sitenote_category":0,"footnotes":""},"categories":[238],"tags":[282,122,124,272],"class_list":["post-4716","post","type-post","status-publish","format-standard","has-post-thumbnail","hentry","category-noticias","tag-empresas","tag-fundos-comunitarios","tag-gestao-rh","tag-portugal-2020"],"acf":[],"_links":{"self":[{"href":"https:\/\/neomarca.pt\/pt\/wp-json\/wp\/v2\/posts\/4716","targetHints":{"allow":["GET"]}}],"collection":[{"href":"https:\/\/neomarca.pt\/pt\/wp-json\/wp\/v2\/posts"}],"about":[{"href":"https:\/\/neomarca.pt\/pt\/wp-json\/wp\/v2\/types\/post"}],"author":[{"embeddable":true,"href":"https:\/\/neomarca.pt\/pt\/wp-json\/wp\/v2\/users\/3"}],"replies":[{"embeddable":true,"href":"https:\/\/neomarca.pt\/pt\/wp-json\/wp\/v2\/comments?post=4716"}],"version-history":[{"count":0,"href":"https:\/\/neomarca.pt\/pt\/wp-json\/wp\/v2\/posts\/4716\/revisions"}],"wp:featuredmedia":[{"embeddable":true,"href":"https:\/\/neomarca.pt\/pt\/wp-json\/wp\/v2\/media\/4728"}],"wp:attachment":[{"href":"https:\/\/neomarca.pt\/pt\/wp-json\/wp\/v2\/media?parent=4716"}],"wp:term":[{"taxonomy":"category","embeddable":true,"href":"https:\/\/neomarca.pt\/pt\/wp-json\/wp\/v2\/categories?post=4716"},{"taxonomy":"post_tag","embeddable":true,"href":"https:\/\/neomarca.pt\/pt\/wp-json\/wp\/v2\/tags?post=4716"}],"curies":[{"name":"wp","href":"https:\/\/api.w.org\/{rel}","templated":true}]}}