{"id":5054,"date":"2020-12-12T20:39:12","date_gmt":"2020-12-12T19:39:12","guid":{"rendered":"https:\/\/neomarca.pt\/staging2\/pt\/?p=5054"},"modified":"2023-10-27T13:41:35","modified_gmt":"2023-10-27T12:41:35","slug":"novo-pacote-apoio-para-empresas","status":"publish","type":"post","link":"https:\/\/neomarca.pt\/pt\/noticias\/novo-pacote-apoio-para-empresas\/","title":{"rendered":"Novo pacote de apoio para as empresas"},"content":{"rendered":"\t\t<div data-elementor-type=\"wp-post\" data-elementor-id=\"5054\" class=\"elementor elementor-5054\" data-elementor-post-type=\"post\">\n\t\t\t\t\t\t<section class=\"elementor-section elementor-top-section elementor-element elementor-element-108da843 elementor-section-boxed elementor-section-height-default elementor-section-height-default\" data-id=\"108da843\" data-element_type=\"section\">\n\t\t\t\t\t\t<div class=\"elementor-container elementor-column-gap-default\">\n\t\t\t\t\t<div class=\"elementor-column elementor-col-100 elementor-top-column elementor-element elementor-element-6ca78268\" data-id=\"6ca78268\" data-element_type=\"column\">\n\t\t\t<div class=\"elementor-widget-wrap elementor-element-populated\">\n\t\t\t\t\t\t<div class=\"elementor-element elementor-element-3582d5f7 elementor-widget elementor-widget-text-editor\" data-id=\"3582d5f7\" data-element_type=\"widget\" data-widget_type=\"text-editor.default\">\n\t\t\t\t<div class=\"elementor-widget-container\">\n\t\t\t\t\t\t\t<h3>O Governo lan\u00e7ou um novo pacote de medidas de apoio para as empresas.&nbsp;&nbsp;Deste novo pacote de medidas aprovado, destaca-se o alargamento do Programa Apoiar, que se traduz em subven\u00e7\u00f5es a fundo perdido, a m\u00e9dias empresas e empres\u00e1rios em nome individual (ENI) sem contabilidade organizada.<\/h3>\n<p>A linha de cr\u00e9dito dirigida ao setor industrial exportador, que j\u00e1 tinha sido anunciada, \u00e9 dotada em mais 300 milh\u00f5es de euros (num total de 1 050 mil milh\u00f5es de euros) e passa a incluir as empresas que operam no setor do turismo.<\/p>\n<div>S\u00e3o, ainda, lan\u00e7adas<strong> novas medidas de apoio \u00e0 tesouraria das empresas<\/strong>, que vigoram durante o primeiro semestre de 2021:<\/div>\n<div><\/div>\n<ol>\n<li><strong>Apoios a fundo perdido para fazer face a custos com rendas<\/strong> n\u00e3o habitacionais de micro, pequenas, m\u00e9dias empresas e empres\u00e1rios em nome individual sem contabilidade organizada que atuem em setores particularmente afetados pelas medidas excecionais de combate \u00e0 Covid-19;<\/li>\n<li><strong>Apoios diretos a grandes empresas, sob a forma de cr\u00e9dito garantido pelo Estado<\/strong>, com possibilidade de convers\u00e3o parcial em cr\u00e9dito a fundo perdido mediante a manuten\u00e7\u00e3o de emprego;<\/li>\n<li>\u00c9 criado um <strong>Fundo de Tesouraria de apoio a micro e pequenas e m\u00e9dias empresas<\/strong>, com dota\u00e7\u00e3o de 750 milh\u00f5es de euros.<\/li>\n<\/ol>\n<div><\/div>\n<p><strong>Pagamento de IVA flexibilizado em 2021<br>\n<\/strong>Foi aprovado o decreto-lei que flexibiliza, no 1.\u00ba semestre de 2021, o cumprimento das obriga\u00e7\u00f5es tribut\u00e1rias em sede de IVA, como forma de apoiar e refor\u00e7ar a liquidez das empresas. Para o efeito, prev\u00ea-se que os sujeitos passivos abrangidos, verificada uma quebra de fatura\u00e7\u00e3o de, pelo menos, 25 % face ao per\u00edodo hom\u00f3logo, possam efetuar pagamentos em tr\u00eas ou seis presta\u00e7\u00f5es mensais, sem juros.<\/p>\n<div>\n<div><strong>Apoio \u00e0 Retoma Progressiva prolongado<\/strong><\/div>\n<div>\n<p>O Apoio \u00e0 Retoma Progressiva foi prorrogado at\u00e9 ao final do primeiro semestre de 2021, sendo que se mant\u00e9m a redu\u00e7\u00e3o de 50% das contribui\u00e7\u00f5es sociais (sobre a compensa\u00e7\u00e3o retributiva) para as micro, pequenas e m\u00e9dias empresas. Neste apoio, a remunera\u00e7\u00e3o dos trabalhadores ser\u00e1 paga a 100% at\u00e9 tr\u00eas sal\u00e1rios m\u00ednimos nacionais (SMN), \u201csem esfor\u00e7o adicional das empresas\u201d, garante o Governo. V\u00e3o passar a ser tamb\u00e9m&nbsp;<strong>abrangidos neste apoio os gerentes de empresas com trabalhadores permanentes<\/strong>, com contribui\u00e7\u00f5es sociais feitas na empresa.<\/p>\n<\/div>\n<p><strong><a href=\"https:\/\/neomarca.pt\/staging2\/pt\/noticias\/candidaturas-programa-apoiar-pt\/\">Programa Apoiar alargado<\/a><br>\n<\/strong>O programa Apoiar ser\u00e1&nbsp;<strong>alargado a m\u00e9dias empresas e empresas com mais de 250 trabalhadores mas menos de 50 milh\u00f5es de euros de fatura\u00e7\u00e3o<\/strong><strong>, com um limite de 100 mil euros<\/strong> por empresa. O limite por empresa \u00e9 de 7.500 para as microempresas, 40 mil para as pequenas empresas. O apoio tamb\u00e9m ser\u00e1 alargado para os empres\u00e1rios em nome individual (ENI) sem contabilidade organizada mas com trabalhadores a cargo \u2014 neste caso, o limite \u00e9 de tr\u00eas mil euros por empresa. Este apoio poder-se-\u00e1 estender \u00e0s empresas com d\u00edvidas. Segundo o ministro Siza Vieira h\u00e1 a \u201cpossibilidade de aprova\u00e7\u00e3o de candidatura ao Apoiar de empresas com d\u00edvidas a AT [Autoridade Tribut\u00e1ria] e SS [Seguran\u00e7a Social], sujeita \u00e0 condi\u00e7\u00e3o de regulariza\u00e7\u00e3o\u201c.<\/p>\n<\/div>\n<p>&nbsp;<\/p>\n<p>O ministro da Economia, Pedro Siza Vieira, referiu que a resposta acumulada desde 4 de mar\u00e7o, at\u00e9 ao momento, j\u00e1 atribuiu mais de 22 mil milh\u00f5es de euros em apoios, dos quais 2790 milh\u00f5es de euros foram a fundo perdido. Acrescem, agora, 7200 milh\u00f5es de euros, sendo 1400 milh\u00f5es a fundo perdido, em apoios para o primeiro semestre do pr\u00f3ximo ano.<\/p>\n<p>Informa\u00e7\u00f5es completas <a href=\"https:\/\/www.portugal.gov.pt\/download-ficheiros\/ficheiro.aspx?v=%3d%3dBQAAAB%2bLCAAAAAAABAAzNLA0NgQAnyVHJAUAAAA%3d\" target=\"_blank\" rel=\"noopener\">aqui.<\/a>[\/vc_column_text][\/vc_column][\/vc_row<\/p>\t\t\t\t\t\t<\/div>\n\t\t\t\t<\/div>\n\t\t\t\t\t<\/div>\n\t\t<\/div>\n\t\t\t\t\t<\/div>\n\t\t<\/section>\n\t\t\t\t<\/div>\n\t\t","protected":false},"excerpt":{"rendered":"<p>O Governo lan\u00e7ou um novo pacote de medidas de apoio para as empresas.&nbsp;&nbsp;Deste novo pacote de medidas aprovado, destaca-se o alargamento do Programa Apoiar, que se traduz em subven\u00e7\u00f5es a fundo perdido, a m\u00e9dias empresas e empres\u00e1rios em nome individual (ENI) sem contabilidade organizada. A linha de cr\u00e9dito dirigida ao setor industrial exportador, que j\u00e1&hellip;<\/p>\n","protected":false},"author":3,"featured_media":5060,"comment_status":"closed","ping_status":"closed","sticky":false,"template":"","format":"standard","meta":{"_monsterinsights_skip_tracking":false,"_monsterinsights_sitenote_active":false,"_monsterinsights_sitenote_note":"","_monsterinsights_sitenote_category":0,"footnotes":""},"categories":[238],"tags":[254,282],"class_list":["post-5054","post","type-post","status-publish","format-standard","has-post-thumbnail","hentry","category-noticias","tag-apoio-ao-financiamento","tag-empresas"],"acf":[],"_links":{"self":[{"href":"https:\/\/neomarca.pt\/pt\/wp-json\/wp\/v2\/posts\/5054","targetHints":{"allow":["GET"]}}],"collection":[{"href":"https:\/\/neomarca.pt\/pt\/wp-json\/wp\/v2\/posts"}],"about":[{"href":"https:\/\/neomarca.pt\/pt\/wp-json\/wp\/v2\/types\/post"}],"author":[{"embeddable":true,"href":"https:\/\/neomarca.pt\/pt\/wp-json\/wp\/v2\/users\/3"}],"replies":[{"embeddable":true,"href":"https:\/\/neomarca.pt\/pt\/wp-json\/wp\/v2\/comments?post=5054"}],"version-history":[{"count":0,"href":"https:\/\/neomarca.pt\/pt\/wp-json\/wp\/v2\/posts\/5054\/revisions"}],"wp:featuredmedia":[{"embeddable":true,"href":"https:\/\/neomarca.pt\/pt\/wp-json\/wp\/v2\/media\/5060"}],"wp:attachment":[{"href":"https:\/\/neomarca.pt\/pt\/wp-json\/wp\/v2\/media?parent=5054"}],"wp:term":[{"taxonomy":"category","embeddable":true,"href":"https:\/\/neomarca.pt\/pt\/wp-json\/wp\/v2\/categories?post=5054"},{"taxonomy":"post_tag","embeddable":true,"href":"https:\/\/neomarca.pt\/pt\/wp-json\/wp\/v2\/tags?post=5054"}],"curies":[{"name":"wp","href":"https:\/\/api.w.org\/{rel}","templated":true}]}}