{"id":5078,"date":"2020-12-31T13:25:57","date_gmt":"2020-12-31T12:25:57","guid":{"rendered":"https:\/\/neomarca.pt\/staging2\/pt\/?p=5078"},"modified":"2023-10-27T13:29:29","modified_gmt":"2023-10-27T12:29:29","slug":"governo-aprova-apoios-para-pagamentos-de-rendas-a-empresas","status":"publish","type":"post","link":"https:\/\/neomarca.pt\/pt\/noticias\/governo-aprova-apoios-para-pagamentos-de-rendas-a-empresas\/","title":{"rendered":"Governo aprova apoios para pagamentos de rendas a empresas"},"content":{"rendered":"\t\t<div data-elementor-type=\"wp-post\" data-elementor-id=\"5078\" class=\"elementor elementor-5078\" data-elementor-post-type=\"post\">\n\t\t\t\t\t\t<section class=\"elementor-section elementor-top-section elementor-element elementor-element-7026d566 elementor-section-boxed elementor-section-height-default elementor-section-height-default\" data-id=\"7026d566\" data-element_type=\"section\">\n\t\t\t\t\t\t<div class=\"elementor-container elementor-column-gap-default\">\n\t\t\t\t\t<div class=\"elementor-column elementor-col-100 elementor-top-column elementor-element elementor-element-3647b62e\" data-id=\"3647b62e\" data-element_type=\"column\">\n\t\t\t<div class=\"elementor-widget-wrap elementor-element-populated\">\n\t\t\t\t\t\t<div class=\"elementor-element elementor-element-766f50cd elementor-widget elementor-widget-text-editor\" data-id=\"766f50cd\" data-element_type=\"widget\" data-widget_type=\"text-editor.default\">\n\t\t\t\t<div class=\"elementor-widget-container\">\n\t\t\t\t\t\t\t<h3>O Governo aprovou em Resolu\u00e7\u00e3o de Conselho de Ministros novos apoios \u00e0s empresas, entres eles, o apoio ao pagamento de rendas comerciais e o prolongamento do Programa Ativar.pt.<\/h3>\n<p><strong>Apoios \u00e0s rendas<\/strong><br>\nSer\u00e3o lan\u00e7ados novos apoios diretos, sob a forma de subs\u00eddios, destinados a fazer face a custos com rendas n\u00e3o habitacionais de micro, pequenas e m\u00e9dias empresas que atuem em setores particularmente afetados pelas medidas excecionais aprovadas no contexto da pandemia da doen\u00e7a Covid-19.<\/p>\n<p><strong>Dispensa parcial das contribui\u00e7\u00f5es<\/strong><br>\nAs microempresas que registem quebras de fatura\u00e7\u00e3o superiores a 25% v\u00e3o ter \u00e0 sua disposi\u00e7\u00e3o, no pr\u00f3ximo ano, um novo incentivo. Em causa est\u00e1 um apoio <strong>equivalente a dois sal\u00e1rios m\u00ednimos&nbsp;por cada posto de trabalho<\/strong>&nbsp;(1.330 euros), que garantir\u00e1 tamb\u00e9m ao empregador a<strong>&nbsp;dispensa parcial das contribui\u00e7\u00f5es para a Seguran\u00e7a Social, nos primeiros tr\u00eas&nbsp;<\/strong><strong>meses.&nbsp;<\/strong>No entanto, as microempresas que aderirem, em 2021, a este novo incentivo<strong> n\u00e3o poder\u00e3o continuar a usufruir do apoio \u00e0 retoma progressiva.<\/strong><\/p>\n<p><strong>Apoiar.pt<\/strong><br>\nAlargamento <a href=\"https:\/\/neomarca.pt\/staging2\/pt\/noticias\/candidaturas-programa-apoiar-pt\/\">Apoiar.pt<\/a> (programa de subs\u00eddios a fundo perdido) a m\u00e9dias empresas e a empres\u00e1rios em nome individual em regime simplificado.<\/p>\n<p><strong>Linhas de cr\u00e9dito<\/strong><br>\nO alargamento da linha de cr\u00e9dito dirigida ao setor industrial exportador v\u00ea a sua dota\u00e7\u00e3o ser aumentada e a inclus\u00e3o das empresas que operam no setor do turismo como potenciais benefici\u00e1rias.<\/p>\n<p>Nova linha de cr\u00e9dito (750 milh\u00f5es) dirigida a grandes empresas, sob a forma de cr\u00e9dito garantido pelo Estado, com possibilidade de convers\u00e3o parcial em cr\u00e9dito a fundo perdido mediante a manuten\u00e7\u00e3o dos postos de trabalho, por forma a garantir um apoio imediato \u00e0 liquidez, efici\u00eancia operacional e sa\u00fade financeira de curto prazo, bem como apoios diretos ao arrendamento n\u00e3o habitacional.<\/p>\n<p><strong>Apoio \u00e0 forma\u00e7\u00e3o e qualifica\u00e7\u00e3o<\/strong><br>\nLan\u00e7amento do projeto-piloto Acelerador Qualifica, apoiando nomeadamente processos de reconhecimento, valida\u00e7\u00e3o e certifica\u00e7\u00e3o de compet\u00eancias, bem como refor\u00e7ando as condi\u00e7\u00f5es de participa\u00e7\u00e3o em percursos formativos de m\u00e9dia dura\u00e7\u00e3o, em particular para jovens adultos que deixaram percursos incompletos de educa\u00e7\u00e3o ou forma\u00e7\u00e3o profissional,&nbsp; de modo a elevar a base de qualifica\u00e7\u00e3o.<\/p>\n<p><strong>IVA em presta\u00e7\u00f5es<\/strong><br>\nFoi aprovado o decreto-lei que flexibiliza no primeiro semestre de 2021 o cumprimento das obriga\u00e7\u00f5es tribut\u00e1rias em sede de IVA como forma de apoiar e refor\u00e7ar a liquidez das empresas. Para o efeito, prev\u00ea-se que os sujeitos passivos abrangidos, que verificaram uma quebra da fatura\u00e7\u00e3o de, pelo menos, 25% face a per\u00edodo hom\u00f3logo possam efetuar o pagamento em tr\u00eas ou seis presta\u00e7\u00f5es mensais sem juros.<\/p>\n<p>Fontes:<br>\n<a href=\"https:\/\/dre.pt\/web\/guest\/home\/-\/dre\/152512121\/details\/maximized\" target=\"_blank\" rel=\"noopener\">Resolu\u00e7\u00e3o do Conselho de Ministros n.\u00ba 114\/2020<\/a><br>\n<a href=\"https:\/\/eco.sapo.pt\/2020\/12\/30\/microempresas-vao-ter-dispensa-parcial-das-contribuicoes-com-novo-incentivo\/\" target=\"_blank\" rel=\"noopener\">ECO<\/a><\/p>\t\t\t\t\t\t<\/div>\n\t\t\t\t<\/div>\n\t\t\t\t\t<\/div>\n\t\t<\/div>\n\t\t\t\t\t<\/div>\n\t\t<\/section>\n\t\t\t\t<\/div>\n\t\t","protected":false},"excerpt":{"rendered":"<p>O Governo aprovou em Resolu\u00e7\u00e3o de Conselho de Ministros novos apoios \u00e0s empresas, entres eles, o apoio ao pagamento de rendas comerciais e o prolongamento do Programa Ativar.pt. Apoios \u00e0s rendas Ser\u00e3o lan\u00e7ados novos apoios diretos, sob a forma de subs\u00eddios, destinados a fazer face a custos com rendas n\u00e3o habitacionais de micro, pequenas e&hellip;<\/p>\n","protected":false},"author":3,"featured_media":5081,"comment_status":"closed","ping_status":"closed","sticky":false,"template":"","format":"standard","meta":{"_monsterinsights_skip_tracking":false,"_monsterinsights_sitenote_active":false,"_monsterinsights_sitenote_note":"","_monsterinsights_sitenote_category":0,"footnotes":""},"categories":[238],"tags":[254,308,282,266,276],"class_list":["post-5078","post","type-post","status-publish","format-standard","has-post-thumbnail","hentry","category-noticias","tag-apoio-ao-financiamento","tag-comercio-e-servicos","tag-empresas","tag-industria-e-energia","tag-turismo"],"acf":[],"_links":{"self":[{"href":"https:\/\/neomarca.pt\/pt\/wp-json\/wp\/v2\/posts\/5078","targetHints":{"allow":["GET"]}}],"collection":[{"href":"https:\/\/neomarca.pt\/pt\/wp-json\/wp\/v2\/posts"}],"about":[{"href":"https:\/\/neomarca.pt\/pt\/wp-json\/wp\/v2\/types\/post"}],"author":[{"embeddable":true,"href":"https:\/\/neomarca.pt\/pt\/wp-json\/wp\/v2\/users\/3"}],"replies":[{"embeddable":true,"href":"https:\/\/neomarca.pt\/pt\/wp-json\/wp\/v2\/comments?post=5078"}],"version-history":[{"count":0,"href":"https:\/\/neomarca.pt\/pt\/wp-json\/wp\/v2\/posts\/5078\/revisions"}],"wp:featuredmedia":[{"embeddable":true,"href":"https:\/\/neomarca.pt\/pt\/wp-json\/wp\/v2\/media\/5081"}],"wp:attachment":[{"href":"https:\/\/neomarca.pt\/pt\/wp-json\/wp\/v2\/media?parent=5078"}],"wp:term":[{"taxonomy":"category","embeddable":true,"href":"https:\/\/neomarca.pt\/pt\/wp-json\/wp\/v2\/categories?post=5078"},{"taxonomy":"post_tag","embeddable":true,"href":"https:\/\/neomarca.pt\/pt\/wp-json\/wp\/v2\/tags?post=5078"}],"curies":[{"name":"wp","href":"https:\/\/api.w.org\/{rel}","templated":true}]}}