{"id":5101,"date":"2021-01-15T12:45:31","date_gmt":"2021-01-15T11:45:31","guid":{"rendered":"https:\/\/neomarca.pt\/staging2\/pt\/?p=5101"},"modified":"2023-10-27T13:09:11","modified_gmt":"2023-10-27T12:09:11","slug":"candidaturas-ao-apoiar-rendas","status":"publish","type":"post","link":"https:\/\/neomarca.pt\/pt\/noticias\/candidaturas-ao-apoiar-rendas\/","title":{"rendered":"Candidaturas ao Apoiar Rendas"},"content":{"rendered":"\t\t<div data-elementor-type=\"wp-post\" data-elementor-id=\"5101\" class=\"elementor elementor-5101\" data-elementor-post-type=\"post\">\n\t\t\t\t\t\t<section class=\"elementor-section elementor-top-section elementor-element elementor-element-70e3f1fd elementor-section-boxed elementor-section-height-default elementor-section-height-default\" data-id=\"70e3f1fd\" data-element_type=\"section\">\n\t\t\t\t\t\t<div class=\"elementor-container elementor-column-gap-default\">\n\t\t\t\t\t<div class=\"elementor-column elementor-col-100 elementor-top-column elementor-element elementor-element-665dd9db\" data-id=\"665dd9db\" data-element_type=\"column\">\n\t\t\t<div class=\"elementor-widget-wrap elementor-element-populated\">\n\t\t\t\t\t\t<div class=\"elementor-element elementor-element-8b462b2 elementor-widget elementor-widget-text-editor\" data-id=\"8b462b2\" data-element_type=\"widget\" data-widget_type=\"text-editor.default\">\n\t\t\t\t<div class=\"elementor-widget-container\">\n\t\t\t\t\t\t\t<h3>O Ministro da Economia informou que as candidaturas ao Apoiar Rendas &#8211; apoio \u00e0s rendas comerciais ir\u00e3o iniciar-se a partir de 4 de Fevereiro.<\/h3>\n<p>O apoio \u00e9 v\u00e1lido para seis rendas mensais e \u00e9 disponibilizado a empres\u00e1rios em nome individual, PME e grandes empresas com volume de neg\u00f3cios inferior a 50 milh\u00f5es de euros.<\/p>\n<p><strong>Quebra de fatura\u00e7\u00e3o entre 25% e 40%:<\/strong> apoio de 30% da renda mensal at\u00e9 1.200\u20ac\/m\u00eas<\/p>\n<p><strong>Quebra de fatura\u00e7\u00e3o superior a 40%:<\/strong> apoio de 50% da renda mensal at\u00e9 2.000\u20ac\/m\u00eas<\/p>\n<p>Apoio total at\u00e9 12.000\u20ac<\/p>\n<p>O primeiro pagamento ser\u00e1 adiantado para a segunda quinzena de Fevereiro, de acordo com o Ministro da Economia.<\/p>\t\t\t\t\t\t<\/div>\n\t\t\t\t<\/div>\n\t\t\t\t\t<\/div>\n\t\t<\/div>\n\t\t\t\t\t<\/div>\n\t\t<\/section>\n\t\t\t\t<\/div>\n\t\t","protected":false},"excerpt":{"rendered":"<p>O Ministro da Economia informou que as candidaturas ao Apoiar Rendas &#8211; apoio \u00e0s rendas comerciais ir\u00e3o iniciar-se a partir de 4 de Fevereiro. O apoio \u00e9 v\u00e1lido para seis rendas mensais e \u00e9 disponibilizado a empres\u00e1rios em nome individual, PME e grandes empresas com volume de neg\u00f3cios inferior a 50 milh\u00f5es de euros. Quebra&hellip;<\/p>\n","protected":false},"author":3,"featured_media":5104,"comment_status":"closed","ping_status":"closed","sticky":false,"template":"","format":"standard","meta":{"_monsterinsights_skip_tracking":false,"_monsterinsights_sitenote_active":false,"_monsterinsights_sitenote_note":"","_monsterinsights_sitenote_category":0,"footnotes":""},"categories":[238],"tags":[282],"class_list":["post-5101","post","type-post","status-publish","format-standard","has-post-thumbnail","hentry","category-noticias","tag-empresas"],"acf":[],"_links":{"self":[{"href":"https:\/\/neomarca.pt\/pt\/wp-json\/wp\/v2\/posts\/5101","targetHints":{"allow":["GET"]}}],"collection":[{"href":"https:\/\/neomarca.pt\/pt\/wp-json\/wp\/v2\/posts"}],"about":[{"href":"https:\/\/neomarca.pt\/pt\/wp-json\/wp\/v2\/types\/post"}],"author":[{"embeddable":true,"href":"https:\/\/neomarca.pt\/pt\/wp-json\/wp\/v2\/users\/3"}],"replies":[{"embeddable":true,"href":"https:\/\/neomarca.pt\/pt\/wp-json\/wp\/v2\/comments?post=5101"}],"version-history":[{"count":0,"href":"https:\/\/neomarca.pt\/pt\/wp-json\/wp\/v2\/posts\/5101\/revisions"}],"wp:featuredmedia":[{"embeddable":true,"href":"https:\/\/neomarca.pt\/pt\/wp-json\/wp\/v2\/media\/5104"}],"wp:attachment":[{"href":"https:\/\/neomarca.pt\/pt\/wp-json\/wp\/v2\/media?parent=5101"}],"wp:term":[{"taxonomy":"category","embeddable":true,"href":"https:\/\/neomarca.pt\/pt\/wp-json\/wp\/v2\/categories?post=5101"},{"taxonomy":"post_tag","embeddable":true,"href":"https:\/\/neomarca.pt\/pt\/wp-json\/wp\/v2\/tags?post=5101"}],"curies":[{"name":"wp","href":"https:\/\/api.w.org\/{rel}","templated":true}]}}