{"id":5106,"date":"2021-01-19T12:44:09","date_gmt":"2021-01-19T11:44:09","guid":{"rendered":"https:\/\/neomarca.pt\/staging2\/pt\/?p=5106"},"modified":"2023-10-27T13:07:42","modified_gmt":"2023-10-27T12:07:42","slug":"abertas-as-candidaturas-ao-programa-de-apoio-a-producao-nacional","status":"publish","type":"post","link":"https:\/\/neomarca.pt\/pt\/noticias\/abertas-as-candidaturas-ao-programa-de-apoio-a-producao-nacional\/","title":{"rendered":"Abertas as candidaturas ao Programa de Apoio \u00e0 Produ\u00e7\u00e3o Nacional"},"content":{"rendered":"\t\t<div data-elementor-type=\"wp-post\" data-elementor-id=\"5106\" class=\"elementor elementor-5106\" data-elementor-post-type=\"post\">\n\t\t\t\t\t\t<section class=\"elementor-section elementor-top-section elementor-element elementor-element-68ba5a1a elementor-section-boxed elementor-section-height-default elementor-section-height-default\" data-id=\"68ba5a1a\" data-element_type=\"section\">\n\t\t\t\t\t\t<div class=\"elementor-container elementor-column-gap-default\">\n\t\t\t\t\t<div class=\"elementor-column elementor-col-100 elementor-top-column elementor-element elementor-element-501bee4b\" data-id=\"501bee4b\" data-element_type=\"column\">\n\t\t\t<div class=\"elementor-widget-wrap elementor-element-populated\">\n\t\t\t\t\t\t<div class=\"elementor-element elementor-element-fcae55d elementor-widget elementor-widget-text-editor\" data-id=\"fcae55d\" data-element_type=\"widget\" data-widget_type=\"text-editor.default\">\n\t\t\t\t<div class=\"elementor-widget-container\">\n\t\t\t\t\t\t\t<h3>Est\u00e3o abertas candidaturas ao <a href=\"https:\/\/neomarca.pt\/staging2\/pt\/noticias\/candidaturas-ao-programa-de-apoio-a-producao-nacional\/\">Programa de Apoio \u00e0 Produ\u00e7\u00e3o Nacional.<\/a> Este programa pretende estimular a produ\u00e7\u00e3o de base local, assegurar o emprego nas micro e pequenas empresas e reduzir a depend\u00eancia da economia portuguesa face ao exterior.<\/h3><h4><strong>A quem se destina:<\/strong><\/h4><ul><li>Micro e Pequenas empresas da Ind\u00fastria Extrativas e Transformadoras (CAEs da divis\u00e3o 05 a 33) \u2013 Algarve, Norte, Lisboa e Alentejo;<\/li><li>Micro e Pequenas empresas do Alojamento, Restaura\u00e7\u00e3o (CAEs das divis\u00f5es 55, 56) \u2013 Alentejo e Norte;<\/li><li>Micro e Pequenas empresas do Com\u00e9rcio a Retalho, Operadores Tur\u00edsticos (CAEs das divis\u00f5es 47e 79) \u2013 Norte.<\/li><\/ul><h4><strong>Despesas eleg\u00edveis:<\/strong><\/h4><ul><li>a) Custos de aquisi\u00e7\u00e3o de m\u00e1quinas, equipamentos, respetiva instala\u00e7\u00e3o e transporte;<\/li><li>b) Custos de aquisi\u00e7\u00e3o de equipamentos inform\u00e1ticos, incluindo o software necess\u00e1rio ao seu funcionamento;<\/li><li>c) Software standard ou desenvolvido especificamente para a atividade da empresa;<\/li><li>d) Custos de conce\u00e7\u00e3o e registo associados \u00e0 cria\u00e7\u00e3o de novas marcas ou cole\u00e7\u00f5es;<\/li><li>e) Custos iniciais associados \u00e0 domicilia\u00e7\u00e3o de aplica\u00e7\u00f5es, ades\u00e3o inicial a plataformas eletr\u00f3nicas, subscri\u00e7\u00e3o inicial de aplica\u00e7\u00f5es em regimes de \u00abSoftware as a Service\u00bb, cria\u00e7\u00e3o e publica\u00e7\u00e3o inicial de novos conte\u00fados eletr\u00f3nicos, bem como a inclus\u00e3o ou cataloga\u00e7\u00e3o em diret\u00f3rios ou motores de busca;<\/li><li>f) Material circulante diretamente relacionado com o exerc\u00edcio da atividade, at\u00e9 ao limite m\u00e1ximo eleg\u00edvel de 40 mil euros;<\/li><li>g) Estudos, diagn\u00f3sticos, auditorias, Planos de marketing, at\u00e9 ao limite m\u00e1ximo eleg\u00edvel de 5 mil euros;<\/li><li>h) Servi\u00e7os tecnol\u00f3gicos\/digitais, sistemas de qualidade e de certifica\u00e7\u00e3o, at\u00e9 ao limite m\u00e1ximo eleg\u00edvel de 50 mil euros;<\/li><li>i) Obras de remodela\u00e7\u00e3o ou adapta\u00e7\u00e3o, para instala\u00e7\u00e3o de equipamentos produtivos financiados no \u00e2mbito deste projeto, at\u00e9 ao limite de 60% do investimento total eleg\u00edvel apurado, desde que contratadas a terceiros n\u00e3o relacionados com o adquirente benefici\u00e1rio dos apoios, n\u00e3o sendo financiados materiais de constru\u00e7\u00e3o adquiridos autonomamente.<\/li><li>Investimento M\u00ednimo: 20.000,00\u20ac e Investimento M\u00e1ximo: 235.000,00\u20ac<\/li><\/ul><h4><strong>Crit\u00e9rios de elegibilidade:<\/strong><\/h4><p>Os benefici\u00e1rios para serem eleg\u00edveis devem respeitar as seguintes condi\u00e7\u00f5es:<\/p><ul><li>Empresa ter atividade enquadrada nos CAE&#8217;s indicados;<\/li><li>Assegurar as fontes de financiamento do projeto, com um m\u00ednimo de 10% de Capitais Pr\u00f3prios;<\/li><li>Apresentar os licenciamentos necess\u00e1rios ao desenvolvimento da atividade at\u00e9 \u00e0 apresenta\u00e7\u00e3o do Termo de Aceita\u00e7\u00e3o;<\/li><li class=\"m-size-15 size-16\"><span class=\"m-font-size-15 font-size-16\">Ser Micro ou Pequena Empresa (com <a href=\"https:\/\/neomarca.pt\/staging2\/pt\/noticias\/certificacao-pme-renovacoes-ate-28-de-outubro\/\" target=\"_blank\" rel=\"noopener\">Certifica\u00e7\u00e3o PME<\/a> atualizada);<\/span><\/li><li class=\"m-size-15 size-16\"><span class=\"m-font-size-15 font-size-16\">Apresentar resultados positivos, antes de impostos, no \u00faltimo exerc\u00edcio econ\u00f3mico declarado para efeitos fiscais (2019);<\/span><\/li><li class=\"m-size-15 size-16\"><span class=\"m-font-size-15 font-size-16\">Deter, no m\u00ednimo, um funcion\u00e1rio remunerado afeto aos quadros da empresa;<\/span><\/li><li>N\u00e3o ter sal\u00e1rios em atraso.<\/li><li>Apenas ser\u00e3o eleg\u00edveis as opera\u00e7\u00f5es iniciadas ap\u00f3s a submiss\u00e3o da candidatura.<\/li><li>Os projetos dever\u00e3o ter a dura\u00e7\u00e3o m\u00e1xima de 12 meses, com possibilidade de extens\u00e3o de 6 meses, mediante autoriza\u00e7\u00e3o da Autoridade Gestora.<\/li><li>Os investimentos dever\u00e3o iniciar-se at\u00e9 90 dias ap\u00f3s a aceita\u00e7\u00e3o da decis\u00e3o de aprova\u00e7\u00e3o.<\/li><\/ul><h4><strong>Financiamento:<\/strong><\/h4><ul dir=\"ltr\"><li id=\"paragraph_UKaLewl8286\" dir=\"ltr\"><span id=\"text_2--u196FxEA\" class=\"\">Taxa base de apoio de <strong>30<\/strong><\/span><span id=\"text_r5-u19MFxEA\" class=\"TextBodyEmph color_TextEmph\"><strong>% a fundo perdido<\/strong>, a<\/span><span id=\"text_eC-u19cFxEA\" class=\"\">crescendo 10% se o investimento for em territ\u00f3rios de baixa densidade.<\/span><\/li><li dir=\"ltr\"><span id=\"text_eC-u19cFxEA\" class=\"\">Com as seguintes majora\u00e7\u00f5es, o apoio poder\u00e1 ascender a subven\u00e7\u00e3o n\u00e3o reembols\u00e1vel de at\u00e9 60% do investimento:<\/span><br \/><ul dir=\"ltr\"><li dir=\"ltr\"><span id=\"text_eC-u19cFxEA\" class=\"\">20% se incorporar conhecimento cient\u00edfico (Algarve);<\/span><\/li><li dir=\"ltr\">20% para empresas com menos de 5 anos (Lisboa);<\/li><li>20% para Microempresas (Lisboa);<\/li><li>20% se benefici\u00e1rio tem estatuto de investidor da Di\u00e1spora (lisboa);<\/li><li dir=\"ltr\">20% se CAE for da Ind\u00fastria Extrativa ou transformadora, da divis\u00f5es 05 a 33 (Norte);<\/li><li dir=\"ltr\">15% se CAE principal for das divis\u00f5es 47, 55, 56 ou 79 (Norte);<\/li><li dir=\"ltr\">15% com enquadramento na Estrat\u00e9gia Regional para a Especializa\u00e7\u00e3o Inteligente (Algarve);<\/li><li dir=\"ltr\">10% para projetos de expans\u00e3o ou moderniza\u00e7\u00e3o de micro e pequenas empresas criadas h\u00e1 menos de cinco anos (Alentejo);<\/li><li dir=\"ltr\">5% se benefici\u00e1rio tem estatuto de investidor da Di\u00e1spora (Algarve, Alentejo);<\/li><\/ul><\/li><\/ul><h4 class=\"x_x_MsoListParagraph\">Candidaturas Abertas nos seguintes territ\u00f3rios:<\/h4><p class=\"x_x_MsoNormal\"><strong>ALGARVE at\u00e9 26\/Fevereiro:<\/strong><\/p><ul><li class=\"x_x_MsoListParagraph\">Toda a regi\u00e3o<\/li><\/ul><p class=\"x_x_MsoNormal\"><strong>\u00a0ALENTEJO at\u00e9 15\/Fevereiro:<\/strong><\/p><ul><li class=\"x_x_MsoNormal\">ALTO ALENTEJO \u2013 Alter do Ch\u00e3o, Arronches, Avis, Campo Maior, Castelo de Vide, Crato, Elvas, Fronteira, Gavi\u00e3o, Marv\u00e3o, Monforte, Nisa, Ponte de Sor, Portalegre e Sousel<\/li><li class=\"x_x_MsoNormal\">ALENTEJO CENTRAL \u2013 Alandroal, Arraiolos, Borba, Estremoz, \u00c9vora, Montemor-o-Novo, Mora, Mour\u00e3o, Portel, Redondo, Reguengos de Monsaraz, Vendas Novas, Viana do Alentejo e Vila Vi\u00e7osa<\/li><li class=\"x_x_MsoNormal\">BAIXO ALENTEJO \u2013 Aljustrel, Almod\u00f4var, Alvito, Barrancos, Beja, Castro Verde, Cuba, Ferreira do Alentejo, M\u00e9rtola, Moura, Ourique, Serpa e Vidigueira<\/li><li class=\"x_x_MsoNormal\">LEZ\u00cdRIA DO TEJO \u2013 Almeirim, Alpiar\u00e7a, Azambuja, Benavente, Cartaxo, Chamusca, Coruche, Goleg\u00e3, Rio Maior, Salvaterra de Magos e Santar\u00e9m<\/li><li class=\"x_x_MsoNormal\">ALENTEJO LITORAL \u2013 Alc\u00e1cer do Sal, Gr\u00e2ndola, Odemira, Santiago do Cac\u00e9m e Sines<\/li><\/ul><p class=\"x_x_MsoNormal\"><strong>NORTE at\u00e9 26\/Fevereiro:<\/strong><\/p><ul><li class=\"x_x_MsoListParagraph\">C\u00c1VADO: Amares, Braga, Barcelos, Esposende, Terras de Bouro e Vila Verde<\/li><li class=\"x_x_MsoListParagraph\">ALTO T\u00c2MEGA: Boticas, Chaves, Montalegre, Ribeira de Pena, Valpa\u00e7os e Vila Pouca de Aguiar<\/li><li class=\"x_x_MsoListParagraph\">AVE: Cabeceiras de Basto; Fafe; Guimar\u00e3es; Mondim de Basto; P\u00f3voa de Lanhoso; Vieira do Minho; Vila Nova de Famalic\u00e3o e Vizela<\/li><li class=\"x_x_MsoListParagraph\">TR\u00c1S-OS-MONTES: Bragan\u00e7a, Vinhais, Mirandela, Macedo de Cavaleiros, Vimioso, Miranda do Douro, Mogadouro, Alf\u00e2ndega da F\u00e9 e Vila Flor<\/li><li class=\"x_x_MsoListParagraph\">T\u00c2MEGA E SOUSA: Amarante, Bai\u00e3o, Castelo de Paiva, Celorico de Basto, Cinf\u00e3es, Felgueiras, Lousada, Marco de Canaveses, Pa\u00e7os de Ferreira, Penafiel e Resende<\/li><li class=\"x_x_MsoListParagraph\">ALTO MINHO: Arcos de Valdevez, Caminha, Melga\u00e7o, Mon\u00e7\u00e3o, Paredes de Coura, Ponte da Barca, Ponte de Lima, Valen\u00e7a, Viana do Castelo e Vila Nova de Cerveira<\/li><\/ul><p class=\"x_x_MsoNormal\"><strong>LISBOA at\u00e9 26\/Fevereiro:<\/strong><\/p><ul><li class=\"x_x_MsoListParagraph\">Regi\u00e3o Saloia \u2013 Zona Rural: Mafra, Loures (Bucelas, Lousa, Fanh\u00f5es e UF de Santo Ant\u00e3o e S\u00e3o Juli\u00e3o do Tojal) e Sintra (UF de S\u00e3o Jo\u00e3o das Lampas e Terrugem, UF de Almargem do Bispo, P\u00earo Pinheiro e Montelavar e Colares)<\/li><li class=\"x_x_MsoListParagraph\">Regi\u00e3o Saloia \u2013 Zona Costeira: Mafra (Ericeira, Santo Isidoro e Encarna\u00e7\u00e3o) e Cascais (UF de Cascais e Estoril)<\/li><\/ul><p><strong>Nota:<\/strong> O enquadramento de qualquer projeto carece da valida\u00e7\u00e3o da informa\u00e7\u00e3o para o Aviso onde o investimento vai ser realizado.<\/p>\t\t\t\t\t\t<\/div>\n\t\t\t\t<\/div>\n\t\t\t\t<section class=\"elementor-section elementor-inner-section elementor-element elementor-element-072a9f3 elementor-section-boxed elementor-section-height-default elementor-section-height-default\" data-id=\"072a9f3\" data-element_type=\"section\" data-settings=\"{&quot;background_background&quot;:&quot;classic&quot;}\">\n\t\t\t\t\t\t<div class=\"elementor-container elementor-column-gap-default\">\n\t\t\t\t\t<div class=\"elementor-column elementor-col-50 elementor-inner-column elementor-element elementor-element-72ed87d\" data-id=\"72ed87d\" data-element_type=\"column\">\n\t\t\t<div class=\"elementor-widget-wrap elementor-element-populated\">\n\t\t\t\t\t\t<div class=\"elementor-element elementor-element-be92099 elementor-widget elementor-widget-heading\" data-id=\"be92099\" data-element_type=\"widget\" data-widget_type=\"heading.default\">\n\t\t\t\t<div class=\"elementor-widget-container\">\n\t\t\t<h5 class=\"elementor-heading-title elementor-size-default\">Pretende candidatar a sua empresa?<\/h5>\t\t<\/div>\n\t\t\t\t<\/div>\n\t\t\t\t<div class=\"elementor-element elementor-element-47089f1 elementor-widget elementor-widget-text-editor\" data-id=\"47089f1\" data-element_type=\"widget\" data-widget_type=\"text-editor.default\">\n\t\t\t\t<div class=\"elementor-widget-container\">\n\t\t\t\t\t\t\t<p><strong>Contacte-nos:\u00a0<a href=\"mailto:info@neomarca.pt\">info@neomarca.pt<\/a>\u00a0| 289 098 720 | 915 990 790<\/strong><\/p>\t\t\t\t\t\t<\/div>\n\t\t\t\t<\/div>\n\t\t\t\t\t<\/div>\n\t\t<\/div>\n\t\t\t\t<div class=\"elementor-column elementor-col-50 elementor-inner-column elementor-element elementor-element-de65f24\" data-id=\"de65f24\" data-element_type=\"column\">\n\t\t\t<div class=\"elementor-widget-wrap elementor-element-populated\">\n\t\t\t\t\t\t<div class=\"elementor-element elementor-element-f98346c elementor-align-right elementor-mobile-align-left elementor-widget elementor-widget-button\" data-id=\"f98346c\" data-element_type=\"widget\" data-widget_type=\"button.default\">\n\t\t\t\t<div class=\"elementor-widget-container\">\n\t\t\t\t\t<div class=\"elementor-button-wrapper\">\n\t\t\t<a class=\"elementor-button elementor-button-link elementor-size-md\" href=\"mailto:info@neomarca.eu\">\n\t\t\t\t\t\t<span class=\"elementor-button-content-wrapper\">\n\t\t\t\t\t\t<span class=\"elementor-button-text\">Agendar Reuni\u00e3o<\/span>\n\t\t<\/span>\n\t\t\t\t\t<\/a>\n\t\t<\/div>\n\t\t\t\t<\/div>\n\t\t\t\t<\/div>\n\t\t\t\t\t<\/div>\n\t\t<\/div>\n\t\t\t\t\t<\/div>\n\t\t<\/section>\n\t\t\t\t\t<\/div>\n\t\t<\/div>\n\t\t\t\t\t<\/div>\n\t\t<\/section>\n\t\t\t\t<\/div>\n\t\t","protected":false},"excerpt":{"rendered":"<p>Est\u00e3o abertas candidaturas ao Programa de Apoio \u00e0 Produ\u00e7\u00e3o Nacional. Este programa pretende estimular a produ\u00e7\u00e3o de base local, assegurar o emprego nas micro e pequenas empresas e reduzir a depend\u00eancia da economia portuguesa face ao exterior. A quem se destina: Micro e Pequenas empresas da Ind\u00fastria Extrativas e Transformadoras (CAEs da divis\u00e3o 05 a&hellip;<\/p>\n","protected":false},"author":3,"featured_media":5109,"comment_status":"closed","ping_status":"closed","sticky":false,"template":"","format":"standard","meta":{"_monsterinsights_skip_tracking":false,"_monsterinsights_sitenote_active":false,"_monsterinsights_sitenote_note":"","_monsterinsights_sitenote_category":0,"footnotes":""},"categories":[238],"tags":[254,112,326,328,272],"class_list":["post-5106","post","type-post","status-publish","format-standard","has-post-thumbnail","hentry","category-noticias","tag-apoio-ao-financiamento","tag-apoio-investimento","tag-micro-empresas","tag-pequenas-empresas","tag-portugal-2020"],"acf":[],"_links":{"self":[{"href":"https:\/\/neomarca.pt\/pt\/wp-json\/wp\/v2\/posts\/5106","targetHints":{"allow":["GET"]}}],"collection":[{"href":"https:\/\/neomarca.pt\/pt\/wp-json\/wp\/v2\/posts"}],"about":[{"href":"https:\/\/neomarca.pt\/pt\/wp-json\/wp\/v2\/types\/post"}],"author":[{"embeddable":true,"href":"https:\/\/neomarca.pt\/pt\/wp-json\/wp\/v2\/users\/3"}],"replies":[{"embeddable":true,"href":"https:\/\/neomarca.pt\/pt\/wp-json\/wp\/v2\/comments?post=5106"}],"version-history":[{"count":0,"href":"https:\/\/neomarca.pt\/pt\/wp-json\/wp\/v2\/posts\/5106\/revisions"}],"wp:featuredmedia":[{"embeddable":true,"href":"https:\/\/neomarca.pt\/pt\/wp-json\/wp\/v2\/media\/5109"}],"wp:attachment":[{"href":"https:\/\/neomarca.pt\/pt\/wp-json\/wp\/v2\/media?parent=5106"}],"wp:term":[{"taxonomy":"category","embeddable":true,"href":"https:\/\/neomarca.pt\/pt\/wp-json\/wp\/v2\/categories?post=5106"},{"taxonomy":"post_tag","embeddable":true,"href":"https:\/\/neomarca.pt\/pt\/wp-json\/wp\/v2\/tags?post=5106"}],"curies":[{"name":"wp","href":"https:\/\/api.w.org\/{rel}","templated":true}]}}