{"id":5179,"date":"2021-02-09T12:06:58","date_gmt":"2021-02-09T11:06:58","guid":{"rendered":"https:\/\/neomarca.pt\/staging2\/pt\/?p=5179"},"modified":"2023-10-27T12:48:47","modified_gmt":"2023-10-27T11:48:47","slug":"programa-de-apoio-a-producao-nacional-digitalizacao-e-economia-verde","status":"publish","type":"post","link":"https:\/\/neomarca.pt\/pt\/noticias\/programa-de-apoio-a-producao-nacional-digitalizacao-e-economia-verde\/","title":{"rendered":"Programa de Apoio \u00e0 Produ\u00e7\u00e3o Nacional para a Digitaliza\u00e7\u00e3o e Economia Verde"},"content":{"rendered":"\t\t<div data-elementor-type=\"wp-post\" data-elementor-id=\"5179\" class=\"elementor elementor-5179\" data-elementor-post-type=\"post\">\n\t\t\t\t\t\t<section class=\"elementor-section elementor-top-section elementor-element elementor-element-251c61eb elementor-section-boxed elementor-section-height-default elementor-section-height-default\" data-id=\"251c61eb\" data-element_type=\"section\">\n\t\t\t\t\t\t<div class=\"elementor-container elementor-column-gap-default\">\n\t\t\t\t\t<div class=\"elementor-column elementor-col-100 elementor-top-column elementor-element elementor-element-2b4c35a4\" data-id=\"2b4c35a4\" data-element_type=\"column\">\n\t\t\t<div class=\"elementor-widget-wrap elementor-element-populated\">\n\t\t\t\t\t\t<div class=\"elementor-element elementor-element-2c57d8b6 elementor-widget elementor-widget-text-editor\" data-id=\"2c57d8b6\" data-element_type=\"widget\" data-widget_type=\"text-editor.default\">\n\t\t\t\t<div class=\"elementor-widget-container\">\n\t\t\t\t\t\t\t<h3>Est\u00e3o abertas as candidaturas ao Programa de Apoio \u00e0 Produ\u00e7\u00e3o Nacional &#8211; Digitaliza\u00e7\u00e3o e Economia Verde para a regi\u00e3o do Algarve. As candidaturas ao PAPN est\u00e3o abertas at\u00e9 ao dia 22 de mar\u00e7o.<\/h3><p>O objetivo deste Programa de Apoio \u00e0 Produ\u00e7\u00e3o Nacional consiste no apoio direto ao investimento empresarial produtivo, com especial enfoque no setor industrial e no sector do turismo, entre outros setores relevantes para estimular a produ\u00e7\u00e3o nacional e a redu\u00e7\u00e3o da depend\u00eancia face ao exterior, primando pela agilidade de procedimentos, pela efici\u00eancia na gest\u00e3o e pela efic\u00e1cia nos resultados.<\/p><p>Neste contexto de necessidade de estimular a retoma econ\u00f3mica, \u00e9 importante apoiar a aquisi\u00e7\u00e3o de m\u00e1quinas, equipamentos, servi\u00e7os tecnol\u00f3gicos\/digitais e sistemas de qualidade, sistemas de certifica\u00e7\u00e3o que alterem os processos produtivos das empresas, apoiando-as na transi\u00e7\u00e3o digital, na transi\u00e7\u00e3o energ\u00e9tica, na introdu\u00e7\u00e3o de processos de produ\u00e7\u00e3o ambientalmente mais amig\u00e1veis e que sejam, simultaneamente, um est\u00edmulo \u00e0 produ\u00e7\u00e3o nacional, de modo a promover melhoria da produtividade das empresas num contexto de novos modelos de neg\u00f3cios. As empresas dever\u00e3o assumir o compromisso de manter os postos de trabalho, n\u00e3o havendo a exig\u00eancia de cria\u00e7\u00e3o de postos de trabalho.<\/p><p>\u00a0<\/p>\t\t\t\t\t\t<\/div>\n\t\t\t\t<\/div>\n\t\t\t\t<div class=\"elementor-element elementor-element-33bca4f elementor-widget elementor-widget-accordion\" data-id=\"33bca4f\" data-element_type=\"widget\" data-widget_type=\"accordion.default\">\n\t\t\t\t<div class=\"elementor-widget-container\">\n\t\t\t\t\t<div class=\"elementor-accordion\">\n\t\t\t\t\t\t\t<div class=\"elementor-accordion-item\">\n\t\t\t\t\t<div id=\"elementor-tab-title-5421\" class=\"elementor-tab-title\" data-tab=\"1\" role=\"button\" aria-controls=\"elementor-tab-content-5421\" aria-expanded=\"false\">\n\t\t\t\t\t\t\t\t\t\t\t\t\t<span class=\"elementor-accordion-icon elementor-accordion-icon-left\" aria-hidden=\"true\">\n\t\t\t\t\t\t\t\t\t\t\t\t\t\t\t<span class=\"elementor-accordion-icon-closed\"><i class=\"fas fa-plus\"><\/i><\/span>\n\t\t\t\t\t\t\t\t<span class=\"elementor-accordion-icon-opened\"><i class=\"fas fa-minus\"><\/i><\/span>\n\t\t\t\t\t\t\t\t\t\t\t\t\t\t<\/span>\n\t\t\t\t\t\t\t\t\t\t\t\t<a class=\"elementor-accordion-title\" tabindex=\"0\">A quem se destina<\/a>\n\t\t\t\t\t<\/div>\n\t\t\t\t\t<div id=\"elementor-tab-content-5421\" class=\"elementor-tab-content elementor-clearfix\" data-tab=\"1\" role=\"region\" aria-labelledby=\"elementor-tab-title-5421\"><p><strong>Micro e pequenas empresas,<\/strong>\u00a0classifica\u00e7\u00e3o de acordo com a\u00a0<a href=\"https:\/\/neomarca.pt\/pt\/noticias\/certificacao-pme-renovacoes-ate-28-de-outubro\/\" target=\"_blank\" rel=\"noopener\">certifica\u00e7\u00e3o PME<\/a>.<\/p><p>S\u00e3o eleg\u00edveis todas as opera\u00e7\u00f5es inseridas em todas as atividades econ\u00f3micas, com exce\u00e7\u00e3o das expressamente indicadas, em concreto:<\/p><ul><li>a) O setor da pesca e da aquicultura;<\/li><li>b) O setor da produ\u00e7\u00e3o agr\u00edcola prim\u00e1ria e florestas;<\/li><li>c) O setor da transforma\u00e7\u00e3o e comercializa\u00e7\u00e3o de produtos agr\u00edcolas constantes do Anexo I do Tratado de Funcionamento da Uni\u00e3o Europeia, publicado no Jornal Oficial da Uni\u00e3o Europeia (JOUE) de 7 de junho de 2016 e transforma\u00e7\u00e3o e comercializa\u00e7\u00e3o de produtos florestais;<\/li><li>d) Os projetos de diversifica\u00e7\u00e3o de atividades nas explora\u00e7\u00f5es agr\u00edcolas, nos termos do Acordo de Parceria;<\/li><li>e) Os projetos que incidam nas seguintes atividades previstas na CAE (Classifica\u00e7\u00e3o Portuguesa de Atividades Econ\u00f3micas, revista pelo Decreto-Lei n.\u00ba 381\/2007, de 14 de novembro \u2013 CAE Rev.3):<ul><li>Financeiras e de seguros \u2013 divis\u00f5es 64 a 66;<\/li><li>Defesa \u2013 subclasses 25402, 30400 e 84220;<\/li><li>Lotarias e outros jogos de aposta \u2013 divis\u00e3o 92.<\/li><\/ul><\/li><\/ul><\/div>\n\t\t\t\t<\/div>\n\t\t\t\t\t\t\t<div class=\"elementor-accordion-item\">\n\t\t\t\t\t<div id=\"elementor-tab-title-5422\" class=\"elementor-tab-title\" data-tab=\"2\" role=\"button\" aria-controls=\"elementor-tab-content-5422\" aria-expanded=\"false\">\n\t\t\t\t\t\t\t\t\t\t\t\t\t<span class=\"elementor-accordion-icon elementor-accordion-icon-left\" aria-hidden=\"true\">\n\t\t\t\t\t\t\t\t\t\t\t\t\t\t\t<span class=\"elementor-accordion-icon-closed\"><i class=\"fas fa-plus\"><\/i><\/span>\n\t\t\t\t\t\t\t\t<span class=\"elementor-accordion-icon-opened\"><i class=\"fas fa-minus\"><\/i><\/span>\n\t\t\t\t\t\t\t\t\t\t\t\t\t\t<\/span>\n\t\t\t\t\t\t\t\t\t\t\t\t<a class=\"elementor-accordion-title\" tabindex=\"0\">Despesas eleg\u00edveis<\/a>\n\t\t\t\t\t<\/div>\n\t\t\t\t\t<div id=\"elementor-tab-content-5422\" class=\"elementor-tab-content elementor-clearfix\" data-tab=\"2\" role=\"region\" aria-labelledby=\"elementor-tab-title-5422\"><p>S\u00e3o enquadr\u00e1veis as seguintes despesas, que obrigatoriamente, t\u00eam de contribuir para a\u00a0<strong>Efici\u00eancia energ\u00e9tica e promo\u00e7\u00e3o de pr\u00e1ticas circulares<\/strong>\u00a0ou a\u00a0<strong>Transforma\u00e7\u00e3o digital de empresas<\/strong>:<\/p><ul><li>a) Custos de aquisi\u00e7\u00e3o de m\u00e1quinas, equipamentos, respetiva instala\u00e7\u00e3o e transporte;<\/li><li>b) Custos de aquisi\u00e7\u00e3o de equipamentos inform\u00e1ticos, incluindo o software necess\u00e1rio ao seu funcionamento;<\/li><li>c) Software standard ou desenvolvido especificamente para a atividade da empresa;<\/li><li>d) Custos de conce\u00e7\u00e3o e registo associados \u00e0 cria\u00e7\u00e3o de novas marcas ou cole\u00e7\u00f5es;<\/li><li>e) Custos iniciais associados \u00e0 domicilia\u00e7\u00e3o de aplica\u00e7\u00f5es, ades\u00e3o inicial a plataformas eletr\u00f3nicas, subscri\u00e7\u00e3o inicial de aplica\u00e7\u00f5es em regimes de \u00absoftware as a Service\u00bb, cria\u00e7\u00e3o e publica\u00e7\u00e3o inicial de novos conte\u00fados eletr\u00f3nicos, bem como a inclus\u00e3o ou cataloga\u00e7\u00e3o em diret\u00f3rios ou motores de busca;<\/li><li>f) Material circulante diretamente relacionado com o exerc\u00edcio da atividade, at\u00e9 ao limite m\u00e1ximo eleg\u00edvel de 40 mil euros.<\/li><li>g) Estudos, diagn\u00f3sticos, auditorias, Planos de marketing, at\u00e9 ao limite m\u00e1ximo eleg\u00edvel de 5 mil euros.<\/li><li>h) Servi\u00e7os tecnol\u00f3gicos\/digitais, sistemas de qualidade e de certifica\u00e7\u00e3o, at\u00e9 ao limite m\u00e1ximo eleg\u00edvel de 50 mil euros.<\/li><li>i) Obras de remodela\u00e7\u00e3o ou adapta\u00e7\u00e3o, para instala\u00e7\u00e3o de equipamentos produtivos financiados no \u00e2mbito deste projeto, at\u00e9 ao limite de 60% do investimento total eleg\u00edvel apurado, desde que contratadas a terceiros n\u00e3o relacionados com o adquirente benefici\u00e1rio dos apoios, n\u00e3o sendo financiados materiais de constru\u00e7\u00e3o adquiridos autonomamente.<\/li><\/ul><\/div>\n\t\t\t\t<\/div>\n\t\t\t\t\t\t\t<div class=\"elementor-accordion-item\">\n\t\t\t\t\t<div id=\"elementor-tab-title-5423\" class=\"elementor-tab-title\" data-tab=\"3\" role=\"button\" aria-controls=\"elementor-tab-content-5423\" aria-expanded=\"false\">\n\t\t\t\t\t\t\t\t\t\t\t\t\t<span class=\"elementor-accordion-icon elementor-accordion-icon-left\" aria-hidden=\"true\">\n\t\t\t\t\t\t\t\t\t\t\t\t\t\t\t<span class=\"elementor-accordion-icon-closed\"><i class=\"fas fa-plus\"><\/i><\/span>\n\t\t\t\t\t\t\t\t<span class=\"elementor-accordion-icon-opened\"><i class=\"fas fa-minus\"><\/i><\/span>\n\t\t\t\t\t\t\t\t\t\t\t\t\t\t<\/span>\n\t\t\t\t\t\t\t\t\t\t\t\t<a class=\"elementor-accordion-title\" tabindex=\"0\">Enquadramento dos investimentos<\/a>\n\t\t\t\t\t<\/div>\n\t\t\t\t\t<div id=\"elementor-tab-content-5423\" class=\"elementor-tab-content elementor-clearfix\" data-tab=\"3\" role=\"region\" aria-labelledby=\"elementor-tab-title-5423\"><p>Neste sentido, no \u00e2mbito deste aviso<strong>\u00a0podem ser enquadr\u00e1veis exclusivamente investimentos que contribuam para<\/strong>:<\/p><p><strong>\u2013 Efici\u00eancia energ\u00e9tica e promo\u00e7\u00e3o de pr\u00e1ticas circulares nas empresas:<\/strong><\/p><ul><li>projetos para a efici\u00eancia energ\u00e9tica que permitam implementar solu\u00e7\u00f5es integradas (nomeadamente de produ\u00e7\u00e3o de energia a partir de fontes de energia renov\u00e1veis para autoconsumo, interven\u00e7\u00f5es na envolvente opaca e na envolvente envidra\u00e7ada, instala\u00e7\u00e3o de sistemas de produ\u00e7\u00e3o de energia para autoconsumo a partir de fontes de energia renov\u00e1vel, ferramentas de gest\u00e3o operacional capazes de induzir economias de energia, de \u00e1guas e do uso de recursos nos equipamentos por estes monitorizados e geridos, investimentos em redes inteligentes de energia (smart grids), investimentos indutores no uso eficiente da \u00e1gua, sensoriza\u00e7\u00e3o aplicada a processos de redu\u00e7\u00e3o de consumos, investimentos que promovam a transi\u00e7\u00e3o carb\u00f3nica, auditorias energ\u00e9ticas desde que relacionadas com o investimento a realizar e estudos com vista \u00e0 implementa\u00e7\u00e3o de processos de certifica\u00e7\u00e3o ambiental e energ\u00e9tica).<\/li><li>Transforma\u00e7\u00e3o digital de empresas: projetos para a incorpora\u00e7\u00e3o de tecnologias de informa\u00e7\u00e3o e comunica\u00e7\u00e3o, que ajudem a melhorar a competitividade e produtividade (nomeadamente tecnologias aplicadas na gest\u00e3o, na inova\u00e7\u00e3o produtiva, na sensoriza\u00e7\u00e3o, nos meios de com\u00e9rcio digital e eletr\u00f3nico, no marketing digital, na digitaliza\u00e7\u00e3o de processos de neg\u00f3cio, na incorpora\u00e7\u00e3o da ci\u00eancia dos dados e internet das coisas \u2013 iot).<\/li><li>Adicionalmente deve ser tido em considera\u00e7\u00e3o que:<ul><li>Os projetos devem preferencialmente ter um foco na componente da efici\u00eancia energ\u00e9tica;<\/li><li>S\u00f3 s\u00e3o apoiados projetos com produ\u00e7\u00e3o de energia a partir de fontes de energias renov\u00e1veis para autoconsumo;<\/li><li>S\u00f3 s\u00e3o apoiados investimentos de transforma\u00e7\u00e3o digital de empresas que fa\u00e7am parte de solu\u00e7\u00f5es integradas com vista a ganhos de produtividade na empresa (a mera substitui\u00e7\u00e3o de equipamentos e cria\u00e7\u00e3o de p\u00e1ginas de internet n\u00e3o s\u00e3o consideradas solu\u00e7\u00f5es integradas);<\/li><li>Os investimentos devem estar relacionados com a \u00e1rea produtiva da empresa;<\/li><li>As obras de remodela\u00e7\u00e3o ou adapta\u00e7\u00e3o devem estar relacionadas com a instala\u00e7\u00e3o de equipamentos produtivos financiados no \u00e2mbito do projeto.<\/li><\/ul><\/li><\/ul><\/div>\n\t\t\t\t<\/div>\n\t\t\t\t\t\t\t<div class=\"elementor-accordion-item\">\n\t\t\t\t\t<div id=\"elementor-tab-title-5424\" class=\"elementor-tab-title\" data-tab=\"4\" role=\"button\" aria-controls=\"elementor-tab-content-5424\" aria-expanded=\"false\">\n\t\t\t\t\t\t\t\t\t\t\t\t\t<span class=\"elementor-accordion-icon elementor-accordion-icon-left\" aria-hidden=\"true\">\n\t\t\t\t\t\t\t\t\t\t\t\t\t\t\t<span class=\"elementor-accordion-icon-closed\"><i class=\"fas fa-plus\"><\/i><\/span>\n\t\t\t\t\t\t\t\t<span class=\"elementor-accordion-icon-opened\"><i class=\"fas fa-minus\"><\/i><\/span>\n\t\t\t\t\t\t\t\t\t\t\t\t\t\t<\/span>\n\t\t\t\t\t\t\t\t\t\t\t\t<a class=\"elementor-accordion-title\" tabindex=\"0\">Taxas de financiamento<\/a>\n\t\t\t\t\t<\/div>\n\t\t\t\t\t<div id=\"elementor-tab-content-5424\" class=\"elementor-tab-content elementor-clearfix\" data-tab=\"4\" role=\"region\" aria-labelledby=\"elementor-tab-title-5424\"><p>Aplica\u00e7\u00e3o de uma taxa base de 40% para os investimentos localizados em territ\u00f3rios do interior ou 30% para os investimentos localizados nos restantes territ\u00f3rios.<\/p><p>\u00c0 referida taxa base acrescem as seguintes majora\u00e7\u00f5es, at\u00e9 um m\u00e1ximo de 20 pontos percentuais (pp):<\/p><ul><li>a) Projetos enquadrados nas prioridades relevantes para os territ\u00f3rios abrangidos neste AAC, nos seguintes termos:<ul><li>Empresas que se enquadrem nas divis\u00f5es 05 a 33 da CAE: 10 pp<\/li><li>Projetos em que a componente da efici\u00eancia energ\u00e9tica tenha um peso superior a 50% do investimento eleg\u00edvel: 10 pp<\/li><\/ul><\/li><li>b) Projetos cujos investidores t\u00eam o estatuto de investidor da Di\u00e1spora: 5 pp<\/li><\/ul><\/div>\n\t\t\t\t<\/div>\n\t\t\t\t\t\t\t<div class=\"elementor-accordion-item\">\n\t\t\t\t\t<div id=\"elementor-tab-title-5425\" class=\"elementor-tab-title\" data-tab=\"5\" role=\"button\" aria-controls=\"elementor-tab-content-5425\" aria-expanded=\"false\">\n\t\t\t\t\t\t\t\t\t\t\t\t\t<span class=\"elementor-accordion-icon elementor-accordion-icon-left\" aria-hidden=\"true\">\n\t\t\t\t\t\t\t\t\t\t\t\t\t\t\t<span class=\"elementor-accordion-icon-closed\"><i class=\"fas fa-plus\"><\/i><\/span>\n\t\t\t\t\t\t\t\t<span class=\"elementor-accordion-icon-opened\"><i class=\"fas fa-minus\"><\/i><\/span>\n\t\t\t\t\t\t\t\t\t\t\t\t\t\t<\/span>\n\t\t\t\t\t\t\t\t\t\t\t\t<a class=\"elementor-accordion-title\" tabindex=\"0\">Crit\u00e9rios de elegibilidade<\/a>\n\t\t\t\t\t<\/div>\n\t\t\t\t\t<div id=\"elementor-tab-content-5425\" class=\"elementor-tab-content elementor-clearfix\" data-tab=\"5\" role=\"region\" aria-labelledby=\"elementor-tab-title-5425\"><p>Para efeitos da aferi\u00e7\u00e3o das condi\u00e7\u00f5es a\u00ed previstas, os benefici\u00e1rios dever\u00e3o, designadamente:<\/p><ul><li>a) Assegurar as fontes de financiamento do projeto, com um m\u00ednimo de 10% de Capitais Pr\u00f3prios, nos termos identificados no Anexo F , no que se refere \u00e0 al\u00ednea f) do art.\u00ba 13 do DL 159\/2014, bem como da al\u00ednea c) do n.\u00ba 2 do artigo 9\u00ba do RE SI2E;<\/li><li>b) Apresentar os licenciamentos necess\u00e1rios ao desenvolvimento da atividade (ex.: licen\u00e7as de funcionamento, licenciamentos comerciais, industriais, administrativas), at\u00e9 \u00e0 apresenta\u00e7\u00e3o do termo de aceita\u00e7\u00e3o (TA), para efeitos da aferi\u00e7\u00e3o do cumprimento da al\u00ednea c) do artigo 13\u00ba do DL 159\/2014;<\/li><li>c) Obter ou atualizar a Certifica\u00e7\u00e3o Eletr\u00f3nica prevista no Decreto-Lei n.\u00ba 372\/2007, de 6 de novembro alterado pelo Decreto-Lei n.\u00ba 143\/2009, de 16 de junho, atrav\u00e9s do s\u00edtio do IAPMEI (www.iapmei.pt), para efeitos de comprova\u00e7\u00e3o do estatuto PME, at\u00e9 \u00e0 decis\u00e3o sobre o financiamento;<\/li><\/ul><p>6.2 \u2013 Os benefici\u00e1rios dever\u00e3o ainda respeitar as seguintes condi\u00e7\u00f5es:<\/p><ul><li>a) Ter um sistema de contabilidade organizada ou simplificada, de acordo com o legalmente exigido;<\/li><li>b) Apresentarem resultados positivos, antes de impostos, no \u00faltimo exerc\u00edcio econ\u00f3mico declarado para efeitos fiscais, comprovado pela declara\u00e7\u00e3o da IES do ano;<\/li><li>c) Declararem que n\u00e3o tem sal\u00e1rios em atraso;<\/li><li>d) Declararem que n\u00e3o se trata de uma empresa sujeita a uma injun\u00e7\u00e3o de recupera\u00e7\u00e3o, ainda pendente, na sequ\u00eancia de uma decis\u00e3o anterior da Comiss\u00e3o que declara um aux\u00edlio ilegal e incompat\u00edvel com o mercado interno, conforme previsto na al\u00ednea a) do n.\u00ba 4 do artigo 1.\u00ba do Regulamento (UE) n.\u00ba 651\/2014, de 16 de junho;<\/li><\/ul><\/div>\n\t\t\t\t<\/div>\n\t\t\t\t\t\t\t<div class=\"elementor-accordion-item\">\n\t\t\t\t\t<div id=\"elementor-tab-title-5426\" class=\"elementor-tab-title\" data-tab=\"6\" role=\"button\" aria-controls=\"elementor-tab-content-5426\" aria-expanded=\"false\">\n\t\t\t\t\t\t\t\t\t\t\t\t\t<span class=\"elementor-accordion-icon elementor-accordion-icon-left\" aria-hidden=\"true\">\n\t\t\t\t\t\t\t\t\t\t\t\t\t\t\t<span class=\"elementor-accordion-icon-closed\"><i class=\"fas fa-plus\"><\/i><\/span>\n\t\t\t\t\t\t\t\t<span class=\"elementor-accordion-icon-opened\"><i class=\"fas fa-minus\"><\/i><\/span>\n\t\t\t\t\t\t\t\t\t\t\t\t\t\t<\/span>\n\t\t\t\t\t\t\t\t\t\t\t\t<a class=\"elementor-accordion-title\" tabindex=\"0\">Crit\u00e9rios de elegibilidade do projeto<\/a>\n\t\t\t\t\t<\/div>\n\t\t\t\t\t<div id=\"elementor-tab-content-5426\" class=\"elementor-tab-content elementor-clearfix\" data-tab=\"6\" role=\"region\" aria-labelledby=\"elementor-tab-title-5426\"><p>As opera\u00e7\u00f5es t\u00eam ainda de satisfazer as seguintes condi\u00e7\u00f5es espec\u00edficas de acesso:<\/p><ul><li>a) Contribu\u00edrem para os objetivos e prioridades enunciadas no Ponto 1;<\/li><li>b) Apresentarem uma despesa eleg\u00edvel total, aferida com base nos dados apresentados na candidatura,\u00a0<strong>no m\u00e1ximo at\u00e9 235 mil euros.<\/strong>\u00a0Para efeitos de despesa eleg\u00edvel apenas ser\u00e3o considerados os investimentos que se enquadrem no anexo A deste aviso;<\/li><li>c) Apresentarem um\u00a0<strong>m\u00ednimo de despesa eleg\u00edvel total por projeto de 20 mil euros<\/strong>\u00a0aferida com base nos dados apresentados na candidatura;<\/li><li>d) N\u00e3o estarem iniciadas \u00e0 data de apresenta\u00e7\u00e3o da candidatura;<\/li><li>e) Manterem afetos \u00e0 atividade da empresa os ativos respeitantes ao investimento apoiado, bem como a localiza\u00e7\u00e3o geogr\u00e1fica definida no projeto, durante o per\u00edodo de vig\u00eancia do contrato de concess\u00e3o de incentivos e, no m\u00ednimo, durante tr\u00eas anos ap\u00f3s a conclus\u00e3o do projeto, isto \u00e9, do pagamento final ao benefici\u00e1rio;<\/li><li>f)\u00a0<strong>Dura\u00e7\u00e3o m\u00e1xima do projeto \u00e9 de 12 meses<\/strong>, contados a partir da data de in\u00edcio da sua realiza\u00e7\u00e3o, podendo ser prorrogado pela AG por mais 6 meses, sendo que a data limite para elegibilidade das despesas 30 de junho de 2023. Entende-se por dura\u00e7\u00e3o da opera\u00e7\u00e3o o per\u00edodo entre o seu in\u00edcio e a sua conclus\u00e3o, correspondendo, respetivamente, \u00e0 data da primeira e \u00faltima despesa imput\u00e1veis ao projeto ou \u00e0 opera\u00e7\u00e3o no \u00e2mbito da valida\u00e7\u00e3o da despesa dos pedidos de pagamento (fatura ou documento equivalente, com exce\u00e7\u00e3o das faturas ou documento equivalente do Contabilista Certificado, anteriormente denominado T\u00e9cnico Oficial de Contas, ou Revisor Oficial de Contas);<\/li><li>g) Ter no\u00a0<strong>m\u00ednimo um funcion\u00e1rio afeto aos quadros da empresa no ano pr\u00e9-projecto (2020)<\/strong>, evidenciado com descontos para a seguran\u00e7a social (m\u00e9dia anual).<\/li><li>h) as opera\u00e7\u00f5es aprovadas no \u00e2mbito deste Aviso devem iniciar as opera\u00e7\u00f5es no prazo m\u00e1ximo de 90 dias \u00fateis a contar da data prevista para o in\u00edcio da sua realiza\u00e7\u00e3o ou da data de conhecimento da decis\u00e3o de aprova\u00e7\u00e3o, quando esta for posterior. O incumprimento deste prazo determina a caducidade da decis\u00e3o de aprova\u00e7\u00e3o da candidatura.<\/li><\/ul><\/div>\n\t\t\t\t<\/div>\n\t\t\t\t\t\t\t\t<\/div>\n\t\t\t\t<\/div>\n\t\t\t\t<\/div>\n\t\t\t\t<div class=\"elementor-element elementor-element-284fad2 elementor-widget elementor-widget-text-editor\" data-id=\"284fad2\" data-element_type=\"widget\" data-widget_type=\"text-editor.default\">\n\t\t\t\t<div class=\"elementor-widget-container\">\n\t\t\t\t\t\t\t<p>Para mais informa\u00e7\u00f5es poder\u00e1 consultar o Aviso\u00a0<a href=\"https:\/\/algarve2020.pt\/info\/aviso\/alg-d7-2021-03\" target=\"_blank\" rel=\"noopener\">ALG-D7-2021-03<\/a><\/p>\t\t\t\t\t\t<\/div>\n\t\t\t\t<\/div>\n\t\t\t\t<section class=\"elementor-section elementor-inner-section elementor-element elementor-element-3b70c49 elementor-section-boxed elementor-section-height-default elementor-section-height-default\" data-id=\"3b70c49\" data-element_type=\"section\" data-settings=\"{&quot;background_background&quot;:&quot;classic&quot;}\">\n\t\t\t\t\t\t<div class=\"elementor-container elementor-column-gap-default\">\n\t\t\t\t\t<div class=\"elementor-column elementor-col-50 elementor-inner-column elementor-element elementor-element-12e8361\" data-id=\"12e8361\" data-element_type=\"column\">\n\t\t\t<div class=\"elementor-widget-wrap elementor-element-populated\">\n\t\t\t\t\t\t<div class=\"elementor-element elementor-element-fbe09fc elementor-widget elementor-widget-heading\" data-id=\"fbe09fc\" data-element_type=\"widget\" data-widget_type=\"heading.default\">\n\t\t\t\t<div class=\"elementor-widget-container\">\n\t\t\t<h5 class=\"elementor-heading-title elementor-size-default\">Tem um projeto de investimento?<\/h5>\t\t<\/div>\n\t\t\t\t<\/div>\n\t\t\t\t<div class=\"elementor-element elementor-element-88e0a32 elementor-widget elementor-widget-text-editor\" data-id=\"88e0a32\" data-element_type=\"widget\" data-widget_type=\"text-editor.default\">\n\t\t\t\t<div class=\"elementor-widget-container\">\n\t\t\t\t\t\t\t<p>A nossa equipa tem uma vasta experi\u00eancia no desenvolvimento dos processos de candidaturas a fundos comunit\u00e1rios e na gest\u00e3o de financiamento.\u00a0Para saber se o seu projeto de investimento pode ser enquadrado nesta medida poder\u00e1 contactar-nos:<\/p><p><a title=\"PAPN\" href=\"mailto:info@neomarca.pt\" target=\"_blank\" rel=\"noopener\">info@neomarca.pt<\/a>\u00a0| 289 098 720 | 915 990 790<\/p>\t\t\t\t\t\t<\/div>\n\t\t\t\t<\/div>\n\t\t\t\t\t<\/div>\n\t\t<\/div>\n\t\t\t\t<div class=\"elementor-column elementor-col-50 elementor-inner-column elementor-element elementor-element-c4a4e16\" data-id=\"c4a4e16\" data-element_type=\"column\">\n\t\t\t<div class=\"elementor-widget-wrap elementor-element-populated\">\n\t\t\t\t\t\t<div class=\"elementor-element elementor-element-9bca4fa elementor-align-right elementor-mobile-align-left elementor-widget elementor-widget-button\" data-id=\"9bca4fa\" data-element_type=\"widget\" data-widget_type=\"button.default\">\n\t\t\t\t<div class=\"elementor-widget-container\">\n\t\t\t\t\t<div class=\"elementor-button-wrapper\">\n\t\t\t<a class=\"elementor-button elementor-button-link elementor-size-md\" href=\"mailto:info@neomarca.eu\">\n\t\t\t\t\t\t<span class=\"elementor-button-content-wrapper\">\n\t\t\t\t\t\t<span class=\"elementor-button-text\">Agendar Reuni\u00e3o<\/span>\n\t\t<\/span>\n\t\t\t\t\t<\/a>\n\t\t<\/div>\n\t\t\t\t<\/div>\n\t\t\t\t<\/div>\n\t\t\t\t\t<\/div>\n\t\t<\/div>\n\t\t\t\t\t<\/div>\n\t\t<\/section>\n\t\t\t\t\t<\/div>\n\t\t<\/div>\n\t\t\t\t\t<\/div>\n\t\t<\/section>\n\t\t\t\t<\/div>\n\t\t","protected":false},"excerpt":{"rendered":"<p>Est\u00e3o abertas as candidaturas ao Programa de Apoio \u00e0 Produ\u00e7\u00e3o Nacional &#8211; Digitaliza\u00e7\u00e3o e Economia Verde para a regi\u00e3o do Algarve. As candidaturas ao PAPN est\u00e3o abertas at\u00e9 ao dia 22 de mar\u00e7o. O objetivo deste Programa de Apoio \u00e0 Produ\u00e7\u00e3o Nacional consiste no apoio direto ao investimento empresarial produtivo, com especial enfoque no setor&hellip;<\/p>\n","protected":false},"author":3,"featured_media":5184,"comment_status":"closed","ping_status":"closed","sticky":false,"template":"","format":"standard","meta":{"_monsterinsights_skip_tracking":false,"_monsterinsights_sitenote_active":false,"_monsterinsights_sitenote_note":"","_monsterinsights_sitenote_category":0,"footnotes":""},"categories":[238],"tags":[112,122,326,328,272],"class_list":["post-5179","post","type-post","status-publish","format-standard","has-post-thumbnail","hentry","category-noticias","tag-apoio-investimento","tag-fundos-comunitarios","tag-micro-empresas","tag-pequenas-empresas","tag-portugal-2020"],"acf":[],"_links":{"self":[{"href":"https:\/\/neomarca.pt\/pt\/wp-json\/wp\/v2\/posts\/5179","targetHints":{"allow":["GET"]}}],"collection":[{"href":"https:\/\/neomarca.pt\/pt\/wp-json\/wp\/v2\/posts"}],"about":[{"href":"https:\/\/neomarca.pt\/pt\/wp-json\/wp\/v2\/types\/post"}],"author":[{"embeddable":true,"href":"https:\/\/neomarca.pt\/pt\/wp-json\/wp\/v2\/users\/3"}],"replies":[{"embeddable":true,"href":"https:\/\/neomarca.pt\/pt\/wp-json\/wp\/v2\/comments?post=5179"}],"version-history":[{"count":0,"href":"https:\/\/neomarca.pt\/pt\/wp-json\/wp\/v2\/posts\/5179\/revisions"}],"wp:featuredmedia":[{"embeddable":true,"href":"https:\/\/neomarca.pt\/pt\/wp-json\/wp\/v2\/media\/5184"}],"wp:attachment":[{"href":"https:\/\/neomarca.pt\/pt\/wp-json\/wp\/v2\/media?parent=5179"}],"wp:term":[{"taxonomy":"category","embeddable":true,"href":"https:\/\/neomarca.pt\/pt\/wp-json\/wp\/v2\/categories?post=5179"},{"taxonomy":"post_tag","embeddable":true,"href":"https:\/\/neomarca.pt\/pt\/wp-json\/wp\/v2\/tags?post=5179"}],"curies":[{"name":"wp","href":"https:\/\/api.w.org\/{rel}","templated":true}]}}