{"id":5402,"date":"2021-04-07T11:06:04","date_gmt":"2021-04-07T10:06:04","guid":{"rendered":"https:\/\/neomarca.pt\/staging2\/pt\/?p=5402"},"modified":"2023-10-27T11:35:33","modified_gmt":"2023-10-27T10:35:33","slug":"candidaturas-abertas-ao-programa-garantir-cultura","status":"publish","type":"post","link":"https:\/\/neomarca.pt\/pt\/noticias\/candidaturas-abertas-ao-programa-garantir-cultura\/","title":{"rendered":"Candidaturas abertas ao Programa Garantir Cultura"},"content":{"rendered":"\t\t<div data-elementor-type=\"wp-post\" data-elementor-id=\"5402\" class=\"elementor elementor-5402\" data-elementor-post-type=\"post\">\n\t\t\t\t\t\t<section class=\"elementor-section elementor-top-section elementor-element elementor-element-3b5c1fe7 elementor-section-boxed elementor-section-height-default elementor-section-height-default\" data-id=\"3b5c1fe7\" data-element_type=\"section\">\n\t\t\t\t\t\t<div class=\"elementor-container elementor-column-gap-default\">\n\t\t\t\t\t<div class=\"elementor-column elementor-col-100 elementor-top-column elementor-element elementor-element-536f9c03\" data-id=\"536f9c03\" data-element_type=\"column\">\n\t\t\t<div class=\"elementor-widget-wrap elementor-element-populated\">\n\t\t\t\t\t\t<div class=\"elementor-element elementor-element-7801eb75 elementor-widget elementor-widget-text-editor\" data-id=\"7801eb75\" data-element_type=\"widget\" data-widget_type=\"text-editor.default\">\n\t\t\t\t<div class=\"elementor-widget-container\">\n\t\t\t\t\t\t\t<h3>As candidaturas ao Programa Garantir Cultura est\u00e3o abertas. Os apoios do Programa Garantir Cultura para entidades empresariais, num montante de 30 milh\u00f5es de euros, t\u00eam por refer\u00eancia o valor das despesas eleg\u00edveis necess\u00e1rias para a realiza\u00e7\u00e3o de projeto de cria\u00e7\u00e3o ou programa\u00e7\u00e3o culturais, apresentado pelo benefici\u00e1rio, e s\u00e3o destinados a micro, pequenas e m\u00e9dias empresas e a empres\u00e1rios em nome individual com contabilidade organizada, no setor.<\/h3><p>As\u00a0candidaturas t\u00eam de ter enquadramento em artes performativas, visuais, cruzamento disciplinar, cinema, museologia e livro, ter\u00a0um prazo m\u00e1ximo de execu\u00e7\u00e3o de nove meses, a contar da data de notifica\u00e7\u00e3o da decis\u00e3o favor\u00e1vel, e uma despesa m\u00ednima de 5.000 euros.<\/p><p>Os apoios, sob a forma de incentivo n\u00e3o reembols\u00e1vel, s\u00e3o aplic\u00e1veis com uma <strong>taxa de incentivo de 75%<\/strong> sobre as despesas eleg\u00edveis, no caso das pequenas e m\u00e9dias empresas, e <strong>de 90% no caso das microempresas<\/strong> com os seguintes limites m\u00e1ximos:<\/p><ul><li>\u00a050.000 euros, para microempresas;<\/li><li>\u00a075.000 euros, para pequenas empresas;<\/li><li>\u00a0100.000 euros, para m\u00e9dias empresas.<\/li><\/ul><p>O Programa tem aplica\u00e7\u00e3o em todo o territ\u00f3rio do continente, no entanto, a localiza\u00e7\u00e3o associada \u00e0 candidatura corresponde \u00e0 regi\u00e3o onde se localiza a sede do benefici\u00e1rio.<\/p>\t\t\t\t\t\t<\/div>\n\t\t\t\t<\/div>\n\t\t\t\t<div class=\"elementor-element elementor-element-47a3592 elementor-widget elementor-widget-accordion\" data-id=\"47a3592\" data-element_type=\"widget\" data-widget_type=\"accordion.default\">\n\t\t\t\t<div class=\"elementor-widget-container\">\n\t\t\t\t\t<div class=\"elementor-accordion\">\n\t\t\t\t\t\t\t<div class=\"elementor-accordion-item\">\n\t\t\t\t\t<div id=\"elementor-tab-title-7511\" class=\"elementor-tab-title\" data-tab=\"1\" role=\"button\" aria-controls=\"elementor-tab-content-7511\" aria-expanded=\"false\">\n\t\t\t\t\t\t\t\t\t\t\t\t\t<span class=\"elementor-accordion-icon elementor-accordion-icon-left\" aria-hidden=\"true\">\n\t\t\t\t\t\t\t\t\t\t\t\t\t\t\t<span class=\"elementor-accordion-icon-closed\"><i class=\"fas fa-plus\"><\/i><\/span>\n\t\t\t\t\t\t\t\t<span class=\"elementor-accordion-icon-opened\"><i class=\"fas fa-minus\"><\/i><\/span>\n\t\t\t\t\t\t\t\t\t\t\t\t\t\t<\/span>\n\t\t\t\t\t\t\t\t\t\t\t\t<a class=\"elementor-accordion-title\" tabindex=\"0\">Quais s\u00e3o as despesas eleg\u00edveis?<\/a>\n\t\t\t\t\t<\/div>\n\t\t\t\t\t<div id=\"elementor-tab-content-7511\" class=\"elementor-tab-content elementor-clearfix\" data-tab=\"1\" role=\"region\" aria-labelledby=\"elementor-tab-title-7511\"><p>a) Despesas com produ\u00e7\u00e3o:<br \/>(i) Custos com pessoal da equipa (artistas, t\u00e9cnicos, promotores e mediadores culturais, curadores\/comiss\u00e1rios, consultores, equipas externas) relativos a processo criativo, apresenta\u00e7\u00f5es p\u00fablicas e atividades paralelas do plano program\u00e1tico;<br \/>(ii) Custos de edi\u00e7\u00e3o, tradu\u00e7\u00e3o e impress\u00e3o;<br \/>(iii) Despesas com log\u00edstica, tais como contrata\u00e7\u00e3o de servi\u00e7os externos, aquisi\u00e7\u00e3o<\/p><p>b) Despesas com registo, comunica\u00e7\u00e3o e marketing:<br \/>(i) Plano de comunica\u00e7\u00e3o e divulga\u00e7\u00e3o;<br \/>(ii) Cria\u00e7\u00e3o de conte\u00fados;<br \/>(iii) Produ\u00e7\u00e3o, impress\u00e3o e dissemina\u00e7\u00e3o de suportes de difus\u00e3o;<br \/>(iv) Campanhas promocionais nos media;<br \/>(v) Cria\u00e7\u00e3o e manuten\u00e7\u00e3o de plataformas digitais;<br \/>(vi) Aquisi\u00e7\u00e3o e\/ou aluguer de material t\u00e9cnico;<br \/>(vii) Capta\u00e7\u00e3o, registo, tratamento e difus\u00e3o audiovisuais;<br \/>(viii) Contrata\u00e7\u00e3o de servi\u00e7os externos e outros encargos relativos a atividades e formatos de divulga\u00e7\u00e3o;<br \/>c) Despesas com circula\u00e7\u00e3o diretamente envolvidas na circula\u00e7\u00e3o de projetos art\u00edsticos, tais como combust\u00edveis, portagens, bilhetes de autocarro, comboio ou avi\u00e3o, aluguer de transportes para transporte de equipa e\/ou de material, seguros de viagem, estadias e alimenta\u00e7\u00e3o;<br \/>d) Despesas com custos administrativos diretamente relacionados com o projeto, designadamente licen\u00e7as, seguros, registos criminais, emiss\u00e3o de certid\u00f5es, custos banc\u00e1rios, reconhecimento de assinaturas, comunica\u00e7\u00f5es e consum\u00edveis;<br \/>e) Despesas com encargos relacionados com a adapta\u00e7\u00e3o das atividades, equipamentos e outros contextos \u00e0s regras e recomenda\u00e7\u00f5es de higiene e seguran\u00e7a, a n\u00edvel de sa\u00fade p\u00fablica, decorrentes da doen\u00e7a COVID-19, designadamente testes, m\u00e1scaras, \u00e1lcool gel e outros materiais\/consum\u00edveis;<br \/>f) Despesas com a interven\u00e7\u00e3o de contabilistas certificados ou revisores oficiais de contas, na valida\u00e7\u00e3o da despesa dos pedidos de pagamento, at\u00e9 ao limite de 500 euros.<br \/>de materiais e consum\u00edveis diretamente ligados \u00e0 cria\u00e7\u00e3o e\/ou \u00e0 implementa\u00e7\u00e3o da<br \/>atividade, aluguer e utiliza\u00e7\u00e3o de equipamentos f\u00edsicos e t\u00e9cnicos, grava\u00e7\u00f5es, ensaios,<br \/>montagens, seguros, transportes, desloca\u00e7\u00f5es, estadia e alimenta\u00e7\u00e3o;<br \/>(iv) Despesas relativas a acessibilidade, inclus\u00e3o e forma\u00e7\u00e3o de p\u00fablicos;<\/p><\/div>\n\t\t\t\t<\/div>\n\t\t\t\t\t\t\t<div class=\"elementor-accordion-item\">\n\t\t\t\t\t<div id=\"elementor-tab-title-7512\" class=\"elementor-tab-title\" data-tab=\"2\" role=\"button\" aria-controls=\"elementor-tab-content-7512\" aria-expanded=\"false\">\n\t\t\t\t\t\t\t\t\t\t\t\t\t<span class=\"elementor-accordion-icon elementor-accordion-icon-left\" aria-hidden=\"true\">\n\t\t\t\t\t\t\t\t\t\t\t\t\t\t\t<span class=\"elementor-accordion-icon-closed\"><i class=\"fas fa-plus\"><\/i><\/span>\n\t\t\t\t\t\t\t\t<span class=\"elementor-accordion-icon-opened\"><i class=\"fas fa-minus\"><\/i><\/span>\n\t\t\t\t\t\t\t\t\t\t\t\t\t\t<\/span>\n\t\t\t\t\t\t\t\t\t\t\t\t<a class=\"elementor-accordion-title\" tabindex=\"0\">Quais s\u00e3o os crit\u00e9rios de elegibilidade do projeto e condi\u00e7\u00f5es de acesso?<\/a>\n\t\t\t\t\t<\/div>\n\t\t\t\t\t<div id=\"elementor-tab-content-7512\" class=\"elementor-tab-content elementor-clearfix\" data-tab=\"2\" role=\"region\" aria-labelledby=\"elementor-tab-title-7512\"><p>a) Ter por objetivo a realiza\u00e7\u00e3o de atividades de cria\u00e7\u00e3o ou programa\u00e7\u00e3o culturais dirigidas ao p\u00fablico, o que pode abranger apresenta\u00e7\u00f5es e formatos f\u00edsicos ou digitais, incluindo atividades relativas a projetos que, em virtude do decretamento<br \/>de medidas restritivas no contexto do surto epidemiol\u00f3gico da doen\u00e7a COVID-19, tenham ficado suspensos e cuja execu\u00e7\u00e3o possa ser retomada;<br \/>b) Ter enquadramento, em, pelo menos, uma das seguintes \u00e1reas tem\u00e1ticas:<br \/>(i) Artes performativas;<br \/>(ii) Artes visuais;<br \/>(iii) Cruzamento disciplinar;<br \/>(iv) Cinema;<br \/>(v) Museologia;<br \/>(vi) Livro.<br \/>c) Ter uma despesa eleg\u00edvel total por projeto igual ou superior a 5 mil euros;<br \/>d) Ter um prazo m\u00e1ximo de execu\u00e7\u00e3o de 9 meses a contar da data de notifica\u00e7\u00e3o da<br \/>decis\u00e3o favor\u00e1vel;<br \/>e) Estar em conformidade com as disposi\u00e7\u00f5es legais e regulamentares que lhes forem<br \/>aplic\u00e1veis para o desempenho da sua atividade.<\/p><\/div>\n\t\t\t\t<\/div>\n\t\t\t\t\t\t\t<div class=\"elementor-accordion-item\">\n\t\t\t\t\t<div id=\"elementor-tab-title-7513\" class=\"elementor-tab-title\" data-tab=\"3\" role=\"button\" aria-controls=\"elementor-tab-content-7513\" aria-expanded=\"false\">\n\t\t\t\t\t\t\t\t\t\t\t\t\t<span class=\"elementor-accordion-icon elementor-accordion-icon-left\" aria-hidden=\"true\">\n\t\t\t\t\t\t\t\t\t\t\t\t\t\t\t<span class=\"elementor-accordion-icon-closed\"><i class=\"fas fa-plus\"><\/i><\/span>\n\t\t\t\t\t\t\t\t<span class=\"elementor-accordion-icon-opened\"><i class=\"fas fa-minus\"><\/i><\/span>\n\t\t\t\t\t\t\t\t\t\t\t\t\t\t<\/span>\n\t\t\t\t\t\t\t\t\t\t\t\t<a class=\"elementor-accordion-title\" tabindex=\"0\">Quais s\u00e3o os crit\u00e9rios de elegibilidade do benefici\u00e1rio?<\/a>\n\t\t\t\t\t<\/div>\n\t\t\t\t\t<div id=\"elementor-tab-content-7513\" class=\"elementor-tab-content elementor-clearfix\" data-tab=\"3\" role=\"region\" aria-labelledby=\"elementor-tab-title-7513\"><p>a) Estar legalmente constitu\u00eddo em 1 de janeiro de 2020;<br \/>b) Dispor de contabilidade organizada, nos termos da legisla\u00e7\u00e3o aplic\u00e1vel;<br \/>c) N\u00e3o ter sido objeto de um processo de insolv\u00eancia, nos termos do C\u00f3digo da Insolv\u00eancia e Recupera\u00e7\u00e3o de Empresas, e n\u00e3o ter, neste \u00e2mbito, beneficiado dos aux\u00edlios de emerg\u00eancia ou aux\u00edlios \u00e0 reestrutura\u00e7\u00e3o;<br \/>d) Dispor da certifica\u00e7\u00e3o eletr\u00f3nica atualizada que comprova o estatuto de PME, nos termos previstos no Decreto-Lei n.\u00ba 372\/2007, de 6 de novembro, na sua reda\u00e7\u00e3o atual, emitida pelo IAPMEI, I. P.;<br \/>e) Possuir capitais pr\u00f3prios positivos \u00e0 data de 31 de dezembro de 2019, exceto no caso de empresas que tenham iniciado a atividade ap\u00f3s 1 de janeiro 2019, ou demonstrar evid\u00eancias de capitaliza\u00e7\u00e3o, atrav\u00e9s de novas entradas de capital (capital social, incorpora\u00e7\u00e3o de suprimentos e\/ou presta\u00e7\u00f5es suplementares de capital), validadas por contabilista certificado, que permita anular o valor negativo dos capitais pr\u00f3prios existentes a 31 de dezembro de 2019;<br \/>f) Ter a situa\u00e7\u00e3o regularizada em mat\u00e9ria de reposi\u00e7\u00f5es, no \u00e2mbito dos financiamentos dos FEEI;<br \/>g) Ter a situa\u00e7\u00e3o tribut\u00e1ria e contributiva regularizada perante, respetivamente, a administra\u00e7\u00e3o fiscal e a seguran\u00e7a social, a verificar at\u00e9 ao momento da confirma\u00e7\u00e3o do termo de aceita\u00e7\u00e3o.<\/p><\/div>\n\t\t\t\t<\/div>\n\t\t\t\t\t\t\t\t<\/div>\n\t\t\t\t<\/div>\n\t\t\t\t<\/div>\n\t\t\t\t<div class=\"elementor-element elementor-element-e1d3573 elementor-widget elementor-widget-text-editor\" data-id=\"e1d3573\" data-element_type=\"widget\" data-widget_type=\"text-editor.default\">\n\t\t\t\t<div class=\"elementor-widget-container\">\n\t\t\t\t\t\t\t<p>As candidaturas est\u00e3o abertas at\u00e9 ao esgotamento da verba dispon\u00edvel de 30 milh\u00f5es de euros.<\/p><p>Informa\u00e7\u00f5es completas\u00a0<a href=\"https:\/\/www.compete2020.gov.pt\/Avisos\/detalhe\/AAC_09SI2021\" target=\"_blank\" rel=\"noopener\">aqui.<\/a><\/p>\t\t\t\t\t\t<\/div>\n\t\t\t\t<\/div>\n\t\t\t\t<section class=\"elementor-section elementor-inner-section elementor-element elementor-element-89f6dbf elementor-section-boxed elementor-section-height-default elementor-section-height-default\" data-id=\"89f6dbf\" data-element_type=\"section\" data-settings=\"{&quot;background_background&quot;:&quot;classic&quot;}\">\n\t\t\t\t\t\t<div class=\"elementor-container elementor-column-gap-default\">\n\t\t\t\t\t<div class=\"elementor-column elementor-col-50 elementor-inner-column elementor-element elementor-element-5288b5e\" data-id=\"5288b5e\" data-element_type=\"column\">\n\t\t\t<div class=\"elementor-widget-wrap elementor-element-populated\">\n\t\t\t\t\t\t<div class=\"elementor-element elementor-element-c90ab82 elementor-widget elementor-widget-heading\" data-id=\"c90ab82\" data-element_type=\"widget\" data-widget_type=\"heading.default\">\n\t\t\t\t<div class=\"elementor-widget-container\">\n\t\t\t<h5 class=\"elementor-heading-title elementor-size-default\">Podemos ajudar a desenvolver a sua candidatura!<\/h5>\t\t<\/div>\n\t\t\t\t<\/div>\n\t\t\t\t<div class=\"elementor-element elementor-element-144a5f1 elementor-widget elementor-widget-text-editor\" data-id=\"144a5f1\" data-element_type=\"widget\" data-widget_type=\"text-editor.default\">\n\t\t\t\t<div class=\"elementor-widget-container\">\n\t\t\t\t\t\t\t<p><a title=\"PAPN\" href=\"mailto:info@neomarca.pt\" target=\"_blank\" rel=\"noopener\">info@neomarca.pt<\/a>\u00a0| 289 098 720 | 915 990 790<\/p>\t\t\t\t\t\t<\/div>\n\t\t\t\t<\/div>\n\t\t\t\t\t<\/div>\n\t\t<\/div>\n\t\t\t\t<div class=\"elementor-column elementor-col-50 elementor-inner-column elementor-element elementor-element-7fd0c14\" data-id=\"7fd0c14\" data-element_type=\"column\">\n\t\t\t<div class=\"elementor-widget-wrap elementor-element-populated\">\n\t\t\t\t\t\t<div class=\"elementor-element elementor-element-41b2865 elementor-align-right elementor-mobile-align-left elementor-widget elementor-widget-button\" data-id=\"41b2865\" data-element_type=\"widget\" data-widget_type=\"button.default\">\n\t\t\t\t<div class=\"elementor-widget-container\">\n\t\t\t\t\t<div class=\"elementor-button-wrapper\">\n\t\t\t<a class=\"elementor-button elementor-button-link elementor-size-md\" href=\"mailto:info@neomarca.eu\">\n\t\t\t\t\t\t<span class=\"elementor-button-content-wrapper\">\n\t\t\t\t\t\t<span class=\"elementor-button-text\">Agendar Reuni\u00e3o<\/span>\n\t\t<\/span>\n\t\t\t\t\t<\/a>\n\t\t<\/div>\n\t\t\t\t<\/div>\n\t\t\t\t<\/div>\n\t\t\t\t\t<\/div>\n\t\t<\/div>\n\t\t\t\t\t<\/div>\n\t\t<\/section>\n\t\t\t\t\t<\/div>\n\t\t<\/div>\n\t\t\t\t\t<\/div>\n\t\t<\/section>\n\t\t\t\t<\/div>\n\t\t","protected":false},"excerpt":{"rendered":"<p>As candidaturas ao Programa Garantir Cultura est\u00e3o abertas. Os apoios do Programa Garantir Cultura para entidades empresariais, num montante de 30 milh\u00f5es de euros, t\u00eam por refer\u00eancia o valor das despesas eleg\u00edveis necess\u00e1rias para a realiza\u00e7\u00e3o de projeto de cria\u00e7\u00e3o ou programa\u00e7\u00e3o culturais, apresentado pelo benefici\u00e1rio, e s\u00e3o destinados a micro, pequenas e m\u00e9dias empresas&hellip;<\/p>\n","protected":false},"author":3,"featured_media":5417,"comment_status":"closed","ping_status":"closed","sticky":false,"template":"","format":"standard","meta":{"_monsterinsights_skip_tracking":false,"_monsterinsights_sitenote_active":false,"_monsterinsights_sitenote_note":"","_monsterinsights_sitenote_category":0,"footnotes":""},"categories":[238],"tags":[254,268],"class_list":["post-5402","post","type-post","status-publish","format-standard","has-post-thumbnail","hentry","category-noticias","tag-apoio-ao-financiamento","tag-tic"],"acf":[],"_links":{"self":[{"href":"https:\/\/neomarca.pt\/pt\/wp-json\/wp\/v2\/posts\/5402","targetHints":{"allow":["GET"]}}],"collection":[{"href":"https:\/\/neomarca.pt\/pt\/wp-json\/wp\/v2\/posts"}],"about":[{"href":"https:\/\/neomarca.pt\/pt\/wp-json\/wp\/v2\/types\/post"}],"author":[{"embeddable":true,"href":"https:\/\/neomarca.pt\/pt\/wp-json\/wp\/v2\/users\/3"}],"replies":[{"embeddable":true,"href":"https:\/\/neomarca.pt\/pt\/wp-json\/wp\/v2\/comments?post=5402"}],"version-history":[{"count":0,"href":"https:\/\/neomarca.pt\/pt\/wp-json\/wp\/v2\/posts\/5402\/revisions"}],"wp:featuredmedia":[{"embeddable":true,"href":"https:\/\/neomarca.pt\/pt\/wp-json\/wp\/v2\/media\/5417"}],"wp:attachment":[{"href":"https:\/\/neomarca.pt\/pt\/wp-json\/wp\/v2\/media?parent=5402"}],"wp:term":[{"taxonomy":"category","embeddable":true,"href":"https:\/\/neomarca.pt\/pt\/wp-json\/wp\/v2\/categories?post=5402"},{"taxonomy":"post_tag","embeddable":true,"href":"https:\/\/neomarca.pt\/pt\/wp-json\/wp\/v2\/tags?post=5402"}],"curies":[{"name":"wp","href":"https:\/\/api.w.org\/{rel}","templated":true}]}}