{"id":6191,"date":"2021-11-09T16:26:09","date_gmt":"2021-11-09T15:26:09","guid":{"rendered":"https:\/\/neomarca.pt\/staging2\/pt\/?p=6191"},"modified":"2021-11-09T16:26:09","modified_gmt":"2021-11-09T15:26:09","slug":"turismo-na-europa-niveis-pre-pandemia-2024","status":"publish","type":"post","link":"https:\/\/neomarca.pt\/pt\/noticias\/turismo-na-europa-niveis-pre-pandemia-2024\/","title":{"rendered":"Turismo na Europa: n\u00edveis pr\u00e9-pandemia s\u00f3 em 2024"},"content":{"rendered":"<h3>A ETC- European Travel Comission- assumiu, em comunicado publicado a 9 de novembro, que os n\u00edveis de turismo na Europa que se verificavam antes da pandemia, s\u00f3 em 2024 voltar\u00e3o a ser alcan\u00e7ados.<\/h3>\n<p>A ETC come\u00e7a por explicar que, apesar da expetativa de que apenas em 2024 se voltem a verificar os n\u00fameros pr\u00e9-pandemia, em termos de turismo na Europa, se tem vindo a assistir a uma <strong>forte recupera\u00e7\u00e3o do turismo<\/strong>, principalmente devido aos <strong>n\u00fameros atingidos durante o ver\u00e3o de 2021<\/strong>.<\/p>\n<p>Pode ainda ler-se no comunicado de imprensa da ETC que a <strong>procura por viagens na Europa tem aumentado<\/strong>, sobretudo devido \u00e0s altas taxas de vacina\u00e7\u00e3o e ao seu sucesso. No entanto, quando comparado com os n\u00fameros pr\u00e9-pandemia, ou seja, com os valores atingidos em 2019, o turismo na Europa ainda apresenta n\u00fameros muito aqu\u00e9m.<\/p>\n<p>Como referido, a previs\u00e3o \u00e9 que s\u00f3 se venham a atingir em 2024 os n\u00fameros conseguidos em 2019, apesar da recupera\u00e7\u00e3o que sem tem vindo a verificar.<\/p>\n<p>Lu\u00eds Ara\u00fajo, presidente do Turismo de Portugal e tamb\u00e9m da ETC, afirma, com base no <a href=\"https:\/\/etc-corporate.org\/reports\/european-tourism-2021-trends-prospects-q3-2021\/\" target=\"_blank\" rel=\"noopener\">\u00faltimo relat\u00f3rio de \u201cTend\u00eancias e Perspetivas do Turismo na Europa\u201d<\/a> que \u201co lan\u00e7amento da vacina COVID-19 foi vital para facilitar os requisitos de entrada e aumentar o apelo das viagens\u201d, mas que <strong>ser\u00e3o necess\u00e1rios mais esfor\u00e7os para al\u00e9m dos da vacina\u00e7\u00e3o<\/strong> para se recuperar por completo o turismo na Europa.<\/p>\n<p>Apesar de algumas perspetivas menos boas, vale recordar, ainda assim, que a <strong>Europa \u00e9 atualmente a regi\u00e3o do mundo com maior taxa de vacina\u00e7\u00e3o<\/strong> o que pode permitir, eventualmente, uma <strong>acelera\u00e7\u00e3o da recupera\u00e7\u00e3o do turismo<\/strong>, uma vez que, por esse motivo, a tend\u00eancia \u00e9 a de que a Europa seja um destino mais procurado para viajar.<\/p>\n<p>De ressalvar que os dados indicam que todos os destinos europeus apresentaram <strong>n\u00edveis mais altos de ocupa\u00e7\u00e3o hoteleira<\/strong> este ver\u00e3o em rela\u00e7\u00e3o ao de 2020, naquele que \u00e9 um indicador claramente positivo e que instala alguma esperan\u00e7a.<\/p>\n<p>As maiores quedas verificam-se na dr\u00e1stica descida da chegada de turistas internacionais \u00e0 Europa, onde se regista uma queda de 77%. A t\u00edtulo de exemplo, a percentagem de turistas vindos dos EUA e da China caiu em 90% em rela\u00e7\u00e3o aos n\u00edveis pr\u00e9-pandemia.<\/p>\n<p>O balan\u00e7o final \u00e9 que o ano de 2021 vai terminar com valores que registam uma queda de 60% em rela\u00e7\u00e3o a 2019 na chegada de turistas internacionais \u00e0 Europa. Os fatores que impendem uma mais r\u00e1pida recupera\u00e7\u00e3o do turismo, segundo o <a href=\"https:\/\/etc-corporate.org\/uploads\/2021\/11\/ETC_Press-Release_European-Tourism-Trends-Prospects-Q3-2021_FIN.pdf\" target=\"_blank\" rel=\"noopener\">comunicado da ETC<\/a>, prendem-se com algumas restri\u00e7\u00f5es relacionadas com o COVID-19 que ainda se verificam, novos surtos e variantes da doen\u00e7a e complica\u00e7\u00f5es a n\u00edvel de aceita\u00e7\u00e3o de vacinas em diferentes sistemas e pa\u00edses.<\/p>\n","protected":false},"excerpt":{"rendered":"<p>A ETC- European Travel Comission- assumiu, em comunicado publicado a 9 de novembro, que os n\u00edveis de turismo na Europa que se verificavam antes da pandemia, s\u00f3 em 2024 voltar\u00e3o a ser alcan\u00e7ados. A ETC come\u00e7a por explicar que, apesar da expetativa de que apenas em 2024 se voltem a verificar os n\u00fameros pr\u00e9-pandemia, em&hellip;<\/p>\n","protected":false},"author":5,"featured_media":6193,"comment_status":"closed","ping_status":"open","sticky":false,"template":"","format":"standard","meta":{"_monsterinsights_skip_tracking":false,"_monsterinsights_sitenote_active":false,"_monsterinsights_sitenote_note":"","_monsterinsights_sitenote_category":0,"footnotes":""},"categories":[238],"tags":[276],"class_list":["post-6191","post","type-post","status-publish","format-standard","has-post-thumbnail","hentry","category-noticias","tag-turismo"],"acf":[],"_links":{"self":[{"href":"https:\/\/neomarca.pt\/pt\/wp-json\/wp\/v2\/posts\/6191","targetHints":{"allow":["GET"]}}],"collection":[{"href":"https:\/\/neomarca.pt\/pt\/wp-json\/wp\/v2\/posts"}],"about":[{"href":"https:\/\/neomarca.pt\/pt\/wp-json\/wp\/v2\/types\/post"}],"author":[{"embeddable":true,"href":"https:\/\/neomarca.pt\/pt\/wp-json\/wp\/v2\/users\/5"}],"replies":[{"embeddable":true,"href":"https:\/\/neomarca.pt\/pt\/wp-json\/wp\/v2\/comments?post=6191"}],"version-history":[{"count":0,"href":"https:\/\/neomarca.pt\/pt\/wp-json\/wp\/v2\/posts\/6191\/revisions"}],"wp:featuredmedia":[{"embeddable":true,"href":"https:\/\/neomarca.pt\/pt\/wp-json\/wp\/v2\/media\/6193"}],"wp:attachment":[{"href":"https:\/\/neomarca.pt\/pt\/wp-json\/wp\/v2\/media?parent=6191"}],"wp:term":[{"taxonomy":"category","embeddable":true,"href":"https:\/\/neomarca.pt\/pt\/wp-json\/wp\/v2\/categories?post=6191"},{"taxonomy":"post_tag","embeddable":true,"href":"https:\/\/neomarca.pt\/pt\/wp-json\/wp\/v2\/tags?post=6191"}],"curies":[{"name":"wp","href":"https:\/\/api.w.org\/{rel}","templated":true}]}}