{"id":6432,"date":"2022-01-03T18:31:48","date_gmt":"2022-01-03T17:31:48","guid":{"rendered":"https:\/\/neomarca.pt\/staging2\/pt\/?p=6432"},"modified":"2023-10-27T06:28:03","modified_gmt":"2023-10-27T05:28:03","slug":"candidaturas-descarbonizacao-da-industria","status":"publish","type":"post","link":"https:\/\/neomarca.pt\/pt\/noticias\/candidaturas-descarbonizacao-da-industria\/","title":{"rendered":"Candidaturas abertas para a Descarboniza\u00e7\u00e3o da Ind\u00fastria"},"content":{"rendered":"\t\t<div data-elementor-type=\"wp-post\" data-elementor-id=\"6432\" class=\"elementor elementor-6432\" data-elementor-post-type=\"post\">\n\t\t\t\t\t\t<section class=\"elementor-section elementor-top-section elementor-element elementor-element-24bad458 elementor-section-boxed elementor-section-height-default elementor-section-height-default\" data-id=\"24bad458\" data-element_type=\"section\">\n\t\t\t\t\t\t<div class=\"elementor-container elementor-column-gap-default\">\n\t\t\t\t\t<div class=\"elementor-column elementor-col-100 elementor-top-column elementor-element elementor-element-27e7e7b3\" data-id=\"27e7e7b3\" data-element_type=\"column\">\n\t\t\t<div class=\"elementor-widget-wrap elementor-element-populated\">\n\t\t\t\t\t\t<div class=\"elementor-element elementor-element-37d9e339 elementor-widget elementor-widget-text-editor\" data-id=\"37d9e339\" data-element_type=\"widget\" data-widget_type=\"text-editor.default\">\n\t\t\t\t<div class=\"elementor-widget-container\">\n\t\t\t\t\t\t\t<h3>Candidaturas abertas ao Sistema de Incentivos C11-i01 \u2013 Descarboniza\u00e7\u00e3o da Ind\u00fastria, at\u00e9 18 de abril (NOVA DATA!). Trata-se de um apoio dirigido \u00e0s associa\u00e7\u00f5es para a elabora\u00e7\u00e3o de roteiros de descarboniza\u00e7\u00e3o da ind\u00fastria e capacita\u00e7\u00e3o das empresas.<\/h3><p>A\u00a0<strong>Componente 11 &#8211; <a href=\"https:\/\/neomarca.pt\/staging2\/pt\/noticias\/prr-apoios-descarbonizacao-digitalizacao-industria\/\" target=\"_blank\" rel=\"noopener\">Descarboniza\u00e7\u00e3o da Ind\u00fastria<\/a><\/strong>, integrada na Dimens\u00e3o Transi\u00e7\u00e3o Clim\u00e1tica (PRR), visa alavancar a descarboniza\u00e7\u00e3o do setor industrial e empresarial e promover uma mudan\u00e7a de paradigma na utiliza\u00e7\u00e3o dos recursos, concretizando medidas do Plano Nacional de Energia e Clima 2030 (PNEC 2030) e contribuindo para acelerar a transi\u00e7\u00e3o para uma economia neutra em carbono.<\/p><p>O Aviso \u201cApoio \u00e0 elabora\u00e7\u00e3o de roteiros de descarboniza\u00e7\u00e3o da ind\u00fastria e capacita\u00e7\u00e3o das empresas\u201d enquadra-se num conjunto de medidas que visam contribuir para o objetivo da neutralidade carb\u00f3nica, promovendo a transi\u00e7\u00e3o energ\u00e9tica por via do apoio \u00e0s energias renov\u00e1veis, com enfoque na produ\u00e7\u00e3o de hidrog\u00e9nio e outros gases de origem renov\u00e1vel.<\/p><p>Este apoio \u00e0 elabora\u00e7\u00e3o de roteiros de descarboniza\u00e7\u00e3o da ind\u00fastria e capacita\u00e7\u00e3o das empresas tem um limite m\u00e1ximo de 500 mil euros por projeto, sendo este de 250 mil euros quando estejam em causa atualiza\u00e7\u00f5es relevantes de roteiros j\u00e1 existentes.<\/p><p>Os benefici\u00e1rios dos apoios s\u00e3o \u201c<strong>associa\u00e7\u00f5es empresariais e centros tecnol\u00f3gicos dos diferentes setores industriais com compet\u00eancias t\u00e9cnicas orientadas para a valoriza\u00e7\u00e3o da atividade industrial<\/strong>\u201d, segundo consta no <a href=\"https:\/\/www.iapmei.pt\/getattachment\/PRODUTOS-E-SERVICOS\/Incentivos-Financiamento\/Sistemas-de-Incentivos\/Plano-de-Recuperacao-e-Resiliencia\/Descarbonizacao-da-Industria\/Aviso01-C11-i01-2021.pdf.aspx\" target=\"_blank\" rel=\"noopener\">Aviso<\/a> lan\u00e7ado pelo IAPMEI.<\/p><p>As candidaturas j\u00e1 est\u00e3o abertas e assim v\u00e3o permanecer <strong>at\u00e9 dia 18 de abril de 2022 (NOVA DATA!)<\/strong><\/p>\t\t\t\t\t\t<\/div>\n\t\t\t\t<\/div>\n\t\t\t\t<div class=\"elementor-element elementor-element-c986a04 elementor-widget elementor-widget-accordion\" data-id=\"c986a04\" data-element_type=\"widget\" data-widget_type=\"accordion.default\">\n\t\t\t\t<div class=\"elementor-widget-container\">\n\t\t\t\t\t<div class=\"elementor-accordion\">\n\t\t\t\t\t\t\t<div class=\"elementor-accordion-item\">\n\t\t\t\t\t<div id=\"elementor-tab-title-2111\" class=\"elementor-tab-title\" data-tab=\"1\" role=\"button\" aria-controls=\"elementor-tab-content-2111\" aria-expanded=\"false\">\n\t\t\t\t\t\t\t\t\t\t\t\t\t<span class=\"elementor-accordion-icon elementor-accordion-icon-left\" aria-hidden=\"true\">\n\t\t\t\t\t\t\t\t\t\t\t\t\t\t\t<span class=\"elementor-accordion-icon-closed\"><i class=\"fas fa-plus\"><\/i><\/span>\n\t\t\t\t\t\t\t\t<span class=\"elementor-accordion-icon-opened\"><i class=\"fas fa-minus\"><\/i><\/span>\n\t\t\t\t\t\t\t\t\t\t\t\t\t\t<\/span>\n\t\t\t\t\t\t\t\t\t\t\t\t<a class=\"elementor-accordion-title\" tabindex=\"0\">Objetivos dos projetos<\/a>\n\t\t\t\t\t<\/div>\n\t\t\t\t\t<div id=\"elementor-tab-content-2111\" class=\"elementor-tab-content elementor-clearfix\" data-tab=\"1\" role=\"region\" aria-labelledby=\"elementor-tab-title-2111\"><p><strong>Transi\u00e7\u00e3o ecol\u00f3gica:<\/strong><br \/>As medidas constantes nesta componente visam apoiar o investimento necess\u00e1rio \u00e0 transi\u00e7\u00e3o para uma economia neutra em carbono e circular, criando valor e prosseguindo os objetivos assumidos por Portugal.\u00a0Os projetos devem contribuir direta ou indiretamente para a transi\u00e7\u00e3o verde, para a valoriza\u00e7\u00e3o da biodiversidade e para a prote\u00e7\u00e3o do ambiente. Os projetos devem respeitar o princ\u00edpio do Do No Significant Harm (2021\/C58\/01) e contribuir para endere\u00e7ar os desafios do Pacto Ecol\u00f3gico Europeu, nomeadamente os objetivos nacionais em mat\u00e9ria de energia e clima, constantes do PNEC 2030 e do RNC 2050, e para o alcance da neutralidade carb\u00f3nica em 2050, assegurando uma transi\u00e7\u00e3o justa.<\/p><p><strong>Transforma\u00e7\u00e3o digital:<\/strong><br \/>As iniciativas inseridas nesta componente passam pela aposta em modelos ou solu\u00e7\u00f5es digitais, existentes ou emergentes, nomeadamente atrav\u00e9s de solu\u00e7\u00f5es inteligentes de apoio a medi\u00e7\u00e3o, monitoriza\u00e7\u00e3o, tratamento de dados para a gest\u00e3o e melhoria de processos, redu\u00e7\u00e3o de consumos e diminui\u00e7\u00e3o de emiss\u00f5es, aumentando a efici\u00eancia na utiliza\u00e7\u00e3o de recursos (mat\u00e9rias-primas, \u00e1gua, energia) promovendo a economia circular e consequente diminui\u00e7\u00e3o da pegada de carbono.<\/p><\/div>\n\t\t\t\t<\/div>\n\t\t\t\t\t\t\t<div class=\"elementor-accordion-item\">\n\t\t\t\t\t<div id=\"elementor-tab-title-2112\" class=\"elementor-tab-title\" data-tab=\"2\" role=\"button\" aria-controls=\"elementor-tab-content-2112\" aria-expanded=\"false\">\n\t\t\t\t\t\t\t\t\t\t\t\t\t<span class=\"elementor-accordion-icon elementor-accordion-icon-left\" aria-hidden=\"true\">\n\t\t\t\t\t\t\t\t\t\t\t\t\t\t\t<span class=\"elementor-accordion-icon-closed\"><i class=\"fas fa-plus\"><\/i><\/span>\n\t\t\t\t\t\t\t\t<span class=\"elementor-accordion-icon-opened\"><i class=\"fas fa-minus\"><\/i><\/span>\n\t\t\t\t\t\t\t\t\t\t\t\t\t\t<\/span>\n\t\t\t\t\t\t\t\t\t\t\t\t<a class=\"elementor-accordion-title\" tabindex=\"0\">Tipologia de investimentos<\/a>\n\t\t\t\t\t<\/div>\n\t\t\t\t\t<div id=\"elementor-tab-content-2112\" class=\"elementor-tab-content elementor-clearfix\" data-tab=\"2\" role=\"region\" aria-labelledby=\"elementor-tab-title-2112\"><p>S\u00e3o suscet\u00edveis de apoio, os projetos na \u00e1rea da capacita\u00e7\u00e3o das empresas e elabora\u00e7\u00e3o de instrumentos de informa\u00e7\u00e3o, que deem resposta nomeadamente, \u00e0 elabora\u00e7\u00e3o ou atualiza\u00e7\u00e3o relevante de Roteiros setoriais para a neutralidade carb\u00f3nica que permitam identificar as solu\u00e7\u00f5es tecnol\u00f3gicas e de altera\u00e7\u00e3o de processos mais inovadoras, eficazes, espec\u00edficas para a ind\u00fastria nacional e eficientes em termos de custos e incorporando maior inova\u00e7\u00e3o, promovendo a sua discuss\u00e3o e dissemina\u00e7\u00e3o, bem como a capacita\u00e7\u00e3o dos recursos humanos e a dinamiza\u00e7\u00e3o de redes de empresas visando a sua implementa\u00e7\u00e3o.<\/p><p>Ser\u00e3o privilegiados os projetos que incidam em setores com maior potencial de tradu\u00e7\u00e3o de efeitos ao n\u00edvel da descarboniza\u00e7\u00e3o.<\/p><p>Neste \u00e2mbito poder\u00e3o ser abrangidas de forma integrada com a elabora\u00e7\u00e3o ou atualiza\u00e7\u00e3o relevante de roteiros setoriais para a neutralidade carb\u00f3nica, as seguintes atua\u00e7\u00f5es complementares:<\/p><ul><li>a) Ciclo de workshops para a descarboniza\u00e7\u00e3o da ind\u00fastria<\/li><li>b) A\u00e7\u00f5es de forma\u00e7\u00e3o dirigidas a empresas<\/li><li>c) Plataformas de partilha de informa\u00e7\u00e3o e boas pr\u00e1ticas<\/li><li>d) Apoio a participa\u00e7\u00e3o em redes de empresas para a descarboniza\u00e7\u00e3o<\/li><\/ul><p>Os roteiros setoriais para a neutralidade carb\u00f3nica a desenvolver ou a atualizar de forma relevante, dever\u00e3o no m\u00ednimo conter os seguintes elementos:<\/p><ul><li>Propostas de trajet\u00f3rias custo-eficazes de redu\u00e7\u00f5es de emiss\u00f5es de GEE do setor, compat\u00edveis com os objetivos nacionais de redu\u00e7\u00e3o de emiss\u00f5es de GEE definidos para 2030, 2040 e 2050;<\/li><li>Evolu\u00e7\u00e3o prevista para o setor no horizonte 2025, 2030, 2035, 2040, 2045 e 2050 em termos de consumos energ\u00e9ticos e de mat\u00e9rias-primas, produ\u00e7\u00e3o de produtos e emiss\u00f5es de GEE (de acordo com as metodologias definidas no NIR);<\/li><li>Identifica\u00e7\u00e3o das principais tecnologias de descarboniza\u00e7\u00e3o, dispon\u00edveis para o setor em causa;<\/li><li>Identifica\u00e7\u00e3o dos principais vetores de descarboniza\u00e7\u00e3o relevantes para o setor, tendo em conta o contexto nacional;<\/li><li>An\u00e1lise de custos e benef\u00edcios;<\/li><li>Identifica\u00e7\u00e3o de medidas de economia circular e medidas que contribuam adicionalmente para a melhoria da qualidade do ar e para a utiliza\u00e7\u00e3o sustent\u00e1vel e prote\u00e7\u00e3o dos recursos h\u00eddricos;<\/li><li>Descri\u00e7\u00e3o das a\u00e7\u00f5es de discuss\u00e3o, divulga\u00e7\u00e3o e capacita\u00e7\u00e3o efetuadas<\/li><\/ul><p>No caso da atualiza\u00e7\u00e3o relevante de roteiros existentes a proposta dever\u00e1 ainda incluir:<\/p><ul><li>Uma an\u00e1lise incremental da proposta de atualiza\u00e7\u00e3o face aos roteiros j\u00e1 existentes, demonstrando inequivocamente a exist\u00eancia de valor acrescentado adicional na atualiza\u00e7\u00e3o, quer pela inclus\u00e3o de novas tecnologias, novos vetores de descarboniza\u00e7\u00e3o ou novas pr\u00e1ticas com impacto na descarboniza\u00e7\u00e3o.<\/li><\/ul><\/div>\n\t\t\t\t<\/div>\n\t\t\t\t\t\t\t<div class=\"elementor-accordion-item\">\n\t\t\t\t\t<div id=\"elementor-tab-title-2113\" class=\"elementor-tab-title\" data-tab=\"3\" role=\"button\" aria-controls=\"elementor-tab-content-2113\" aria-expanded=\"false\">\n\t\t\t\t\t\t\t\t\t\t\t\t\t<span class=\"elementor-accordion-icon elementor-accordion-icon-left\" aria-hidden=\"true\">\n\t\t\t\t\t\t\t\t\t\t\t\t\t\t\t<span class=\"elementor-accordion-icon-closed\"><i class=\"fas fa-plus\"><\/i><\/span>\n\t\t\t\t\t\t\t\t<span class=\"elementor-accordion-icon-opened\"><i class=\"fas fa-minus\"><\/i><\/span>\n\t\t\t\t\t\t\t\t\t\t\t\t\t\t<\/span>\n\t\t\t\t\t\t\t\t\t\t\t\t<a class=\"elementor-accordion-title\" tabindex=\"0\">Benefici\u00e1rios Finais<\/a>\n\t\t\t\t\t<\/div>\n\t\t\t\t\t<div id=\"elementor-tab-content-2113\" class=\"elementor-tab-content elementor-clearfix\" data-tab=\"3\" role=\"region\" aria-labelledby=\"elementor-tab-title-2113\"><p>Os benefici\u00e1rios dos apoios previstos no presente Aviso s\u00e3o associa\u00e7\u00f5es empresariais e centros tecnol\u00f3gicos dos diferentes setores industriais com compet\u00eancias t\u00e9cnicas orientadas para a valoriza\u00e7\u00e3o da atividade industrial.<\/p><p>Podem candidatar-se a este Aviso cons\u00f3rcios, devendo cada uma das entidades que comp\u00f5em o consorcio cumprir com as condi\u00e7\u00f5es mencionadas no n\u00famero anterior.<\/p><p>Caso a candidatura provenha de um cons\u00f3rcio, compete \u00e0 entidade l\u00edder estabelecer os acordos ou contratos necess\u00e1rios \u00e0 implementa\u00e7\u00e3o da opera\u00e7\u00e3o.<\/p><p>O l\u00edder do cons\u00f3rcio \u00e9 o respons\u00e1vel do projeto para todos os efeitos de ordem t\u00e9cnica, legal e administrativa e todas as comunica\u00e7\u00f5es com o IAPMEI s\u00e3o asseguradas por este.<\/p><\/div>\n\t\t\t\t<\/div>\n\t\t\t\t\t\t\t<div class=\"elementor-accordion-item\">\n\t\t\t\t\t<div id=\"elementor-tab-title-2114\" class=\"elementor-tab-title\" data-tab=\"4\" role=\"button\" aria-controls=\"elementor-tab-content-2114\" aria-expanded=\"false\">\n\t\t\t\t\t\t\t\t\t\t\t\t\t<span class=\"elementor-accordion-icon elementor-accordion-icon-left\" aria-hidden=\"true\">\n\t\t\t\t\t\t\t\t\t\t\t\t\t\t\t<span class=\"elementor-accordion-icon-closed\"><i class=\"fas fa-plus\"><\/i><\/span>\n\t\t\t\t\t\t\t\t<span class=\"elementor-accordion-icon-opened\"><i class=\"fas fa-minus\"><\/i><\/span>\n\t\t\t\t\t\t\t\t\t\t\t\t\t\t<\/span>\n\t\t\t\t\t\t\t\t\t\t\t\t<a class=\"elementor-accordion-title\" tabindex=\"0\">Condi\u00e7\u00f5es de acesso<\/a>\n\t\t\t\t\t<\/div>\n\t\t\t\t\t<div id=\"elementor-tab-content-2114\" class=\"elementor-tab-content elementor-clearfix\" data-tab=\"4\" role=\"region\" aria-labelledby=\"elementor-tab-title-2114\"><p>Quanto \u00e0s condi\u00e7\u00f5es de acesso e elegibilidade, o candidato dever\u00e1:<\/p><ul><li>a) Estar legalmente constitu\u00eddo; P\u00e1gina 6 de 19<\/li><li>b) Ter a situa\u00e7\u00e3o tribut\u00e1ria e contributiva regularizada perante, respetivamente, a administra\u00e7\u00e3o fiscal e a seguran\u00e7a social;<\/li><li>c) Poder legalmente desenvolver as atividades no territ\u00f3rio abrangido pela tipologia das opera\u00e7\u00f5es e investimentos a que se candidata, incluindo o cumprimento da legisla\u00e7\u00e3o ambiental aplic\u00e1vel a n\u00edvel da UE e nacional.<\/li><li>d) Possuir, ou poder assegurar at\u00e9 \u00e0 aprova\u00e7\u00e3o da candidatura, os meios t\u00e9cnicos, f\u00edsicos e financeiros e os recursos humanos necess\u00e1rios ao desenvolvimento da opera\u00e7\u00e3o;<\/li><li>e) Demonstrar ter capacidade de financiamento da opera\u00e7\u00e3o;<\/li><li>f) Ter a situa\u00e7\u00e3o regularizada em mat\u00e9ria de reposi\u00e7\u00f5es, no \u00e2mbito de financiamentos dos FEEI;<\/li><li>g) Dispor de contabilidade organizada nos termos da legisla\u00e7\u00e3o aplic\u00e1vel;<\/li><li>h) Possuir situa\u00e7\u00e3o l\u00edquida positiva;<\/li><li>i) N\u00e3o deter nem ter detido capital numa percentagem superior a 50 %, em empresa que n\u00e3o tenha cumprido notifica\u00e7\u00e3o para devolu\u00e7\u00e3o de apoios no \u00e2mbito de uma opera\u00e7\u00e3o apoiada por fundos europeus;<\/li><li>j) N\u00e3o ter apresentado os mesmos investimentos em candidatura, no \u00e2mbito da qual ainda esteja a decorrer o processo de decis\u00e3o ou em que a decis\u00e3o sobre o pedido de financiamento tenha sido favor\u00e1vel, exceto nas situa\u00e7\u00f5es em que tenha sido apresentada desist\u00eancia;<\/li><li>k) Apresentar indicadores de realiza\u00e7\u00e3o e de resultados para o projeto nos termos do ANEXO II, que demonstrem o potencial de aplica\u00e7\u00e3o dos roteiros nos setores alvo.<\/li><\/ul><\/div>\n\t\t\t\t<\/div>\n\t\t\t\t\t\t\t<div class=\"elementor-accordion-item\">\n\t\t\t\t\t<div id=\"elementor-tab-title-2115\" class=\"elementor-tab-title\" data-tab=\"5\" role=\"button\" aria-controls=\"elementor-tab-content-2115\" aria-expanded=\"false\">\n\t\t\t\t\t\t\t\t\t\t\t\t\t<span class=\"elementor-accordion-icon elementor-accordion-icon-left\" aria-hidden=\"true\">\n\t\t\t\t\t\t\t\t\t\t\t\t\t\t\t<span class=\"elementor-accordion-icon-closed\"><i class=\"fas fa-plus\"><\/i><\/span>\n\t\t\t\t\t\t\t\t<span class=\"elementor-accordion-icon-opened\"><i class=\"fas fa-minus\"><\/i><\/span>\n\t\t\t\t\t\t\t\t\t\t\t\t\t\t<\/span>\n\t\t\t\t\t\t\t\t\t\t\t\t<a class=\"elementor-accordion-title\" tabindex=\"0\">Despesas eleg\u00edveis<\/a>\n\t\t\t\t\t<\/div>\n\t\t\t\t\t<div id=\"elementor-tab-content-2115\" class=\"elementor-tab-content elementor-clearfix\" data-tab=\"5\" role=\"region\" aria-labelledby=\"elementor-tab-title-2115\"><p>Relativamente \u00e0s despesas eleg\u00edveis para o candidato beneficiar dos apoios, qualificam-se as seguintes:<\/p><ul><li>a) Custos com recursos humanos por parte da entidade benefici\u00e1ria necess\u00e1rios \u00e0 realiza\u00e7\u00e3o do roteiro e das a\u00e7\u00f5es de forma\u00e7\u00e3o e divulga\u00e7\u00e3o, com o limite de 25% do valor total do projeto;<\/li><li>b) Aluguer de equipamentos e instala\u00e7\u00f5es necess\u00e1rios \u00e0 realiza\u00e7\u00e3o das a\u00e7\u00f5es de forma\u00e7\u00e3o ou divulga\u00e7\u00e3o;<\/li><li>c) Contrata\u00e7\u00e3o de servi\u00e7os de assist\u00eancia t\u00e9cnica especializada incluindo consultadoria relevante para a elabora\u00e7\u00e3o do roteiro;<\/li><li>d) Aquisi\u00e7\u00e3o de servi\u00e7os necess\u00e1rios \u00e0 realiza\u00e7\u00e3o das a\u00e7\u00f5es de forma\u00e7\u00e3o ou divulga\u00e7\u00e3o;<\/li><li>e) Desenvolvimento de plataformas de partilha de informa\u00e7\u00e3o e boas pr\u00e1ticas.<\/li><\/ul><p>A taxa de financiamento das despesas eleg\u00edveis \u00e9 de 100 %<\/p><\/div>\n\t\t\t\t<\/div>\n\t\t\t\t\t\t\t\t<\/div>\n\t\t\t\t<\/div>\n\t\t\t\t<\/div>\n\t\t\t\t<div class=\"elementor-element elementor-element-5286154 elementor-widget elementor-widget-text-editor\" data-id=\"5286154\" data-element_type=\"widget\" data-widget_type=\"text-editor.default\">\n\t\t\t\t<div class=\"elementor-widget-container\">\n\t\t\t\t\t\t\t<p>Os apoios ser\u00e3o atribu\u00eddos sob a forma de incentivo n\u00e3o reembols\u00e1vel e aplic\u00e1veis as taxas m\u00e1ximas de cofinanciamento sobre as despesas consideradas eleg\u00edveis, e a admiss\u00e3o, an\u00e1lise e sele\u00e7\u00e3o das candidaturas \u00e9 assegurada pelo IAPMEI, com o apoio do Comit\u00e9 Coordenador para as iniciativas da Descarboniza\u00e7\u00e3o da Ind\u00fastria, que integra, al\u00e9m do IAPMEI, a Autoridade de Gest\u00e3o do Programa Operacional Competitividade e Internacionaliza\u00e7\u00e3o (COMPETE), a Ag\u00eancia Nacional de Inova\u00e7\u00e3o (ANI), a Ag\u00eancia Portuguesa do Ambiente (APA) e a Dire\u00e7\u00e3o-Geral de Energia e Geologia (DGEG).<\/p><p>Informa\u00e7\u00e3o oficial:\u00a0<a href=\"https:\/\/www.iapmei.pt\/PRODUTOS-E-SERVICOS\/Incentivos-Financiamento\/Sistemas-de-Incentivos\/Plano-de-Recuperacao-e-Resiliencia\/Descarbonizacao-da-Industria.aspx\" target=\"_blank\" rel=\"noopener\">IAPMEI \u2013 Descarboniza\u00e7\u00e3o da Ind\u00fastria<\/a><\/p>\t\t\t\t\t\t<\/div>\n\t\t\t\t<\/div>\n\t\t\t\t<section class=\"elementor-section elementor-inner-section elementor-element elementor-element-4adf326 elementor-section-boxed elementor-section-height-default elementor-section-height-default\" data-id=\"4adf326\" data-element_type=\"section\" data-settings=\"{&quot;background_background&quot;:&quot;classic&quot;}\">\n\t\t\t\t\t\t<div class=\"elementor-container elementor-column-gap-default\">\n\t\t\t\t\t<div class=\"elementor-column elementor-col-50 elementor-inner-column elementor-element elementor-element-d4eebf7\" data-id=\"d4eebf7\" data-element_type=\"column\">\n\t\t\t<div class=\"elementor-widget-wrap elementor-element-populated\">\n\t\t\t\t\t\t<div class=\"elementor-element elementor-element-180a210 elementor-widget elementor-widget-heading\" data-id=\"180a210\" data-element_type=\"widget\" data-widget_type=\"heading.default\">\n\t\t\t\t<div class=\"elementor-widget-container\">\n\t\t\t<h5 class=\"elementor-heading-title elementor-size-default\">Descarboniza\u00e7\u00e3o e Digitaliza\u00e7\u00e3o<\/h5>\t\t<\/div>\n\t\t\t\t<\/div>\n\t\t\t\t<div class=\"elementor-element elementor-element-682b134 elementor-widget elementor-widget-text-editor\" data-id=\"682b134\" data-element_type=\"widget\" data-widget_type=\"text-editor.default\">\n\t\t\t\t<div class=\"elementor-widget-container\">\n\t\t\t\t\t\t\t<p><strong>Apoios para a Ind\u00fastria<\/strong><\/p><p>A nossa equipa est\u00e1 preparada para ajudar a sua ind\u00fastria na \u00e1rea da descarboniza\u00e7\u00e3o e digitaliza\u00e7\u00e3o. Contacte-nos para agendarmos uma reuni\u00e3o.<\/p>\t\t\t\t\t\t<\/div>\n\t\t\t\t<\/div>\n\t\t\t\t\t<\/div>\n\t\t<\/div>\n\t\t\t\t<div class=\"elementor-column elementor-col-50 elementor-inner-column elementor-element elementor-element-b38df38\" data-id=\"b38df38\" data-element_type=\"column\">\n\t\t\t<div class=\"elementor-widget-wrap elementor-element-populated\">\n\t\t\t\t\t\t<div class=\"elementor-element elementor-element-16ecad9 elementor-align-right elementor-mobile-align-left elementor-widget elementor-widget-button\" data-id=\"16ecad9\" data-element_type=\"widget\" data-widget_type=\"button.default\">\n\t\t\t\t<div class=\"elementor-widget-container\">\n\t\t\t\t\t<div class=\"elementor-button-wrapper\">\n\t\t\t<a class=\"elementor-button elementor-button-link elementor-size-md\" href=\"mailto:info@neomarca.eu\">\n\t\t\t\t\t\t<span class=\"elementor-button-content-wrapper\">\n\t\t\t\t\t\t<span class=\"elementor-button-text\">Agendar Reuni\u00e3o<\/span>\n\t\t<\/span>\n\t\t\t\t\t<\/a>\n\t\t<\/div>\n\t\t\t\t<\/div>\n\t\t\t\t<\/div>\n\t\t\t\t\t<\/div>\n\t\t<\/div>\n\t\t\t\t\t<\/div>\n\t\t<\/section>\n\t\t\t\t\t<\/div>\n\t\t<\/div>\n\t\t\t\t\t<\/div>\n\t\t<\/section>\n\t\t\t\t<\/div>\n\t\t","protected":false},"excerpt":{"rendered":"<p>Candidaturas abertas ao Sistema de Incentivos C11-i01 \u2013 Descarboniza\u00e7\u00e3o da Ind\u00fastria, at\u00e9 18 de abril (NOVA DATA!). Trata-se de um apoio dirigido \u00e0s associa\u00e7\u00f5es para a elabora\u00e7\u00e3o de roteiros de descarboniza\u00e7\u00e3o da ind\u00fastria e capacita\u00e7\u00e3o das empresas. A\u00a0Componente 11 &#8211; Descarboniza\u00e7\u00e3o da Ind\u00fastria, integrada na Dimens\u00e3o Transi\u00e7\u00e3o Clim\u00e1tica (PRR), visa alavancar a descarboniza\u00e7\u00e3o do setor&hellip;<\/p>\n","protected":false},"author":5,"featured_media":6435,"comment_status":"closed","ping_status":"closed","sticky":false,"template":"","format":"standard","meta":{"_monsterinsights_skip_tracking":false,"_monsterinsights_sitenote_active":false,"_monsterinsights_sitenote_note":"","_monsterinsights_sitenote_category":0,"footnotes":""},"categories":[238],"tags":[361,282,349],"class_list":["post-6432","post","type-post","status-publish","format-standard","has-post-thumbnail","hentry","category-noticias","tag-associacoes","tag-empresas","tag-prr"],"acf":[],"_links":{"self":[{"href":"https:\/\/neomarca.pt\/pt\/wp-json\/wp\/v2\/posts\/6432","targetHints":{"allow":["GET"]}}],"collection":[{"href":"https:\/\/neomarca.pt\/pt\/wp-json\/wp\/v2\/posts"}],"about":[{"href":"https:\/\/neomarca.pt\/pt\/wp-json\/wp\/v2\/types\/post"}],"author":[{"embeddable":true,"href":"https:\/\/neomarca.pt\/pt\/wp-json\/wp\/v2\/users\/5"}],"replies":[{"embeddable":true,"href":"https:\/\/neomarca.pt\/pt\/wp-json\/wp\/v2\/comments?post=6432"}],"version-history":[{"count":0,"href":"https:\/\/neomarca.pt\/pt\/wp-json\/wp\/v2\/posts\/6432\/revisions"}],"wp:featuredmedia":[{"embeddable":true,"href":"https:\/\/neomarca.pt\/pt\/wp-json\/wp\/v2\/media\/6435"}],"wp:attachment":[{"href":"https:\/\/neomarca.pt\/pt\/wp-json\/wp\/v2\/media?parent=6432"}],"wp:term":[{"taxonomy":"category","embeddable":true,"href":"https:\/\/neomarca.pt\/pt\/wp-json\/wp\/v2\/categories?post=6432"},{"taxonomy":"post_tag","embeddable":true,"href":"https:\/\/neomarca.pt\/pt\/wp-json\/wp\/v2\/tags?post=6432"}],"curies":[{"name":"wp","href":"https:\/\/api.w.org\/{rel}","templated":true}]}}