{"id":6489,"date":"2022-01-10T17:00:25","date_gmt":"2022-01-10T16:00:25","guid":{"rendered":"https:\/\/neomarca.pt\/staging2\/pt\/?p=6489"},"modified":"2023-10-27T06:13:11","modified_gmt":"2023-10-27T05:13:11","slug":"prr-candidaturas-equipamentos-e-respostas-sociais","status":"publish","type":"post","link":"https:\/\/neomarca.pt\/pt\/noticias\/prr-candidaturas-equipamentos-e-respostas-sociais\/","title":{"rendered":"PRR: Candidaturas abertas para Equipamentos e Respostas Sociais"},"content":{"rendered":"\t\t<div data-elementor-type=\"wp-post\" data-elementor-id=\"6489\" class=\"elementor elementor-6489\" data-elementor-post-type=\"post\">\n\t\t\t\t\t\t<section class=\"elementor-section elementor-top-section elementor-element elementor-element-5565b4fd elementor-section-boxed elementor-section-height-default elementor-section-height-default\" data-id=\"5565b4fd\" data-element_type=\"section\">\n\t\t\t\t\t\t<div class=\"elementor-container elementor-column-gap-default\">\n\t\t\t\t\t<div class=\"elementor-column elementor-col-100 elementor-top-column elementor-element elementor-element-29d8e7fb\" data-id=\"29d8e7fb\" data-element_type=\"column\">\n\t\t\t<div class=\"elementor-widget-wrap elementor-element-populated\">\n\t\t\t\t\t\t<div class=\"elementor-element elementor-element-5e4aca5e elementor-widget elementor-widget-text-editor\" data-id=\"5e4aca5e\" data-element_type=\"widget\" data-widget_type=\"text-editor.default\">\n\t\t\t\t<div class=\"elementor-widget-container\">\n\t\t\t\t\t\t\t<h3>Candidaturas abertas ao Investimento RE-C03-I01 para a Requalifica\u00e7\u00e3o e alargamento da rede de equipamentos e respostas sociais, at\u00e9 22 de fevereiro.<\/h3><p>Est\u00e1 aberto o <a href=\"https:\/\/recuperarportugal.gov.pt\/candidatura\/requalificacao-e-alargamento-da-rede-de-equipamentos-e-respostas-sociais\/\" target=\"_blank\" rel=\"noopener\">Aviso<\/a> de candidatura para a Requalifica\u00e7\u00e3o e Alargamento da Rede de Equipamentos e Respostas Sociais e a Requalifica\u00e7\u00e3o e alargamento da rede de equipamentos e respostas sociais que se insere na Componente 03 \u2013 Respostas Sociais, no \u00e2mbito do Programa de Recupera\u00e7\u00e3o e Resili\u00eancia (<a href=\"https:\/\/neomarca.pt\/staging2\/pt\/plano-de-recuperacao-e-resiliencia-prr\/\" target=\"_blank\" rel=\"noopener\">PRR<\/a>).<\/p><p>Este incentivo financeiro destina-se \u00e0s <strong>Institui\u00e7\u00f5es Particulares de Solidariedade Social (IPSS) e equiparadas, \u00e0s Autarquias e outras Entidades P\u00fablicas e outras entidades de direito privado sem fins lucrativos de utilidade p\u00fablica.<\/strong><\/p><blockquote><p>O objetivo do incentivo \u00e9 o de <strong>refor\u00e7ar, adaptar, requalificar e inovar em pelo menos 28 000 lugares intervencionados nas respostas sociais dirigidas \u00e0s crian\u00e7as, pessoas idosas, pessoas com defici\u00eancia ou incapacidades e fam\u00edlias. <\/strong><\/p><p><strong>E no \u00e2mbito da requalifica\u00e7\u00e3o e alargamento da rede de equipamentos e respostas sociais h\u00e1 objetivo de se alcan\u00e7ar pelo menos 20 000 lugares intervencionados.<\/strong><\/p><\/blockquote><p>O montante financeiro total dispon\u00edvel para os apoios financeiros previstos no Aviso \u00e9 de cerca de 247 milh\u00f5es e trata-se de um incentivo de natureza n\u00e3o reembols\u00e1vel de 100%, sendo que, o investimento eleg\u00edvel ser\u00e1 apurado at\u00e9 ao limite do custo padr\u00e3o de constru\u00e7\u00e3o por utente.<\/p>\t\t\t\t\t\t<\/div>\n\t\t\t\t<\/div>\n\t\t\t\t<div class=\"elementor-element elementor-element-7b0089c elementor-widget elementor-widget-accordion\" data-id=\"7b0089c\" data-element_type=\"widget\" data-widget_type=\"accordion.default\">\n\t\t\t\t<div class=\"elementor-widget-container\">\n\t\t\t\t\t<div class=\"elementor-accordion\">\n\t\t\t\t\t\t\t<div class=\"elementor-accordion-item\">\n\t\t\t\t\t<div id=\"elementor-tab-title-1281\" class=\"elementor-tab-title\" data-tab=\"1\" role=\"button\" aria-controls=\"elementor-tab-content-1281\" aria-expanded=\"false\">\n\t\t\t\t\t\t\t\t\t\t\t\t\t<span class=\"elementor-accordion-icon elementor-accordion-icon-left\" aria-hidden=\"true\">\n\t\t\t\t\t\t\t\t\t\t\t\t\t\t\t<span class=\"elementor-accordion-icon-closed\"><i class=\"fas fa-plus\"><\/i><\/span>\n\t\t\t\t\t\t\t\t<span class=\"elementor-accordion-icon-opened\"><i class=\"fas fa-minus\"><\/i><\/span>\n\t\t\t\t\t\t\t\t\t\t\t\t\t\t<\/span>\n\t\t\t\t\t\t\t\t\t\t\t\t<a class=\"elementor-accordion-title\" tabindex=\"0\">Objetivos<\/a>\n\t\t\t\t\t<\/div>\n\t\t\t\t\t<div id=\"elementor-tab-content-1281\" class=\"elementor-tab-content elementor-clearfix\" data-tab=\"1\" role=\"region\" aria-labelledby=\"elementor-tab-title-1281\"><p>A) No \u00e2mbito da dimens\u00e3o da Resili\u00eancia salienta-se a Componente 03 \u2013 Respostas Sociais, no seu investimento RE-C03-i01 \u2013\u00a0<strong>Nova Gera\u00e7\u00e3o de Equipamentos e Respostas Sociais<\/strong>, que tem como objetivo refor\u00e7ar, adaptar, requalificar e inovar em pelo menos 28 000 lugares intervencionados nas respostas sociais dirigidas \u00e0s crian\u00e7as, pessoas idosas, pessoas com defici\u00eancia ou incapacidades e fam\u00edlias, tendo em vista a promo\u00e7\u00e3o da natalidade, do envelhecimento ativo e saud\u00e1vel, da inclus\u00e3o e promo\u00e7\u00e3o da autonomia e da concilia\u00e7\u00e3o entre a atividade profissional e a vida pessoal e familiar e a coes\u00e3o social e territorial.<\/p><p>B) No \u00e2mbito da Componente 03 \u2013 Respostas Sociais, no seu investimento RE-C03-i01 \u2013\u00a0<strong>Nova Gera\u00e7\u00e3o de Equipamentos e Respostas Sociais<\/strong>\u00a0do PRR, \u00e9 aberto pelo presente aviso o concurso para a requalifica\u00e7\u00e3o e alargamento da rede de equipamentos e respostas sociais com objetivo de se alcan\u00e7ar pelo menos 20 000 lugares intervencionados.<\/p><\/div>\n\t\t\t\t<\/div>\n\t\t\t\t\t\t\t<div class=\"elementor-accordion-item\">\n\t\t\t\t\t<div id=\"elementor-tab-title-1282\" class=\"elementor-tab-title\" data-tab=\"2\" role=\"button\" aria-controls=\"elementor-tab-content-1282\" aria-expanded=\"false\">\n\t\t\t\t\t\t\t\t\t\t\t\t\t<span class=\"elementor-accordion-icon elementor-accordion-icon-left\" aria-hidden=\"true\">\n\t\t\t\t\t\t\t\t\t\t\t\t\t\t\t<span class=\"elementor-accordion-icon-closed\"><i class=\"fas fa-plus\"><\/i><\/span>\n\t\t\t\t\t\t\t\t<span class=\"elementor-accordion-icon-opened\"><i class=\"fas fa-minus\"><\/i><\/span>\n\t\t\t\t\t\t\t\t\t\t\t\t\t\t<\/span>\n\t\t\t\t\t\t\t\t\t\t\t\t<a class=\"elementor-accordion-title\" tabindex=\"0\">Tipologia dos projetos<\/a>\n\t\t\t\t\t<\/div>\n\t\t\t\t\t<div id=\"elementor-tab-content-1282\" class=\"elementor-tab-content elementor-clearfix\" data-tab=\"2\" role=\"region\" aria-labelledby=\"elementor-tab-title-1282\"><p>No \u00e2mbito do presente aviso s\u00e3o eleg\u00edveis as candidaturas que incidam na cria\u00e7\u00e3o e remodela\u00e7\u00e3o de lugares nas seguintes respostas sociais eleg\u00edveis:<\/p><ul><li>a) Creche;<\/li><li>b) Estrutura Residencial para Pessoas Idosas (ERPI);<\/li><li>c) Centro de Dia;<\/li><li>d) Servi\u00e7o de Apoio Domicili\u00e1rio (SAD);<\/li><li>e) Centro de Atividades e Capacita\u00e7\u00e3o para a Inclus\u00e3o (CACI);<\/li><li>f) Resid\u00eancia Aut\u00f3noma, desde que n\u00e3o esteja acoplada a nenhuma outra resposta social de natureza residencial.<\/li><\/ul><p>Desde que abranja a cria\u00e7\u00e3o de lugares nas respostas sociais eleg\u00edveis, o presente aviso tem como objetivo apoiar e financiar pelo menos uma das seguintes tipologias:<\/p><ul><li>a) Visem a constru\u00e7\u00e3o de raiz de novos equipamentos sociais, para refor\u00e7o da resposta \u00e0s necessidades mais prementes das popula\u00e7\u00f5es, sobretudo dos territ\u00f3rios com uma baixa 6 cobertura, de forma a corrigir as assimetrias existentes ao n\u00edvel da distribui\u00e7\u00e3o da capacidade instalada, garantindo maior equidade no acesso aos cidad\u00e3os;<\/li><li>b) Visem a remodela\u00e7\u00e3o, amplia\u00e7\u00e3o e adapta\u00e7\u00e3o das infraestruturas, fator determinante para o bem-estar e a melhoria das condi\u00e7\u00f5es de vida e de promo\u00e7\u00e3o da autonomia dos cidad\u00e3os e das fam\u00edlias, e da qualidade dos servi\u00e7os prestados;<\/li><li>c) Promovam a reconvers\u00e3o de equipamentos sociais, para desenvolvimento de novas respostas sociais com vista a responder \u00e0s necessidades territoriais diagnosticadas;<\/li><li>d) Visem a aquisi\u00e7\u00e3o de edif\u00edcio ou fra\u00e7\u00e3o e a respetiva adapta\u00e7\u00e3o para instala\u00e7\u00e3o de equipamentos sociais.<\/li><\/ul><\/div>\n\t\t\t\t<\/div>\n\t\t\t\t\t\t\t<div class=\"elementor-accordion-item\">\n\t\t\t\t\t<div id=\"elementor-tab-title-1283\" class=\"elementor-tab-title\" data-tab=\"3\" role=\"button\" aria-controls=\"elementor-tab-content-1283\" aria-expanded=\"false\">\n\t\t\t\t\t\t\t\t\t\t\t\t\t<span class=\"elementor-accordion-icon elementor-accordion-icon-left\" aria-hidden=\"true\">\n\t\t\t\t\t\t\t\t\t\t\t\t\t\t\t<span class=\"elementor-accordion-icon-closed\"><i class=\"fas fa-plus\"><\/i><\/span>\n\t\t\t\t\t\t\t\t<span class=\"elementor-accordion-icon-opened\"><i class=\"fas fa-minus\"><\/i><\/span>\n\t\t\t\t\t\t\t\t\t\t\t\t\t\t<\/span>\n\t\t\t\t\t\t\t\t\t\t\t\t<a class=\"elementor-accordion-title\" tabindex=\"0\">Benefici\u00e1rios e Condi\u00e7\u00f5es de Acesso<\/a>\n\t\t\t\t\t<\/div>\n\t\t\t\t\t<div id=\"elementor-tab-content-1283\" class=\"elementor-tab-content elementor-clearfix\" data-tab=\"3\" role=\"region\" aria-labelledby=\"elementor-tab-title-1283\"><p>Os Benefici\u00e1rios Finais s\u00e3o as Institui\u00e7\u00f5es Particulares de Solidariedade Social (IPSS) e equiparadas, as Autarquias e outras Entidades P\u00fablicas, e outras entidades de direito privado sem fins lucrativos, de utilidade p\u00fablica, que detenham no \u00e2mbito do seu objeto estatut\u00e1rio a \u00e1rea social e que cumpram os seguintes requisitos:<\/p><ul><li>a) Estarem legalmente constitu\u00eddos e devidamente registados (quando aplic\u00e1vel);<\/li><li>b) Terem a situa\u00e7\u00e3o tribut\u00e1ria e contributiva regularizada perante, respetivamente, a administra\u00e7\u00e3o fiscal e a seguran\u00e7a social;<\/li><li>c) Terem a situa\u00e7\u00e3o regularizada em mat\u00e9ria de reposi\u00e7\u00f5es, no \u00e2mbito dos financiamentos dos Fundos Europeus Estruturais e de Investimento (FEEI);<\/li><li>d) Terem a situa\u00e7\u00e3o regularizada em mat\u00e9ria de obriga\u00e7\u00f5es contabil\u00edsticas, designadamente a presta\u00e7\u00e3o de contas ao Instituto da Seguran\u00e7a Social, I.P. (ISS, IP) (quando aplic\u00e1vel);<\/li><li>e) Enquadramento do projeto nas tipologias, objetivos e condi\u00e7\u00f5es de elegibilidade estabelecidos no ponto 4 do presente Aviso \u2013 Respostas sociais eleg\u00edveis, tipologias de projetos a apoiar e regras de execu\u00e7\u00e3o, a apoiar no \u00e2mbito da Nova Gera\u00e7\u00e3o de Equipamentos e Respostas Sociais, do PRR;<\/li><li>f) N\u00e3o apresentarem a mesma candidatura a financiamento, no \u00e2mbito da qual ainda esteja a decorrer o processo de decis\u00e3o ou em que a decis\u00e3o sobre o pedido de financiamento tenha sido favor\u00e1vel, exceto nas situa\u00e7\u00f5es em que tenha sido apresentada desist\u00eancia ou em que uma ou mais respostas sociais n\u00e3o sejam eleg\u00edveis no presente aviso;<\/li><li>g) O projeto de investimento n\u00e3o ter sido objeto de qualquer apoio financeiro, nacional ou comunit\u00e1rio, com a mesma finalidade, nos 10 anos precedentes;<\/li><li>h) Terem projeto em fase de Anteprojeto, nos termos do que se encontra definido no artigo 3\u00ba e 6\u00ba da Portaria n\u00ba 701-H\/2008, de 29 de junho\/ projeto de licenciamento, ou fase posterior, em conformidade com as normas reguladoras das condi\u00e7\u00f5es de instala\u00e7\u00e3o e funcionamento de cada uma das respostas sociais;<\/li><li>i) Disporem de documenta\u00e7\u00e3o comprovativa da autoriza\u00e7\u00e3o ou licenciamento, pela C\u00e2mara Municipal, relativamente \u00e0s obras a realizar, \u00e0 data da submiss\u00e3o das candidaturas, nos seguintes termos:<\/li><li>As candidaturas referentes a opera\u00e7\u00f5es urban\u00edsticas que est\u00e3o sujeitas a comunica\u00e7\u00e3o pr\u00e9via devem ser instru\u00eddas com certid\u00e3o comprovativa passada pela Autarquia que ateste a conformidade da instru\u00e7\u00e3o do processo de comunica\u00e7\u00e3o pr\u00e9via ou o comprovativo do pagamento das taxas deste processo, nos termos do disposto no RJUE;<\/li><li>As candidaturas referentes a opera\u00e7\u00f5es urban\u00edsticas que est\u00e3o sujeitas a licen\u00e7a administrativa devem ser instru\u00eddas com o deferimento do pedido de licenciamento, nos termos do disposto no RJUE;<\/li><li>j) Se a candidatura for apresentada por uma Autarquia ou outra Entidade P\u00fablica, n\u00e3o \u00e9 aplic\u00e1vel o disposto na al\u00ednea anterior;<\/li><li>k) Cumprirem com as condi\u00e7\u00f5es espec\u00edficas relativas \u00e0 organiza\u00e7\u00e3o, instala\u00e7\u00e3o e funcionamento de cada resposta social, nos termos dos normativos em vigor \u00e0 data da submiss\u00e3o da candidatura;<\/li><li>l) Terem parecer emitido pelo Conselho Local de A\u00e7\u00e3o Social da Rede Social, de acordo com o previsto na al\u00ednea n) do n\u00famero 1 do artigo 28\u00ba do Decreto-lei n\u00ba 115\/2006, de 14 de junho, quando aplic\u00e1vel;<\/li><li>m) Serem propriet\u00e1rias do terreno ou do edif\u00edcio ou fra\u00e7\u00e3o a intervencionar, ou detentoras de qualquer outro t\u00edtulo que lhes permita afetar as infraestruturas e equipamentos objeto de financiamento no \u00e2mbito da Nova Gera\u00e7\u00e3o de Equipamentos e Respostas Sociais do PRR, aos fins a que se destinam, durante o per\u00edodo m\u00ednimo de 20 anos;<\/li><li>n) No caso de aquisi\u00e7\u00e3o de edif\u00edcio ou fra\u00e7\u00e3o terem, no m\u00ednimo, contrato de promessa de compra e venda, acompanhado da certid\u00e3o de registo predial atualizada em nome do vendedor;<\/li><\/ul><\/div>\n\t\t\t\t<\/div>\n\t\t\t\t\t\t\t<div class=\"elementor-accordion-item\">\n\t\t\t\t\t<div id=\"elementor-tab-title-1284\" class=\"elementor-tab-title\" data-tab=\"4\" role=\"button\" aria-controls=\"elementor-tab-content-1284\" aria-expanded=\"false\">\n\t\t\t\t\t\t\t\t\t\t\t\t\t<span class=\"elementor-accordion-icon elementor-accordion-icon-left\" aria-hidden=\"true\">\n\t\t\t\t\t\t\t\t\t\t\t\t\t\t\t<span class=\"elementor-accordion-icon-closed\"><i class=\"fas fa-plus\"><\/i><\/span>\n\t\t\t\t\t\t\t\t<span class=\"elementor-accordion-icon-opened\"><i class=\"fas fa-minus\"><\/i><\/span>\n\t\t\t\t\t\t\t\t\t\t\t\t\t\t<\/span>\n\t\t\t\t\t\t\t\t\t\t\t\t<a class=\"elementor-accordion-title\" tabindex=\"0\">Despesas Eleg\u00edveis<\/a>\n\t\t\t\t\t<\/div>\n\t\t\t\t\t<div id=\"elementor-tab-content-1284\" class=\"elementor-tab-content elementor-clearfix\" data-tab=\"4\" role=\"region\" aria-labelledby=\"elementor-tab-title-1284\"><p>Incentivo n\u00e3o reembols\u00e1vel, atrav\u00e9s da modalidade de reembolso de custos eleg\u00edveis efetivamente incorridos e pagos.<\/p><p>Investimento eleg\u00edvel m\u00e1ximo \u2013 produto do custo padr\u00e3o de constru\u00e7\u00e3o por utente das respostas sociais eleg\u00edveis pelo respetivo n\u00famero de utentes.<\/p><p>A taxa de financiamento \u00e9 de 100% do investimento eleg\u00edvel apurado at\u00e9 ao limite do custo padr\u00e3o de constru\u00e7\u00e3o por utente.<\/p><ul><li>Constru\u00e7\u00e3o de raiz, amplia\u00e7\u00e3o, remodela\u00e7\u00e3o, reabilita\u00e7\u00e3o e\/ou reconstru\u00e7\u00e3o de edif\u00edcio ou fra\u00e7\u00e3o aut\u00f3noma para desenvolvimento de resposta social eleg\u00edvel.<\/li><li>Aquisi\u00e7\u00e3o de edif\u00edcio ou fra\u00e7\u00e3o para desenvolvimento da resposta social eleg\u00edvel, cujo o valor a financiar deve estar suportado por uma metodologia de avalia\u00e7\u00e3o efetuada por perito avaliador imobili\u00e1rio que demonstre o custo de mercado e o racional para apuramento de custos, na medida 8 em que forem utilizados nos projetos financiados e na propor\u00e7\u00e3o relativa ao per\u00edodo da opera\u00e7\u00e3o eleg\u00edvel.<\/li><\/ul><p>As despesas acima referidas s\u00e3o consideradas eleg\u00edveis se:<\/p><ul><li>Forem realizadas dentro do per\u00edodo de elegibilidade previsto no n.\u00ba 2 artigo 17.\u00ba do Regulamento (EU) 2021\/241, de 12 de fevereiro, ou seja, a partir de 1 de fevereiro de 2020;<\/li><li>Caso as mesmas digam respeito a contratos de empreitada, estes t\u00eam obrigatoriamente de ter sido contratualizados ap\u00f3s 1 de fevereiro de 2020;<\/li><li>Obedecerem a crit\u00e9rios de razoabilidade financeira assentes em princ\u00edpios de boa gest\u00e3o financeira, tendo como base os pre\u00e7os de mercado e a rela\u00e7\u00e3o custo\/benef\u00edcio;<\/li><li>Obedecerem \u00e0s regras de contrata\u00e7\u00e3o p\u00fablica, nos termos do C\u00f3digo da Contrata\u00e7\u00e3o P\u00fablica, aprovado pelo Decreto\u2010Lei no 18\/2008, de 29 de janeiro e respetivas atualiza\u00e7\u00f5es;<\/li><li>Forem respeitados os princ\u00edpios da transpar\u00eancia, da concorr\u00eancia e da boa gest\u00e3o dos dinheiros p\u00fablicos, de modo a prevenir situa\u00e7\u00f5es suscet\u00edveis de configurar conflitos de interesses nas rela\u00e7\u00f5es entre a entidade benefici\u00e1ria e os seus fornecedores e prestadores de servi\u00e7os.<\/li><\/ul><\/div>\n\t\t\t\t<\/div>\n\t\t\t\t\t\t\t\t<\/div>\n\t\t\t\t<\/div>\n\t\t\t\t<\/div>\n\t\t\t\t<div class=\"elementor-element elementor-element-0b6a194 elementor-widget elementor-widget-text-editor\" data-id=\"0b6a194\" data-element_type=\"widget\" data-widget_type=\"text-editor.default\">\n\t\t\t\t<div class=\"elementor-widget-container\">\n\t\t\t\t\t\t\t<p>Informa\u00e7\u00e3o Oficial:\u00a0<a href=\"https:\/\/recuperarportugal.gov.pt\/candidatura\/requalificacao-e-alargamento-da-rede-de-equipamentos-e-respostas-sociais\/\" target=\"_blank\" rel=\"noopener\">C03-i01: Nova Gera\u00e7\u00e3o de Equipamentos e Respostas Sociais<\/a><\/p>\t\t\t\t\t\t<\/div>\n\t\t\t\t<\/div>\n\t\t\t\t<section class=\"elementor-section elementor-inner-section elementor-element elementor-element-d9ed567 elementor-section-boxed elementor-section-height-default elementor-section-height-default\" data-id=\"d9ed567\" data-element_type=\"section\" data-settings=\"{&quot;background_background&quot;:&quot;classic&quot;}\">\n\t\t\t\t\t\t<div class=\"elementor-container elementor-column-gap-default\">\n\t\t\t\t\t<div class=\"elementor-column elementor-col-50 elementor-inner-column elementor-element elementor-element-fff60d0\" data-id=\"fff60d0\" data-element_type=\"column\">\n\t\t\t<div class=\"elementor-widget-wrap elementor-element-populated\">\n\t\t\t\t\t\t<div class=\"elementor-element elementor-element-6ee9149 elementor-widget elementor-widget-heading\" data-id=\"6ee9149\" data-element_type=\"widget\" data-widget_type=\"heading.default\">\n\t\t\t\t<div class=\"elementor-widget-container\">\n\t\t\t<h5 class=\"elementor-heading-title elementor-size-default\">Equipamentos e Respostas Sociais<\/h5>\t\t<\/div>\n\t\t\t\t<\/div>\n\t\t\t\t<div class=\"elementor-element elementor-element-3503474 elementor-widget elementor-widget-text-editor\" data-id=\"3503474\" data-element_type=\"widget\" data-widget_type=\"text-editor.default\">\n\t\t\t\t<div class=\"elementor-widget-container\">\n\t\t\t\t\t\t\t<p><strong>Apoios para requalifica\u00e7\u00e3o e alargamento da rede de equipamentos e respostas sociais<\/strong><\/p><p>A nossa equipa est\u00e1 preparada para o ajudar nas candidaturas aos incentivos financeiros. Contacte-nos para agendarmos uma reuni\u00e3o.<\/p>\t\t\t\t\t\t<\/div>\n\t\t\t\t<\/div>\n\t\t\t\t\t<\/div>\n\t\t<\/div>\n\t\t\t\t<div class=\"elementor-column elementor-col-50 elementor-inner-column elementor-element elementor-element-4688543\" data-id=\"4688543\" data-element_type=\"column\">\n\t\t\t<div class=\"elementor-widget-wrap elementor-element-populated\">\n\t\t\t\t\t\t<div class=\"elementor-element elementor-element-94fa75c elementor-align-right elementor-mobile-align-left elementor-widget elementor-widget-button\" data-id=\"94fa75c\" data-element_type=\"widget\" data-widget_type=\"button.default\">\n\t\t\t\t<div class=\"elementor-widget-container\">\n\t\t\t\t\t<div class=\"elementor-button-wrapper\">\n\t\t\t<a class=\"elementor-button elementor-button-link elementor-size-md\" href=\"mailto:info@neomarca.eu\">\n\t\t\t\t\t\t<span class=\"elementor-button-content-wrapper\">\n\t\t\t\t\t\t<span class=\"elementor-button-text\">Agendar Reuni\u00e3o<\/span>\n\t\t<\/span>\n\t\t\t\t\t<\/a>\n\t\t<\/div>\n\t\t\t\t<\/div>\n\t\t\t\t<\/div>\n\t\t\t\t\t<\/div>\n\t\t<\/div>\n\t\t\t\t\t<\/div>\n\t\t<\/section>\n\t\t\t\t\t<\/div>\n\t\t<\/div>\n\t\t\t\t\t<\/div>\n\t\t<\/section>\n\t\t\t\t<\/div>\n\t\t","protected":false},"excerpt":{"rendered":"<p>Candidaturas abertas ao Investimento RE-C03-I01 para a Requalifica\u00e7\u00e3o e alargamento da rede de equipamentos e respostas sociais, at\u00e9 22 de fevereiro. Est\u00e1 aberto o Aviso de candidatura para a Requalifica\u00e7\u00e3o e Alargamento da Rede de Equipamentos e Respostas Sociais e a Requalifica\u00e7\u00e3o e alargamento da rede de equipamentos e respostas sociais que se insere na&hellip;<\/p>\n","protected":false},"author":5,"featured_media":6494,"comment_status":"closed","ping_status":"closed","sticky":false,"template":"","format":"standard","meta":{"_monsterinsights_skip_tracking":false,"_monsterinsights_sitenote_active":false,"_monsterinsights_sitenote_note":"","_monsterinsights_sitenote_category":0,"footnotes":""},"categories":[238],"tags":[122,349],"class_list":["post-6489","post","type-post","status-publish","format-standard","has-post-thumbnail","hentry","category-noticias","tag-fundos-comunitarios","tag-prr"],"acf":[],"_links":{"self":[{"href":"https:\/\/neomarca.pt\/pt\/wp-json\/wp\/v2\/posts\/6489","targetHints":{"allow":["GET"]}}],"collection":[{"href":"https:\/\/neomarca.pt\/pt\/wp-json\/wp\/v2\/posts"}],"about":[{"href":"https:\/\/neomarca.pt\/pt\/wp-json\/wp\/v2\/types\/post"}],"author":[{"embeddable":true,"href":"https:\/\/neomarca.pt\/pt\/wp-json\/wp\/v2\/users\/5"}],"replies":[{"embeddable":true,"href":"https:\/\/neomarca.pt\/pt\/wp-json\/wp\/v2\/comments?post=6489"}],"version-history":[{"count":0,"href":"https:\/\/neomarca.pt\/pt\/wp-json\/wp\/v2\/posts\/6489\/revisions"}],"wp:featuredmedia":[{"embeddable":true,"href":"https:\/\/neomarca.pt\/pt\/wp-json\/wp\/v2\/media\/6494"}],"wp:attachment":[{"href":"https:\/\/neomarca.pt\/pt\/wp-json\/wp\/v2\/media?parent=6489"}],"wp:term":[{"taxonomy":"category","embeddable":true,"href":"https:\/\/neomarca.pt\/pt\/wp-json\/wp\/v2\/categories?post=6489"},{"taxonomy":"post_tag","embeddable":true,"href":"https:\/\/neomarca.pt\/pt\/wp-json\/wp\/v2\/tags?post=6489"}],"curies":[{"name":"wp","href":"https:\/\/api.w.org\/{rel}","templated":true}]}}