{"id":6499,"date":"2022-01-11T14:01:23","date_gmt":"2022-01-11T13:01:23","guid":{"rendered":"https:\/\/neomarca.pt\/staging2\/pt\/?p=6499"},"modified":"2023-10-27T06:08:43","modified_gmt":"2023-10-27T05:08:43","slug":"descarbonizacao-da-industria-empresas","status":"publish","type":"post","link":"https:\/\/neomarca.pt\/pt\/noticias\/descarbonizacao-da-industria-empresas\/","title":{"rendered":"PRR: Candidaturas abertas para Descarboniza\u00e7\u00e3o da Ind\u00fastria para empresas"},"content":{"rendered":"\t\t<div data-elementor-type=\"wp-post\" data-elementor-id=\"6499\" class=\"elementor elementor-6499\" data-elementor-post-type=\"post\">\n\t\t\t\t\t\t<section class=\"elementor-section elementor-top-section elementor-element elementor-element-263a113f elementor-section-boxed elementor-section-height-default elementor-section-height-default\" data-id=\"263a113f\" data-element_type=\"section\">\n\t\t\t\t\t\t<div class=\"elementor-container elementor-column-gap-default\">\n\t\t\t\t\t<div class=\"elementor-column elementor-col-100 elementor-top-column elementor-element elementor-element-cfc64ee\" data-id=\"cfc64ee\" data-element_type=\"column\">\n\t\t\t<div class=\"elementor-widget-wrap elementor-element-populated\">\n\t\t\t\t\t\t<div class=\"elementor-element elementor-element-3285756 elementor-widget elementor-widget-text-editor\" data-id=\"3285756\" data-element_type=\"widget\" data-widget_type=\"text-editor.default\">\n\t\t\t\t<div class=\"elementor-widget-container\">\n\t\t\t\t\t\t\t<h3>Candidaturas abertas ao Sistema de Incentivos TC-C11-i01 \u2013 Descarboniza\u00e7\u00e3o da Ind\u00fastria, at\u00e9 29 de julho (NOVA DATA!). Este apoio destina-se a empresas do setor da ind\u00fastria.<\/h3><p>A\u00a0Componente 11 \u2013\u00a0<a href=\"https:\/\/neomarca.pt\/staging2\/pt\/noticias\/prr-apoios-descarbonizacao-digitalizacao-industria\/\">Descarboniza\u00e7\u00e3o da Ind\u00fastria<\/a>, integrada na Dimens\u00e3o Transi\u00e7\u00e3o Clim\u00e1tica (PRR), visa alavancar a descarboniza\u00e7\u00e3o do setor industrial e empresarial e promover uma mudan\u00e7a de paradigma na utiliza\u00e7\u00e3o dos recursos, concretizando medidas do Plano Nacional de Energia e Clima 2030 (PNEC 2030) e contribuindo para acelerar a transi\u00e7\u00e3o para uma economia neutra em carbono.<\/p><p>O <a href=\"https:\/\/www.iapmei.pt\/PRODUTOS-E-SERVICOS\/Incentivos-Financiamento\/Documentos-Incentivos\/Aviso-N-%C2%BA-02C11-i012022.aspx\" target=\"_blank\" rel=\"noopener\">Aviso<\/a> \u201cApoio \u00e0 descarboniza\u00e7\u00e3o da ind\u00fastria\u201d enquadra-se num conjunto de medidas que visam contribuir para o <strong>objetivo da neutralidade carb\u00f3nica, promovendo a transi\u00e7\u00e3o energ\u00e9tica por via do apoio \u00e0s energias renov\u00e1veis, com enfoque na produ\u00e7\u00e3o de hidrog\u00e9nio e outros gases de origem renov\u00e1vel.<\/strong><\/p><p>As empresas do setor da ind\u00fastria podem-se candidatar ao respetivo apoio individualmente ou em cons\u00f3rcio. A dota\u00e7\u00e3o total do concurso \u00e9 de 705 milh\u00f5es de euros e <strong>o apoio ao investimento assume a forma de subs\u00eddios n\u00e3o reembols\u00e1veis.<\/strong><\/p><p>A tipologia de projetos a serem admitidos para a candidatura s\u00e3o os seguintes:<\/p><ul><li>Processos e tecnologias de baixo carbono na ind\u00fastria;<\/li><li>Ado\u00e7\u00e3o de medidas de efici\u00eancia energ\u00e9tica na ind\u00fastria;<\/li><li>Incorpora\u00e7\u00e3o de energia de fonte renov\u00e1vel e armazenamento de energia.<\/li><\/ul><p>As candidaturas j\u00e1 est\u00e3o abertas e assim v\u00e3o permanecer at\u00e9 dia 29 de julho de 2022. (NOVA DATA)<\/p>\t\t\t\t\t\t<\/div>\n\t\t\t\t<\/div>\n\t\t\t\t<div class=\"elementor-element elementor-element-ed29784 elementor-widget elementor-widget-accordion\" data-id=\"ed29784\" data-element_type=\"widget\" data-widget_type=\"accordion.default\">\n\t\t\t\t<div class=\"elementor-widget-container\">\n\t\t\t\t\t<div class=\"elementor-accordion\">\n\t\t\t\t\t\t\t<div class=\"elementor-accordion-item\">\n\t\t\t\t\t<div id=\"elementor-tab-title-2481\" class=\"elementor-tab-title\" data-tab=\"1\" role=\"button\" aria-controls=\"elementor-tab-content-2481\" aria-expanded=\"false\">\n\t\t\t\t\t\t\t\t\t\t\t\t\t<span class=\"elementor-accordion-icon elementor-accordion-icon-left\" aria-hidden=\"true\">\n\t\t\t\t\t\t\t\t\t\t\t\t\t\t\t<span class=\"elementor-accordion-icon-closed\"><i class=\"fas fa-plus\"><\/i><\/span>\n\t\t\t\t\t\t\t\t<span class=\"elementor-accordion-icon-opened\"><i class=\"fas fa-minus\"><\/i><\/span>\n\t\t\t\t\t\t\t\t\t\t\t\t\t\t<\/span>\n\t\t\t\t\t\t\t\t\t\t\t\t<a class=\"elementor-accordion-title\" tabindex=\"0\">Objetivos dos projetos<\/a>\n\t\t\t\t\t<\/div>\n\t\t\t\t\t<div id=\"elementor-tab-content-2481\" class=\"elementor-tab-content elementor-clearfix\" data-tab=\"1\" role=\"region\" aria-labelledby=\"elementor-tab-title-2481\"><p><strong>Transi\u00e7\u00e3o ecol\u00f3gica:<\/strong><br \/>As medidas constantes nesta componente visam apoiar o investimento necess\u00e1rio \u00e0 transi\u00e7\u00e3o para uma economia neutra em carbono e circular, criando valor e prosseguindo os objetivos assumidos por Portugal.\u00a0Os projetos devem contribuir direta ou indiretamente para a transi\u00e7\u00e3o verde, para a valoriza\u00e7\u00e3o da biodiversidade e para a prote\u00e7\u00e3o do ambiente. Os projetos devem respeitar o princ\u00edpio do Do No Significant Harm (2021\/C58\/01) e contribuir para endere\u00e7ar os desafios do Pacto Ecol\u00f3gico Europeu, nomeadamente os objetivos nacionais em mat\u00e9ria de energia e clima, constantes do PNEC 2030 e do RNC 2050, e para o alcance da neutralidade carb\u00f3nica em 2050, assegurando uma transi\u00e7\u00e3o justa.<\/p><p><strong>Transforma\u00e7\u00e3o digital:<\/strong><br \/>As iniciativas inseridas nesta componente passam pela aposta em modelos ou solu\u00e7\u00f5es digitais, existentes ou emergentes, nomeadamente atrav\u00e9s de solu\u00e7\u00f5es inteligentes de apoio a medi\u00e7\u00e3o, monitoriza\u00e7\u00e3o, tratamento de dados para a gest\u00e3o e melhoria de processos, redu\u00e7\u00e3o de consumos e diminui\u00e7\u00e3o de emiss\u00f5es, aumentando a efici\u00eancia na utiliza\u00e7\u00e3o de recursos (mat\u00e9rias-primas, \u00e1gua, energia) promovendo a economia circular e consequente diminui\u00e7\u00e3o da pegada de carbono.<\/p><\/div>\n\t\t\t\t<\/div>\n\t\t\t\t\t\t\t<div class=\"elementor-accordion-item\">\n\t\t\t\t\t<div id=\"elementor-tab-title-2482\" class=\"elementor-tab-title\" data-tab=\"2\" role=\"button\" aria-controls=\"elementor-tab-content-2482\" aria-expanded=\"false\">\n\t\t\t\t\t\t\t\t\t\t\t\t\t<span class=\"elementor-accordion-icon elementor-accordion-icon-left\" aria-hidden=\"true\">\n\t\t\t\t\t\t\t\t\t\t\t\t\t\t\t<span class=\"elementor-accordion-icon-closed\"><i class=\"fas fa-plus\"><\/i><\/span>\n\t\t\t\t\t\t\t\t<span class=\"elementor-accordion-icon-opened\"><i class=\"fas fa-minus\"><\/i><\/span>\n\t\t\t\t\t\t\t\t\t\t\t\t\t\t<\/span>\n\t\t\t\t\t\t\t\t\t\t\t\t<a class=\"elementor-accordion-title\" tabindex=\"0\">Tipologia de projetos<\/a>\n\t\t\t\t\t<\/div>\n\t\t\t\t\t<div id=\"elementor-tab-content-2482\" class=\"elementor-tab-content elementor-clearfix\" data-tab=\"2\" role=\"region\" aria-labelledby=\"elementor-tab-title-2482\"><p>As tipologias de projetos pass\u00edveis de apresenta\u00e7\u00e3o de candidaturas, no \u00e2mbito do presente Aviso, s\u00e3o:<\/p><ul><li>a) Processos e tecnologias de baixo carbono na ind\u00fastria \u2013 Introdu\u00e7\u00e3o de novos processos produtos e modelos de neg\u00f3cio inovadores ou a altera\u00e7\u00e3o de processos visando a sua descarboniza\u00e7\u00e3o e digitaliza\u00e7\u00e3o, incluindo tecnologias e solu\u00e7\u00f5es limpas e inovadoras de baixo carbono que promovam o uso eficiente dos recursos e a sua circularidade, incluindo simbioses industriais, potenciando a sustentabilidade e a resili\u00eancia das cadeias de valor; a incorpora\u00e7\u00e3o de novas mat\u00e9rias primas, de combust\u00edveis derivados de res\u00edduos, incluindo biomassa e biog\u00e1s; do recurso a simbioses industriais e medidas de economia circular, incorporando inova\u00e7\u00e3o; a substitui\u00e7\u00e3o e\/ou adapta\u00e7\u00e3o de equipamentos e processos para novas tecnologias sustent\u00e1veis e vetores de energia renov\u00e1vel; destacam-se ainda medidas que visam a ado\u00e7\u00e3o de gases fluorados de P\u00e1gina 10 de 31 reduzido potencial de aquecimento global. \u00c9 ainda relevante um aumento da eletrifica\u00e7\u00e3o dos consumos finais de energia, designadamente atrav\u00e9s da eletrifica\u00e7\u00e3o dos consumos finais de energia na ind\u00fastria e do refor\u00e7o do acesso e da qualidade de servi\u00e7o, principalmente em zonas industriais;<\/li><li>b) Ado\u00e7\u00e3o de medidas de efici\u00eancia energ\u00e9tica na ind\u00fastria \u2013 Reduzir o consumo de energia e as emiss\u00f5es de gases com efeito de estufa, em paralelo com a ado\u00e7\u00e3o de sistemas de monitoriza\u00e7\u00e3o e gest\u00e3o de consumos que permitam gerir e otimizar os consumos de energia aproveitando o potencial da digitaliza\u00e7\u00e3o e a automa\u00e7\u00e3o;<\/li><li>c) Incorpora\u00e7\u00e3o de energia de fonte renov\u00e1vel e armazenamento de energia \u2013 Promo\u00e7\u00e3o da incorpora\u00e7\u00e3o de hidrog\u00e9nio e de outros gases renov\u00e1veis na ind\u00fastria, designadamente naquelas situa\u00e7\u00f5es em que as op\u00e7\u00f5es tecnol\u00f3gicas custo-eficazes para descarboniza\u00e7\u00e3o, nomeadamente atrav\u00e9s da eletrifica\u00e7\u00e3o, s\u00e3o mais limitadas.<\/li><\/ul><\/div>\n\t\t\t\t<\/div>\n\t\t\t\t\t\t\t<div class=\"elementor-accordion-item\">\n\t\t\t\t\t<div id=\"elementor-tab-title-2483\" class=\"elementor-tab-title\" data-tab=\"3\" role=\"button\" aria-controls=\"elementor-tab-content-2483\" aria-expanded=\"false\">\n\t\t\t\t\t\t\t\t\t\t\t\t\t<span class=\"elementor-accordion-icon elementor-accordion-icon-left\" aria-hidden=\"true\">\n\t\t\t\t\t\t\t\t\t\t\t\t\t\t\t<span class=\"elementor-accordion-icon-closed\"><i class=\"fas fa-plus\"><\/i><\/span>\n\t\t\t\t\t\t\t\t<span class=\"elementor-accordion-icon-opened\"><i class=\"fas fa-minus\"><\/i><\/span>\n\t\t\t\t\t\t\t\t\t\t\t\t\t\t<\/span>\n\t\t\t\t\t\t\t\t\t\t\t\t<a class=\"elementor-accordion-title\" tabindex=\"0\">Caracter\u00edsticas dos projetos eleg\u00edveis<\/a>\n\t\t\t\t\t<\/div>\n\t\t\t\t\t<div id=\"elementor-tab-content-2483\" class=\"elementor-tab-content elementor-clearfix\" data-tab=\"3\" role=\"region\" aria-labelledby=\"elementor-tab-title-2483\"><p><strong>Processos e tecnologias de baixo carbono<\/strong><\/p><ul><li>Substitui\u00e7\u00e3o de equipamentos que recorram a combust\u00edveis f\u00f3sseis por equipamentos el\u00e9tricos;<\/li><li>Melhoria da qualidade de servi\u00e7o no acesso a eletricidade;<\/li><li>Utiliza\u00e7\u00e3o de combust\u00edveis alternativos derivados de res\u00edduos n\u00e3o f\u00f3sseis;<\/li><li>Incorpora\u00e7\u00e3o de mat\u00e9rias-primas alternativas no processo de produ\u00e7\u00e3o, visando a redu\u00e7\u00e3o de emiss\u00f5es (subprodutos, reciclados, biomateriais);<\/li><li>Novos produtos de baixo carbono;<\/li><li>Simbioses industriais para a descarboniza\u00e7\u00e3o, quer a n\u00edvel tecnol\u00f3gico quer a n\u00edvel de sistema;<\/li><li>Substitui\u00e7\u00e3o de gases fluorados por gases fluorados de reduzido potencial de aquecimento global;<\/li><li>Digitaliza\u00e7\u00e3o dos processos de forma garantir a rastreabilidade dos produtos e potenciar a economia circular;<\/li><li>Promover a eco inova\u00e7\u00e3o potenciando cadeias de valor circulares geradoras de novos modelos de neg\u00f3cio e a simbiose industrial;<\/li><li>Introdu\u00e7\u00e3o de mat\u00e9rias-primas renov\u00e1veis e com baixa pegada de carbono;<\/li><li>Aposta em solu\u00e7\u00f5es digitais atrav\u00e9s de solu\u00e7\u00f5es inteligentes de apoio a medi\u00e7\u00e3o, monitoriza\u00e7\u00e3o, tratamento de dados para a gest\u00e3o e otimiza\u00e7\u00e3o de processos, consumos e redu\u00e7\u00e3o de emiss\u00f5es poluentes, aumentando a efici\u00eancia de utiliza\u00e7\u00e3o de recursos (mat\u00e9rias-primas, \u00e1gua, energia) e promovendo a sua circularidade.<\/li><\/ul><p><strong>Medidas de efici\u00eancia energ\u00e9tica<\/strong><\/p><ul><li>Otimiza\u00e7\u00e3o de motores, turbinas, sistemas de bombagem e sistemas de ventila\u00e7\u00e3o;<\/li><li>Otimiza\u00e7\u00e3o de sistemas de ar comprimido;<\/li><li>Substitui\u00e7\u00e3o e\/ ou altera\u00e7\u00e3o de fornos, caldeiras e injetores;<\/li><li>Recupera\u00e7\u00e3o de calor ou frio;<\/li><li>Aproveitamento de calor residual de ind\u00fastrias pr\u00f3ximas (em simbiose industrial);<\/li><li>Otimiza\u00e7\u00e3o da produ\u00e7\u00e3o de frio industrial;<\/li><li>Moderniza\u00e7\u00e3o tecnol\u00f3gica, integra\u00e7\u00e3o e otimiza\u00e7\u00e3o de processos;<\/li><li>Sistemas de gest\u00e3o, monitoriza\u00e7\u00e3o e controlo de energia.<\/li><\/ul><p><strong>Incorpora\u00e7\u00e3o de energia de fonte renov\u00e1vel e armazenamento de energia<\/strong><\/p><ul><li>Instala\u00e7\u00e3o de sistemas de produ\u00e7\u00e3o de energia el\u00e9trica a partir de fonte de energia renov\u00e1vel para autoconsumo;<\/li><li>Instala\u00e7\u00e3o de equipamentos para produ\u00e7\u00e3o de calor e\/ ou frio de origem renov\u00e1vel (incluindo bombas de calor);<\/li><li>Adapta\u00e7\u00e3o de equipamentos para uso de combust\u00edveis renov\u00e1veis;<\/li><li>Instala\u00e7\u00e3o de sistemas de cogera\u00e7\u00e3o de elevada efici\u00eancia baseados exclusivamente em fontes de energia renov\u00e1vel;<\/li><li>Sistemas de armazenamento de energia.<\/li><\/ul><\/div>\n\t\t\t\t<\/div>\n\t\t\t\t\t\t\t<div class=\"elementor-accordion-item\">\n\t\t\t\t\t<div id=\"elementor-tab-title-2484\" class=\"elementor-tab-title\" data-tab=\"4\" role=\"button\" aria-controls=\"elementor-tab-content-2484\" aria-expanded=\"false\">\n\t\t\t\t\t\t\t\t\t\t\t\t\t<span class=\"elementor-accordion-icon elementor-accordion-icon-left\" aria-hidden=\"true\">\n\t\t\t\t\t\t\t\t\t\t\t\t\t\t\t<span class=\"elementor-accordion-icon-closed\"><i class=\"fas fa-plus\"><\/i><\/span>\n\t\t\t\t\t\t\t\t<span class=\"elementor-accordion-icon-opened\"><i class=\"fas fa-minus\"><\/i><\/span>\n\t\t\t\t\t\t\t\t\t\t\t\t\t\t<\/span>\n\t\t\t\t\t\t\t\t\t\t\t\t<a class=\"elementor-accordion-title\" tabindex=\"0\">Benefici\u00e1rios Finais<\/a>\n\t\t\t\t\t<\/div>\n\t\t\t\t\t<div id=\"elementor-tab-content-2484\" class=\"elementor-tab-content elementor-clearfix\" data-tab=\"4\" role=\"region\" aria-labelledby=\"elementor-tab-title-2484\"><p>1. Os benefici\u00e1rios dos apoios previstos no presente Aviso de concurso s\u00e3o Empresas, de qualquer dimens\u00e3o ou forma jur\u00eddica, do setor da ind\u00fastria,\u00a0<strong>categorias B \u2013 Ind\u00fastrias extractivas e C \u2013 Ind\u00fastrias transformadoras<\/strong>, da Classifica\u00e7\u00e3o portuguesa das atividades econ\u00f3micas, revis\u00e3o 3, bem como as entidades gestoras de parques industriais cujos investimentos possam impactar a redu\u00e7\u00e3o de emiss\u00f5es de gases de efeito de estufa nas empresas do setor da ind\u00fastria instaladas nas \u00e1reas sob sua gest\u00e3o.<\/p><p>2. Podem candidatar-se a este Aviso cons\u00f3rcios, que traduzam simbioses industriais ao n\u00edvel dos investimentos propostos, devendo cada membro do cons\u00f3rcio cumprir as condi\u00e7\u00f5es mencionadas no ponto anterior.<\/p><\/div>\n\t\t\t\t<\/div>\n\t\t\t\t\t\t\t<div class=\"elementor-accordion-item\">\n\t\t\t\t\t<div id=\"elementor-tab-title-2485\" class=\"elementor-tab-title\" data-tab=\"5\" role=\"button\" aria-controls=\"elementor-tab-content-2485\" aria-expanded=\"false\">\n\t\t\t\t\t\t\t\t\t\t\t\t\t<span class=\"elementor-accordion-icon elementor-accordion-icon-left\" aria-hidden=\"true\">\n\t\t\t\t\t\t\t\t\t\t\t\t\t\t\t<span class=\"elementor-accordion-icon-closed\"><i class=\"fas fa-plus\"><\/i><\/span>\n\t\t\t\t\t\t\t\t<span class=\"elementor-accordion-icon-opened\"><i class=\"fas fa-minus\"><\/i><\/span>\n\t\t\t\t\t\t\t\t\t\t\t\t\t\t<\/span>\n\t\t\t\t\t\t\t\t\t\t\t\t<a class=\"elementor-accordion-title\" tabindex=\"0\">Despesas Eleg\u00edveis<\/a>\n\t\t\t\t\t<\/div>\n\t\t\t\t\t<div id=\"elementor-tab-content-2485\" class=\"elementor-tab-content elementor-clearfix\" data-tab=\"5\" role=\"region\" aria-labelledby=\"elementor-tab-title-2485\"><p>S\u00e3o eleg\u00edveis as despesas constantes do Anexo I ao presente aviso, em fun\u00e7\u00e3o da categoria de aux\u00edlio aplic\u00e1vel. Os apoios assumem a\u00a0<strong>forma de subs\u00eddios n\u00e3o reembols\u00e1veis<\/strong>\u00a0de acordo com tabela publicada no Aviso.<\/p><ul><li>Aux\u00edlios ao investimento que permitem \u00e0s empresas superar as normas da Uni\u00e3o em mat\u00e9ria de prote\u00e7\u00e3o do ambiente ou, na sua aus\u00eancia, aumentar o n\u00edvel de prote\u00e7\u00e3o do ambiente \u2013 40% (com majora\u00e7\u00f5es dependendo da dimens\u00e3o da empresa e localiza\u00e7\u00e3o do investimento);<\/li><li>Aux\u00edlios ao investimento para a adapta\u00e7\u00e3o antecipada a futuras normas da Uni\u00e3o \u2013 20% ou 15% pequenas empresas | 15% ou 10% m\u00e9dias empresas | 10% ou 5% grandes empresas (com majora\u00e7\u00f5es dependendo da localiza\u00e7\u00e3o do investimento);<\/li><li>Aux\u00edlios ao investimento a favor de medidas de efici\u00eancia energ\u00e9tica \u2013 30% (com majora\u00e7\u00f5es dependendo da dimens\u00e3o da empresa e localiza\u00e7\u00e3o do investimento);<\/li><li>Aux\u00edlios ao investimento a favor da cogera\u00e7\u00e3o de elevada efici\u00eancia \u2013 45% (com majora\u00e7\u00f5es dependendo da dimens\u00e3o da empresa e localiza\u00e7\u00e3o do investimento);<\/li><li>Aux\u00edlios ao investimento a favor da promo\u00e7\u00e3o da energia produzida a partir de fontes renov\u00e1veis \u2013 45% ou 30% dependendo do c\u00e1lculo dos custos eleg\u00edveis (com majora\u00e7\u00f5es dependendo da dimens\u00e3o da empresa e localiza\u00e7\u00e3o do investimento);<\/li><li>Aux\u00edlios ao investimento a favor da reabilita\u00e7\u00e3o de s\u00edtios contaminados \u2013 100%;<\/li><li>Aux\u00edlios a estudos ambientais \u2013 50% (com majora\u00e7\u00f5es dependendo da dimens\u00e3o da empresa)<\/li><li>Outros custos n\u00e3o financiados no \u00e2mbito das categorias de aux\u00edlios do RGIC anteriormente referidas \u2013 Limite m\u00e1ximo de 200 mil \u20ac durante 3 anos por empresa \u00fanica.<\/li><\/ul><\/div>\n\t\t\t\t<\/div>\n\t\t\t\t\t\t\t<div class=\"elementor-accordion-item\">\n\t\t\t\t\t<div id=\"elementor-tab-title-2486\" class=\"elementor-tab-title\" data-tab=\"6\" role=\"button\" aria-controls=\"elementor-tab-content-2486\" aria-expanded=\"false\">\n\t\t\t\t\t\t\t\t\t\t\t\t\t<span class=\"elementor-accordion-icon elementor-accordion-icon-left\" aria-hidden=\"true\">\n\t\t\t\t\t\t\t\t\t\t\t\t\t\t\t<span class=\"elementor-accordion-icon-closed\"><i class=\"fas fa-plus\"><\/i><\/span>\n\t\t\t\t\t\t\t\t<span class=\"elementor-accordion-icon-opened\"><i class=\"fas fa-minus\"><\/i><\/span>\n\t\t\t\t\t\t\t\t\t\t\t\t\t\t<\/span>\n\t\t\t\t\t\t\t\t\t\t\t\t<a class=\"elementor-accordion-title\" tabindex=\"0\">Condi\u00e7\u00f5es de acesso<\/a>\n\t\t\t\t\t<\/div>\n\t\t\t\t\t<div id=\"elementor-tab-content-2486\" class=\"elementor-tab-content elementor-clearfix\" data-tab=\"6\" role=\"region\" aria-labelledby=\"elementor-tab-title-2486\"><p>O benefici\u00e1rio dever\u00e1 assegurar o cumprimento dos seguintes crit\u00e9rios:<\/p><ul><li>a) Estar legalmente constitu\u00eddo;<\/li><li>b) Ter a situa\u00e7\u00e3o tribut\u00e1ria e contributiva regularizada perante, respetivamente, a administra\u00e7\u00e3o fiscal e a seguran\u00e7a social;<\/li><li>c) Ter a sua situa\u00e7\u00e3o regularizada em mat\u00e9ria de exerc\u00edcio de atividade no territ\u00f3rio abrangido pela tipologia das opera\u00e7\u00f5es e investimentos a que se candidata, incluindo o cumprimento da legisla\u00e7\u00e3o ambiental aplic\u00e1vel a n\u00edvel da UE e nacional. Caso aplic\u00e1vel, os projetos que necessitem de licenciamento industrial e\/ou ambiental apenas poder\u00e3o iniciar a implementa\u00e7\u00e3o do mesmo ap\u00f3s indica\u00e7\u00e3o da boa elegibilidade de todos os regimes abrangidos 1 Nos termos do Decreto-Lei n.\u00ba 232\/92 que Regula a instala\u00e7\u00e3o e gest\u00e3o de parques industriais P\u00e1gina 6 de 31 e respetiva aprova\u00e7\u00e3o da Entidade Coordenadora ser obtido o licenciamento ou as autoriza\u00e7\u00f5es necess\u00e1rias associadas ao projeto, designadamente as previstas no Regime de Emiss\u00f5es Industriais aplic\u00e1vel \u00e0 Preven\u00e7\u00e3o e Controlo Integrados da Polui\u00e7\u00e3o, nos termos do Decreto-Lei n.\u00ba 127\/2013, de 30 de agosto, que transp\u00f5e a Diretiva n.\u00ba 2010\/75\/UE, do Parlamento Europeu e do Conselho, de 24 de novembro de 2010;<\/li><li>d) Possuir, ou poder assegurar at\u00e9 \u00e0 aprova\u00e7\u00e3o da candidatura, os meios t\u00e9cnicos, f\u00edsicos e financeiros e os recursos humanos necess\u00e1rios ao desenvolvimento da opera\u00e7\u00e3o;<\/li><li>e) Demonstrar ter capacidade de financiamento da opera\u00e7\u00e3o;<\/li><li>f) Terem a situa\u00e7\u00e3o regularizada em mat\u00e9ria de reposi\u00e7\u00f5es, no \u00e2mbito de financiamentos dos FEEI;<\/li><li>g) Dispor de contabilidade organizada nos termos da legisla\u00e7\u00e3o aplic\u00e1vel;<\/li><li>h) Declarar e comprovar que n\u00e3o configura uma \u201cEmpresa em dificuldade\u201d, tal como definida pelas Orienta\u00e7\u00f5es relativas aos aux\u00edlios estatais de emerg\u00eancia e \u00e0 reestrutura\u00e7\u00e3o a empresas em dificuldade (Orienta\u00e7\u00f5es comunit\u00e1rias relativas aos aux\u00edlios estatais de emerg\u00eancia e \u00e0 reestrutura\u00e7\u00e3o a empresas em dificuldade, in JO C 244 de 01.10.2004, p. 2);<\/li><li>i) Declarar que n\u00e3o se trata de uma empresa sujeita a uma injun\u00e7\u00e3o de recupera\u00e7\u00e3o, ainda pendente, na sequ\u00eancia de uma decis\u00e3o anterior da Comiss\u00e3o Europeia que declara um aux\u00edlio ilegal e incompat\u00edvel com o mercado interno, conforme previsto;<\/li><li>j) Cumprir as regras aplic\u00e1veis aos aux\u00edlios de Estado;<\/li><li>k) N\u00e3o deter nem ter detido capital numa percentagem superior a 50 %, por si ou pelo seu c\u00f4njuge, n\u00e3o separado de pessoas e bens, ou pelos seus ascendentes e descendentes at\u00e9 ao 1.\u00ba grau, bem como por aquele que consigo viva em condi\u00e7\u00f5es an\u00e1logas \u00e0s dos c\u00f4njuges, em empresa que n\u00e3o tenha cumprido notifica\u00e7\u00e3o para devolu\u00e7\u00e3o de apoios no \u00e2mbito de uma opera\u00e7\u00e3o apoiada por fundos europeus;<\/li><li>l) N\u00e3o ter apresentado os mesmos investimentos em candidatura, no \u00e2mbito da qual ainda esteja a decorrer o processo de decis\u00e3o ou em que a decis\u00e3o sobre o pedido de financiamento tenha sido favor\u00e1vel, exceto nas situa\u00e7\u00f5es em que tenha sido apresentada desist\u00eancia.<\/li><\/ul><\/div>\n\t\t\t\t<\/div>\n\t\t\t\t\t\t\t\t<\/div>\n\t\t\t\t<\/div>\n\t\t\t\t<\/div>\n\t\t\t\t<div class=\"elementor-element elementor-element-7747dc6 elementor-widget elementor-widget-text-editor\" data-id=\"7747dc6\" data-element_type=\"widget\" data-widget_type=\"text-editor.default\">\n\t\t\t\t<div class=\"elementor-widget-container\">\n\t\t\t\t\t\t\t<p>Recordamos que foi recentemente lan\u00e7ada a abertura de candidaturas do\u00a0<a href=\"https:\/\/neomarca.pt\/pt\/noticias\/candidaturas-descarbonizacao-da-industria\/\" target=\"_blank\" rel=\"noopener\">apoio dirigido \u00e0s associa\u00e7\u00f5es para a elabora\u00e7\u00e3o de roteiros de descarboniza\u00e7\u00e3o da ind\u00fastria.<\/a><\/p><p>Informa\u00e7\u00e3o oficial:\u00a0<a href=\"https:\/\/www.iapmei.pt\/PRODUTOS-E-SERVICOS\/Incentivos-Financiamento\/Sistemas-de-Incentivos\/Plano-de-Recuperacao-e-Resiliencia\/Descarbonizacao-da-Industria.aspx\" target=\"_blank\" rel=\"noopener\">IAPMEI \u2013 Descarboniza\u00e7\u00e3o da Ind\u00fastria<\/a><\/p>\t\t\t\t\t\t<\/div>\n\t\t\t\t<\/div>\n\t\t\t\t<section class=\"elementor-section elementor-inner-section elementor-element elementor-element-cdbee7b elementor-section-boxed elementor-section-height-default elementor-section-height-default\" data-id=\"cdbee7b\" data-element_type=\"section\" data-settings=\"{&quot;background_background&quot;:&quot;classic&quot;}\">\n\t\t\t\t\t\t<div class=\"elementor-container elementor-column-gap-default\">\n\t\t\t\t\t<div class=\"elementor-column elementor-col-50 elementor-inner-column elementor-element elementor-element-2ad0b9d\" data-id=\"2ad0b9d\" data-element_type=\"column\">\n\t\t\t<div class=\"elementor-widget-wrap elementor-element-populated\">\n\t\t\t\t\t\t<div class=\"elementor-element elementor-element-87fb58c elementor-widget elementor-widget-heading\" data-id=\"87fb58c\" data-element_type=\"widget\" data-widget_type=\"heading.default\">\n\t\t\t\t<div class=\"elementor-widget-container\">\n\t\t\t<h5 class=\"elementor-heading-title elementor-size-default\">Descarboniza\u00e7\u00e3o e Digitaliza\u00e7\u00e3o<\/h5>\t\t<\/div>\n\t\t\t\t<\/div>\n\t\t\t\t<div class=\"elementor-element elementor-element-3369a33 elementor-widget elementor-widget-text-editor\" data-id=\"3369a33\" data-element_type=\"widget\" data-widget_type=\"text-editor.default\">\n\t\t\t\t<div class=\"elementor-widget-container\">\n\t\t\t\t\t\t\t<p><strong>Apoios para a Ind\u00fastria<\/strong><\/p><p>A nossa equipa est\u00e1 preparada para ajudar a sua ind\u00fastria na \u00e1rea da descarboniza\u00e7\u00e3o e digitaliza\u00e7\u00e3o. Contacte-nos para agendarmos uma reuni\u00e3o.<\/p>\t\t\t\t\t\t<\/div>\n\t\t\t\t<\/div>\n\t\t\t\t\t<\/div>\n\t\t<\/div>\n\t\t\t\t<div class=\"elementor-column elementor-col-50 elementor-inner-column elementor-element elementor-element-9bbc1a5\" data-id=\"9bbc1a5\" data-element_type=\"column\">\n\t\t\t<div class=\"elementor-widget-wrap elementor-element-populated\">\n\t\t\t\t\t\t<div class=\"elementor-element elementor-element-fa198aa elementor-align-right elementor-mobile-align-left elementor-widget elementor-widget-button\" data-id=\"fa198aa\" data-element_type=\"widget\" data-widget_type=\"button.default\">\n\t\t\t\t<div class=\"elementor-widget-container\">\n\t\t\t\t\t<div class=\"elementor-button-wrapper\">\n\t\t\t<a class=\"elementor-button elementor-button-link elementor-size-md\" href=\"mailto:info@neomarca.eu\">\n\t\t\t\t\t\t<span class=\"elementor-button-content-wrapper\">\n\t\t\t\t\t\t<span class=\"elementor-button-text\">Agendar Reuni\u00e3o<\/span>\n\t\t<\/span>\n\t\t\t\t\t<\/a>\n\t\t<\/div>\n\t\t\t\t<\/div>\n\t\t\t\t<\/div>\n\t\t\t\t\t<\/div>\n\t\t<\/div>\n\t\t\t\t\t<\/div>\n\t\t<\/section>\n\t\t\t\t\t<\/div>\n\t\t<\/div>\n\t\t\t\t\t<\/div>\n\t\t<\/section>\n\t\t\t\t<\/div>\n\t\t","protected":false},"excerpt":{"rendered":"<p>Candidaturas abertas ao Sistema de Incentivos TC-C11-i01 \u2013 Descarboniza\u00e7\u00e3o da Ind\u00fastria, at\u00e9 29 de julho (NOVA DATA!). Este apoio destina-se a empresas do setor da ind\u00fastria. A\u00a0Componente 11 \u2013\u00a0Descarboniza\u00e7\u00e3o da Ind\u00fastria, integrada na Dimens\u00e3o Transi\u00e7\u00e3o Clim\u00e1tica (PRR), visa alavancar a descarboniza\u00e7\u00e3o do setor industrial e empresarial e promover uma mudan\u00e7a de paradigma na utiliza\u00e7\u00e3o dos&hellip;<\/p>\n","protected":false},"author":5,"featured_media":6338,"comment_status":"closed","ping_status":"closed","sticky":false,"template":"","format":"standard","meta":{"_monsterinsights_skip_tracking":false,"_monsterinsights_sitenote_active":false,"_monsterinsights_sitenote_note":"","_monsterinsights_sitenote_category":0,"footnotes":""},"categories":[238],"tags":[361,282,349],"class_list":["post-6499","post","type-post","status-publish","format-standard","has-post-thumbnail","hentry","category-noticias","tag-associacoes","tag-empresas","tag-prr"],"acf":[],"_links":{"self":[{"href":"https:\/\/neomarca.pt\/pt\/wp-json\/wp\/v2\/posts\/6499","targetHints":{"allow":["GET"]}}],"collection":[{"href":"https:\/\/neomarca.pt\/pt\/wp-json\/wp\/v2\/posts"}],"about":[{"href":"https:\/\/neomarca.pt\/pt\/wp-json\/wp\/v2\/types\/post"}],"author":[{"embeddable":true,"href":"https:\/\/neomarca.pt\/pt\/wp-json\/wp\/v2\/users\/5"}],"replies":[{"embeddable":true,"href":"https:\/\/neomarca.pt\/pt\/wp-json\/wp\/v2\/comments?post=6499"}],"version-history":[{"count":0,"href":"https:\/\/neomarca.pt\/pt\/wp-json\/wp\/v2\/posts\/6499\/revisions"}],"wp:featuredmedia":[{"embeddable":true,"href":"https:\/\/neomarca.pt\/pt\/wp-json\/wp\/v2\/media\/6338"}],"wp:attachment":[{"href":"https:\/\/neomarca.pt\/pt\/wp-json\/wp\/v2\/media?parent=6499"}],"wp:term":[{"taxonomy":"category","embeddable":true,"href":"https:\/\/neomarca.pt\/pt\/wp-json\/wp\/v2\/categories?post=6499"},{"taxonomy":"post_tag","embeddable":true,"href":"https:\/\/neomarca.pt\/pt\/wp-json\/wp\/v2\/tags?post=6499"}],"curies":[{"name":"wp","href":"https:\/\/api.w.org\/{rel}","templated":true}]}}