{"id":6867,"date":"2022-05-20T09:51:36","date_gmt":"2022-05-20T08:51:36","guid":{"rendered":"https:\/\/neomarca.pt\/staging2\/pt\/?p=6867"},"modified":"2023-10-26T11:04:15","modified_gmt":"2023-10-26T10:04:15","slug":"pt2030-governo-preve-abertura-de-concursos-a-partir-de-junho","status":"publish","type":"post","link":"https:\/\/neomarca.pt\/pt\/noticias\/pt2030-governo-preve-abertura-de-concursos-a-partir-de-junho\/","title":{"rendered":"PT2030: Governo prev\u00ea abertura de concursos a partir de Junho"},"content":{"rendered":"\t\t<div data-elementor-type=\"wp-post\" data-elementor-id=\"6867\" class=\"elementor elementor-6867\" data-elementor-post-type=\"post\">\n\t\t\t\t\t\t<section class=\"elementor-section elementor-top-section elementor-element elementor-element-5bd947d2 elementor-section-boxed elementor-section-height-default elementor-section-height-default\" data-id=\"5bd947d2\" data-element_type=\"section\">\n\t\t\t\t\t\t<div class=\"elementor-container elementor-column-gap-default\">\n\t\t\t\t\t<div class=\"elementor-column elementor-col-100 elementor-top-column elementor-element elementor-element-7355fbe\" data-id=\"7355fbe\" data-element_type=\"column\">\n\t\t\t<div class=\"elementor-widget-wrap elementor-element-populated\">\n\t\t\t\t\t\t<div class=\"elementor-element elementor-element-2d4057fc elementor-widget elementor-widget-text-editor\" data-id=\"2d4057fc\" data-element_type=\"widget\" data-widget_type=\"text-editor.default\">\n\t\t\t\t<div class=\"elementor-widget-container\">\n\t\t\t\t\t\t\t<h3>O Governo espera lan\u00e7ar os primeiros concursos do PT2030 a partir de junho mas aguarda pela aprova\u00e7\u00e3o da Comiss\u00e3o Europeia ao Acordo de Parceria apresentado.<\/h3><p>Os primeiros concursos a serem lan\u00e7ados no \u00e2mbito do Portugal 2030 servir\u00e3o de manifesta\u00e7\u00e3o de interesse de investimento, por parte das empresas, tal como j\u00e1 aconteceu no anterior quadro europeu.<\/p><p>Numa entrevista ao jornal ECO, a Ministra da Coes\u00e3o Territorial, refere que \u201cAs empresas j\u00e1 sabem que,<strong>\u00a0em princ\u00edpio, as \u00e1reas priorit\u00e1rias s\u00e3o a descarboniza\u00e7\u00e3o, a efici\u00eancia energ\u00e9tica, a digitaliza\u00e7\u00e3o, apoio \u00e0s economias locais, \u00e0s cadeias de valor locais ao turismo<\/strong>, tudo o que sejam\u00a0<strong>projetos inovadores<\/strong>. Teremos de ser muito seletivos mesmo na realiza\u00e7\u00e3o dos pr\u00f3prios avisos e, por isso, esses avisos que fa\u00e7amos de aux\u00edlios de Estado s\u00e3o muito importantes para as empresas come\u00e7arem a preparar as suas candidaturas\u201d, detalhou.<\/p><h4>O programa Portugal 2030 que conta com uma dota\u00e7\u00e3o de 22.995 milh\u00f5es de euros para 2021 e 2027 vai ter os maiores Programas Operacionais (PO) na Demografia e Inclus\u00e3o, e na Inova\u00e7\u00e3o e Transi\u00e7\u00e3o Digital, com 5,6 mil milh\u00f5es e 3,9 mil milh\u00f5es de euros, respetivamente.<\/h4><p>O PT2030 materializa o Acordo de Parceria a estabelecer entre Portugal e a Comiss\u00e3o Europeia, fixando os grandes objetivos estrat\u00e9gicos para a aplica\u00e7\u00e3o, entre 2021 e 2027, do montante global de 24.182 M\u20ac.<\/p><p>O Portugal 2030 j\u00e1 tem v\u00e1rias agendas e objetivos definidos que poder\u00e1 consultar\u00a0<a href=\"https:\/\/neomarca.pt\/staging2\/pt\/portugal-2030\/\" target=\"_blank\" rel=\"noopener\">aqui<\/a>\u00a0para informa\u00e7\u00f5es mais detalhadas sobre o programa.<\/p><p>\u00a0<\/p>\t\t\t\t\t\t<\/div>\n\t\t\t\t<\/div>\n\t\t\t\t<section class=\"elementor-section elementor-inner-section elementor-element elementor-element-5cac9cc elementor-section-boxed elementor-section-height-default elementor-section-height-default\" data-id=\"5cac9cc\" data-element_type=\"section\" data-settings=\"{&quot;background_background&quot;:&quot;classic&quot;}\">\n\t\t\t\t\t\t<div class=\"elementor-container elementor-column-gap-default\">\n\t\t\t\t\t<div class=\"elementor-column elementor-col-50 elementor-inner-column elementor-element elementor-element-e64ea64\" data-id=\"e64ea64\" data-element_type=\"column\">\n\t\t\t<div class=\"elementor-widget-wrap elementor-element-populated\">\n\t\t\t\t\t\t<div class=\"elementor-element elementor-element-4cc4c7e elementor-widget elementor-widget-heading\" data-id=\"4cc4c7e\" data-element_type=\"widget\" data-widget_type=\"heading.default\">\n\t\t\t\t<div class=\"elementor-widget-container\">\n\t\t\t<h5 class=\"elementor-heading-title elementor-size-default\">Portugal 2030<\/h5>\t\t<\/div>\n\t\t\t\t<\/div>\n\t\t\t\t<div class=\"elementor-element elementor-element-e8d0128 elementor-widget elementor-widget-text-editor\" data-id=\"e8d0128\" data-element_type=\"widget\" data-widget_type=\"text-editor.default\">\n\t\t\t\t<div class=\"elementor-widget-container\">\n\t\t\t\t\t\t\t<p><strong>Comece a planear o seu projeto de investimento!<\/strong><\/p><p>Pretende realizar um projeto de investimento para a sua empresa e candidatar-se a financiamentos? Contacte a nossa equipa para ajudar a planear o seu projeto.<\/p>\t\t\t\t\t\t<\/div>\n\t\t\t\t<\/div>\n\t\t\t\t\t<\/div>\n\t\t<\/div>\n\t\t\t\t<div class=\"elementor-column elementor-col-50 elementor-inner-column elementor-element elementor-element-1d0fd57\" data-id=\"1d0fd57\" data-element_type=\"column\">\n\t\t\t<div class=\"elementor-widget-wrap elementor-element-populated\">\n\t\t\t\t\t\t<div class=\"elementor-element elementor-element-c2a2746 elementor-align-right elementor-mobile-align-left elementor-widget elementor-widget-button\" data-id=\"c2a2746\" data-element_type=\"widget\" data-widget_type=\"button.default\">\n\t\t\t\t<div class=\"elementor-widget-container\">\n\t\t\t\t\t<div class=\"elementor-button-wrapper\">\n\t\t\t<a class=\"elementor-button elementor-button-link elementor-size-md\" href=\"mailto:info@neomarca.eu\">\n\t\t\t\t\t\t<span class=\"elementor-button-content-wrapper\">\n\t\t\t\t\t\t<span class=\"elementor-button-text\">Agendar Reuni\u00e3o<\/span>\n\t\t<\/span>\n\t\t\t\t\t<\/a>\n\t\t<\/div>\n\t\t\t\t<\/div>\n\t\t\t\t<\/div>\n\t\t\t\t\t<\/div>\n\t\t<\/div>\n\t\t\t\t\t<\/div>\n\t\t<\/section>\n\t\t\t\t\t<\/div>\n\t\t<\/div>\n\t\t\t\t\t<\/div>\n\t\t<\/section>\n\t\t\t\t<\/div>\n\t\t","protected":false},"excerpt":{"rendered":"<p>O Governo espera lan\u00e7ar os primeiros concursos do PT2030 a partir de junho mas aguarda pela aprova\u00e7\u00e3o da Comiss\u00e3o Europeia ao Acordo de Parceria apresentado. Os primeiros concursos a serem lan\u00e7ados no \u00e2mbito do Portugal 2030 servir\u00e3o de manifesta\u00e7\u00e3o de interesse de investimento, por parte das empresas, tal como j\u00e1 aconteceu no anterior quadro europeu.&hellip;<\/p>\n","protected":false},"author":3,"featured_media":6873,"comment_status":"closed","ping_status":"closed","sticky":false,"template":"","format":"standard","meta":{"_monsterinsights_skip_tracking":false,"_monsterinsights_sitenote_active":false,"_monsterinsights_sitenote_note":"","_monsterinsights_sitenote_category":0,"footnotes":""},"categories":[238],"tags":[254,282],"class_list":["post-6867","post","type-post","status-publish","format-standard","has-post-thumbnail","hentry","category-noticias","tag-apoio-ao-financiamento","tag-empresas"],"acf":[],"_links":{"self":[{"href":"https:\/\/neomarca.pt\/pt\/wp-json\/wp\/v2\/posts\/6867","targetHints":{"allow":["GET"]}}],"collection":[{"href":"https:\/\/neomarca.pt\/pt\/wp-json\/wp\/v2\/posts"}],"about":[{"href":"https:\/\/neomarca.pt\/pt\/wp-json\/wp\/v2\/types\/post"}],"author":[{"embeddable":true,"href":"https:\/\/neomarca.pt\/pt\/wp-json\/wp\/v2\/users\/3"}],"replies":[{"embeddable":true,"href":"https:\/\/neomarca.pt\/pt\/wp-json\/wp\/v2\/comments?post=6867"}],"version-history":[{"count":0,"href":"https:\/\/neomarca.pt\/pt\/wp-json\/wp\/v2\/posts\/6867\/revisions"}],"wp:featuredmedia":[{"embeddable":true,"href":"https:\/\/neomarca.pt\/pt\/wp-json\/wp\/v2\/media\/6873"}],"wp:attachment":[{"href":"https:\/\/neomarca.pt\/pt\/wp-json\/wp\/v2\/media?parent=6867"}],"wp:term":[{"taxonomy":"category","embeddable":true,"href":"https:\/\/neomarca.pt\/pt\/wp-json\/wp\/v2\/categories?post=6867"},{"taxonomy":"post_tag","embeddable":true,"href":"https:\/\/neomarca.pt\/pt\/wp-json\/wp\/v2\/tags?post=6867"}],"curies":[{"name":"wp","href":"https:\/\/api.w.org\/{rel}","templated":true}]}}