{"id":6895,"date":"2022-05-29T10:24:21","date_gmt":"2022-05-29T09:24:21","guid":{"rendered":"https:\/\/neomarca.pt\/staging2\/pt\/?p=6895"},"modified":"2023-11-14T15:24:47","modified_gmt":"2023-11-14T14:24:47","slug":"pt2020-pedido-de-registo-de-auxilio-aberto-para-si-id-empresas","status":"publish","type":"post","link":"https:\/\/neomarca.pt\/pt\/noticias\/pt2020-pedido-de-registo-de-auxilio-aberto-para-si-id-empresas\/","title":{"rendered":"PT2020: Pedido de Registo de Aux\u00edlio aberto para SI I&#038;D Empresas"},"content":{"rendered":"\t\t<div data-elementor-type=\"wp-post\" data-elementor-id=\"6895\" class=\"elementor elementor-6895\" data-elementor-post-type=\"post\">\n\t\t\t\t\t\t<section class=\"elementor-section elementor-top-section elementor-element elementor-element-3359b30c elementor-section-boxed elementor-section-height-default elementor-section-height-default\" data-id=\"3359b30c\" data-element_type=\"section\">\n\t\t\t\t\t\t<div class=\"elementor-container elementor-column-gap-default\">\n\t\t\t\t\t<div class=\"elementor-column elementor-col-100 elementor-top-column elementor-element elementor-element-5dd61c85\" data-id=\"5dd61c85\" data-element_type=\"column\">\n\t\t\t<div class=\"elementor-widget-wrap elementor-element-populated\">\n\t\t\t\t\t\t<div class=\"elementor-element elementor-element-30f93c3c elementor-widget elementor-widget-text-editor\" data-id=\"30f93c3c\" data-element_type=\"widget\" data-widget_type=\"text-editor.default\">\n\t\t\t\t<div class=\"elementor-widget-container\">\n\t\t\t\t\t\t\t<h3>Encontram-se abertos os Registo de Aux\u00edlio para projetos de investimento para Investiga\u00e7\u00e3o &amp; Desenvolvimento &#8211; empresas.<\/h3><p>O\u00a0<strong>SI I&amp;D Empresas<\/strong>\u00a0tem como objetivos aumentar a intensidade de I&amp;I nas empresas e a sua valoriza\u00e7\u00e3o econ\u00f3mica; aumentar os projetos e atividades em coopera\u00e7\u00e3o das empresas com as restantes entidades do sistema de I&amp;I; desenvolver novos produtos e servi\u00e7os, em especial em atividades de maior intensidade tecnol\u00f3gica e de conhecimento; refor\u00e7ar as a\u00e7\u00f5es de valoriza\u00e7\u00e3o econ\u00f3mica dos projetos de I&amp;D com sucesso; e aumentar a participa\u00e7\u00e3o nacional nos programas e iniciativas internacionais de I&amp;I.<\/p><p>Esta medida pretende apoiar projetos compreendendo atividades de investiga\u00e7\u00e3o industrial e desenvolvimento experimental, conducentes \u00e0 cria\u00e7\u00e3o de novos produtos, processos ou sistemas ou \u00e0 introdu\u00e7\u00e3o de melhorias significativas em produtos, processos ou sistemas exigentes.<\/p><p><strong>Benefici\u00e1rios:<\/strong> empresas de qualquer natureza e sob qualquer forma jur\u00eddica.<\/p><p><strong>Incentivo:\u00a0<\/strong>Incentivo N\u00e3o Reembols\u00e1vel (INR) at\u00e9 1M\u20ac por benefici\u00e1rio (a partir de 1M\u20ac: 75% N\u00e3o Reembols\u00e1vel e 25% Reembols\u00e1vel)<\/p><p><strong>Taxa base 25%<\/strong> at\u00e9 (Limite ESB):<br \/>&#8211;\u00a0<strong>Projetos de Investiga\u00e7\u00e3o Industrial:<\/strong>\u00a080%<br \/>&#8211;\u00a0<strong>Projetos de Desenvolvimento Experimental:<\/strong>\u00a060%<\/p><p><strong>Limites:<\/strong><br \/><strong>a<\/strong>. Empresas cujos investimentos estejam localizados na regi\u00e3o NUTS II Lisboa &#8211; a taxa m\u00e1xima de incentivo a atribuir aos projetos, de acordo com o definido para o POR Lisboa \u00e9 de 40%;<br \/><strong>b. <\/strong>Empresas cujos investimentos estejam localizados na regi\u00e3o NUTS II Algarve &#8211; a taxa m\u00e1xima de incentivo a atribuir aos projetos, de acordo com o definido para o POR Algarve \u00e9 de 62%.<\/p><p><strong>Condi\u00e7\u00f5es de reembolso<\/strong>: Presta\u00e7\u00f5es semestrais, 7 anos com 3 anos de car\u00eancia (sem juros)<\/p><p>O benefici\u00e1rio, l\u00edder, no caso de projetos colaborativos, receber\u00e1 um comprovante digital do pedido de aux\u00edlio registado, sendo este entendido como uma declara\u00e7\u00e3o a ser confirmada pelas Autoridades de Gest\u00e3o em sede de futura candidatura no \u00e2mbito do SI I&amp;DT, n\u00e3o vinculando qualquer decis\u00e3o de concess\u00e3o de apoio.<\/p><p>As candidaturas aos\u00a0<span class=\"TextFont\">Sistema de Incentivos \u00e0 Investiga\u00e7\u00e3o e Desenvolvimento Tecnol\u00f3gico Empresas ser\u00e1 ainda ao abrigo do Portugal 2020.<\/span><\/p>\t\t\t\t\t\t<\/div>\n\t\t\t\t<\/div>\n\t\t\t\t<section class=\"elementor-section elementor-inner-section elementor-element elementor-element-5f81243 elementor-section-boxed elementor-section-height-default elementor-section-height-default\" data-id=\"5f81243\" data-element_type=\"section\" data-settings=\"{&quot;background_background&quot;:&quot;classic&quot;}\">\n\t\t\t\t\t\t<div class=\"elementor-container elementor-column-gap-default\">\n\t\t\t\t\t<div class=\"elementor-column elementor-col-50 elementor-inner-column elementor-element elementor-element-94d0112\" data-id=\"94d0112\" data-element_type=\"column\">\n\t\t\t<div class=\"elementor-widget-wrap elementor-element-populated\">\n\t\t\t\t\t\t<div class=\"elementor-element elementor-element-9b3fa99 elementor-view-default elementor-widget elementor-widget-icon\" data-id=\"9b3fa99\" data-element_type=\"widget\" data-widget_type=\"icon.default\">\n\t\t\t\t<div class=\"elementor-widget-container\">\n\t\t\t\t\t<div class=\"elementor-icon-wrapper\">\n\t\t\t<div class=\"elementor-icon\">\n\t\t\t<i aria-hidden=\"true\" class=\"fas fa-exclamation-circle\"><\/i>\t\t\t<\/div>\n\t\t<\/div>\n\t\t\t\t<\/div>\n\t\t\t\t<\/div>\n\t\t\t\t\t<\/div>\n\t\t<\/div>\n\t\t\t\t<div class=\"elementor-column elementor-col-50 elementor-inner-column elementor-element elementor-element-eb761ce\" data-id=\"eb761ce\" data-element_type=\"column\">\n\t\t\t<div class=\"elementor-widget-wrap elementor-element-populated\">\n\t\t\t\t\t\t<div class=\"elementor-element elementor-element-1327efc elementor-widget elementor-widget-text-editor\" data-id=\"1327efc\" data-element_type=\"widget\" data-widget_type=\"text-editor.default\">\n\t\t\t\t<div class=\"elementor-widget-container\">\n\t\t\t\t\t\t\t<p>O registo do pedido de aux\u00edlio pode ser utilizado por empresas para efeitos de<strong>\u00a0defini\u00e7\u00e3o de in\u00edcio do projeto<\/strong>, em processos de candidatura no \u00e2mbito dos concursos a lan\u00e7ar, considerando-se assim cumprida a condi\u00e7\u00e3o de que os projetos devem ter data de candidatura, ou registo de pedido de aux\u00edlio, anterior \u00e0 data de in\u00edcio dos trabalhos.<\/p>\t\t\t\t\t\t<\/div>\n\t\t\t\t<\/div>\n\t\t\t\t\t<\/div>\n\t\t<\/div>\n\t\t\t\t\t<\/div>\n\t\t<\/section>\n\t\t\t\t\t<\/div>\n\t\t<\/div>\n\t\t\t\t\t<\/div>\n\t\t<\/section>\n\t\t\t\t<section class=\"elementor-section elementor-top-section elementor-element elementor-element-675f485 elementor-section-boxed elementor-section-height-default elementor-section-height-default\" data-id=\"675f485\" data-element_type=\"section\">\n\t\t\t\t\t\t<div class=\"elementor-container elementor-column-gap-default\">\n\t\t\t\t\t<div class=\"elementor-column elementor-col-100 elementor-top-column elementor-element elementor-element-b38f48f\" data-id=\"b38f48f\" data-element_type=\"column\">\n\t\t\t<div class=\"elementor-widget-wrap elementor-element-populated\">\n\t\t\t\t\t\t<section class=\"elementor-section elementor-inner-section elementor-element elementor-element-c0946d5 elementor-section-boxed elementor-section-height-default elementor-section-height-default\" data-id=\"c0946d5\" data-element_type=\"section\" data-settings=\"{&quot;background_background&quot;:&quot;classic&quot;}\">\n\t\t\t\t\t\t<div class=\"elementor-container elementor-column-gap-default\">\n\t\t\t\t\t<div class=\"elementor-column elementor-col-50 elementor-inner-column elementor-element elementor-element-a66ba11\" data-id=\"a66ba11\" data-element_type=\"column\">\n\t\t\t<div class=\"elementor-widget-wrap elementor-element-populated\">\n\t\t\t\t\t\t<div class=\"elementor-element elementor-element-05dcd4c elementor-widget elementor-widget-heading\" data-id=\"05dcd4c\" data-element_type=\"widget\" data-widget_type=\"heading.default\">\n\t\t\t\t<div class=\"elementor-widget-container\">\n\t\t\t<h5 class=\"elementor-heading-title elementor-size-default\">Pretende preparar o seu projeto de I&D?<\/h5>\t\t<\/div>\n\t\t\t\t<\/div>\n\t\t\t\t<div class=\"elementor-element elementor-element-bb7c3c3 elementor-widget elementor-widget-text-editor\" data-id=\"bb7c3c3\" data-element_type=\"widget\" data-widget_type=\"text-editor.default\">\n\t\t\t\t<div class=\"elementor-widget-container\">\n\t\t\t\t\t\t\t<p>Contacte a nossa equipa para avaliar a viabilidade do seu projeto de investimento e aferir o financiamento mais adequado.<\/p>\t\t\t\t\t\t<\/div>\n\t\t\t\t<\/div>\n\t\t\t\t\t<\/div>\n\t\t<\/div>\n\t\t\t\t<div class=\"elementor-column elementor-col-50 elementor-inner-column elementor-element elementor-element-67b321b\" data-id=\"67b321b\" data-element_type=\"column\">\n\t\t\t<div class=\"elementor-widget-wrap elementor-element-populated\">\n\t\t\t\t\t\t<div class=\"elementor-element elementor-element-822026b elementor-align-right elementor-mobile-align-left elementor-widget elementor-widget-button\" data-id=\"822026b\" data-element_type=\"widget\" data-widget_type=\"button.default\">\n\t\t\t\t<div class=\"elementor-widget-container\">\n\t\t\t\t\t<div class=\"elementor-button-wrapper\">\n\t\t\t<a class=\"elementor-button elementor-button-link elementor-size-md\" href=\"mailto:info@neomarca.eu\">\n\t\t\t\t\t\t<span class=\"elementor-button-content-wrapper\">\n\t\t\t\t\t\t<span class=\"elementor-button-text\">Agendar Reuni\u00e3o<\/span>\n\t\t<\/span>\n\t\t\t\t\t<\/a>\n\t\t<\/div>\n\t\t\t\t<\/div>\n\t\t\t\t<\/div>\n\t\t\t\t\t<\/div>\n\t\t<\/div>\n\t\t\t\t\t<\/div>\n\t\t<\/section>\n\t\t\t\t\t<\/div>\n\t\t<\/div>\n\t\t\t\t\t<\/div>\n\t\t<\/section>\n\t\t\t\t<\/div>\n\t\t","protected":false},"excerpt":{"rendered":"<p>Encontram-se abertos os Registo de Aux\u00edlio para projetos de investimento para Investiga\u00e7\u00e3o &amp; Desenvolvimento &#8211; empresas. O\u00a0SI I&amp;D Empresas\u00a0tem como objetivos aumentar a intensidade de I&amp;I nas empresas e a sua valoriza\u00e7\u00e3o econ\u00f3mica; aumentar os projetos e atividades em coopera\u00e7\u00e3o das empresas com as restantes entidades do sistema de I&amp;I; desenvolver novos produtos e servi\u00e7os,&hellip;<\/p>\n","protected":false},"author":3,"featured_media":6896,"comment_status":"closed","ping_status":"closed","sticky":false,"template":"","format":"standard","meta":{"_monsterinsights_skip_tracking":false,"_monsterinsights_sitenote_active":false,"_monsterinsights_sitenote_note":"","_monsterinsights_sitenote_category":0,"footnotes":""},"categories":[238],"tags":[112,282,272],"class_list":["post-6895","post","type-post","status-publish","format-standard","has-post-thumbnail","hentry","category-noticias","tag-apoio-investimento","tag-empresas","tag-portugal-2020"],"acf":[],"_links":{"self":[{"href":"https:\/\/neomarca.pt\/pt\/wp-json\/wp\/v2\/posts\/6895","targetHints":{"allow":["GET"]}}],"collection":[{"href":"https:\/\/neomarca.pt\/pt\/wp-json\/wp\/v2\/posts"}],"about":[{"href":"https:\/\/neomarca.pt\/pt\/wp-json\/wp\/v2\/types\/post"}],"author":[{"embeddable":true,"href":"https:\/\/neomarca.pt\/pt\/wp-json\/wp\/v2\/users\/3"}],"replies":[{"embeddable":true,"href":"https:\/\/neomarca.pt\/pt\/wp-json\/wp\/v2\/comments?post=6895"}],"version-history":[{"count":1,"href":"https:\/\/neomarca.pt\/pt\/wp-json\/wp\/v2\/posts\/6895\/revisions"}],"predecessor-version":[{"id":15206,"href":"https:\/\/neomarca.pt\/pt\/wp-json\/wp\/v2\/posts\/6895\/revisions\/15206"}],"wp:featuredmedia":[{"embeddable":true,"href":"https:\/\/neomarca.pt\/pt\/wp-json\/wp\/v2\/media\/6896"}],"wp:attachment":[{"href":"https:\/\/neomarca.pt\/pt\/wp-json\/wp\/v2\/media?parent=6895"}],"wp:term":[{"taxonomy":"category","embeddable":true,"href":"https:\/\/neomarca.pt\/pt\/wp-json\/wp\/v2\/categories?post=6895"},{"taxonomy":"post_tag","embeddable":true,"href":"https:\/\/neomarca.pt\/pt\/wp-json\/wp\/v2\/tags?post=6895"}],"curies":[{"name":"wp","href":"https:\/\/api.w.org\/{rel}","templated":true}]}}