{"id":6958,"date":"2022-10-24T18:20:40","date_gmt":"2022-10-24T17:20:40","guid":{"rendered":"https:\/\/neomarca.pt\/staging2\/pt\/?p=6958"},"modified":"2023-10-26T08:58:53","modified_gmt":"2023-10-26T07:58:53","slug":"pt2030-aviso-no-04-si-2022-projetos-conjuntos-de-internacionalizacao-candidaturas-abertas","status":"publish","type":"post","link":"https:\/\/neomarca.pt\/pt\/noticias\/pt2030-aviso-no-04-si-2022-projetos-conjuntos-de-internacionalizacao-candidaturas-abertas\/","title":{"rendered":"PT2030: Aviso n\u00ba 04\/SI\/2022 \u2013 Projetos Conjuntos de Internacionaliza\u00e7\u00e3o &#8211; candidaturas abertas"},"content":{"rendered":"\t\t<div data-elementor-type=\"wp-post\" data-elementor-id=\"6958\" class=\"elementor elementor-6958\" data-elementor-post-type=\"post\">\n\t\t\t\t\t\t<section class=\"elementor-section elementor-top-section elementor-element elementor-element-2d04e4f5 elementor-section-boxed elementor-section-height-default elementor-section-height-default\" data-id=\"2d04e4f5\" data-element_type=\"section\">\n\t\t\t\t\t\t<div class=\"elementor-container elementor-column-gap-default\">\n\t\t\t\t\t<div class=\"elementor-column elementor-col-100 elementor-top-column elementor-element elementor-element-319b3750\" data-id=\"319b3750\" data-element_type=\"column\">\n\t\t\t<div class=\"elementor-widget-wrap elementor-element-populated\">\n\t\t\t\t\t\t<div class=\"elementor-element elementor-element-39020dee elementor-widget elementor-widget-text-editor\" data-id=\"39020dee\" data-element_type=\"widget\" data-widget_type=\"text-editor.default\">\n\t\t\t\t<div class=\"elementor-widget-container\">\n\t\t\t\t\t\t\t<h3>At\u00e9 30 de dezembro de 2022 est\u00e3o abertas as candidaturas para as empresas PME de qualquer natureza e sob qualquer forma jur\u00eddica, integradas em projetos conjuntos promovidos por entidades p\u00fablicas ou privadas sem fins lucrativos, de natureza associativa e com compet\u00eancias espec\u00edficas dirigidas \u00e0s PME, nomeadamente associa\u00e7\u00f5es empresariais, c\u00e2maras de com\u00e9rcio e ind\u00fastria, ag\u00eancias regionais de promo\u00e7\u00e3o tur\u00edstica, assim como outras entidades n\u00e3o empresariais do Sistema Nacional de I&amp;I.<\/h3><div><p>O aviso abrange todas as regi\u00f5es NUTS II do Continente: (Norte, Centro, Lisboa, Alentejo e Algarve). A localiza\u00e7\u00e3o do investimento corresponde \u00e0 NUTS II onde se localiza o estabelecimento no qual ir\u00e1 ser realizado o investimento das empresas participantes no projeto conjunto.<br \/><strong>Os apoios s\u00e3o atribu\u00eddos sob a forma de subven\u00e7\u00e3o n\u00e3o reembols\u00e1vel.<\/strong><\/p><p>O objetivo deste concurso consiste em c<strong>onceder apoios financeiros a projetos que reforcem a capacita\u00e7\u00e3o empresarial das PME para a internacionaliza\u00e7\u00e3o<\/strong> permitindo potenciar o aumento da sua base e capacidade exportadora e reconhecimento internacional, atrav\u00e9s da <strong>implementa\u00e7\u00e3o de a\u00e7\u00f5es de promo\u00e7\u00e3o e marketing, da sua presen\u00e7a em certames internacionais e do conhecimento e acesso a novos mercados<\/strong>. Neste \u00e2mbito, valoriza-se igualmente a utiliza\u00e7\u00e3o crescente de ferramentas digitais, mediante o recurso a tecnologias e processos associados a canais digitais.<\/p><\/div>\t\t\t\t\t\t<\/div>\n\t\t\t\t<\/div>\n\t\t\t\t<div class=\"elementor-element elementor-element-f8590c1 elementor-widget elementor-widget-accordion\" data-id=\"f8590c1\" data-element_type=\"widget\" data-widget_type=\"accordion.default\">\n\t\t\t\t<div class=\"elementor-widget-container\">\n\t\t\t\t\t<div class=\"elementor-accordion\">\n\t\t\t\t\t\t\t<div class=\"elementor-accordion-item\">\n\t\t\t\t\t<div id=\"elementor-tab-title-2601\" class=\"elementor-tab-title\" data-tab=\"1\" role=\"button\" aria-controls=\"elementor-tab-content-2601\" aria-expanded=\"false\">\n\t\t\t\t\t\t\t\t\t\t\t\t\t<span class=\"elementor-accordion-icon elementor-accordion-icon-left\" aria-hidden=\"true\">\n\t\t\t\t\t\t\t\t\t\t\t\t\t\t\t<span class=\"elementor-accordion-icon-closed\"><i class=\"fas fa-plus\"><\/i><\/span>\n\t\t\t\t\t\t\t\t<span class=\"elementor-accordion-icon-opened\"><i class=\"fas fa-minus\"><\/i><\/span>\n\t\t\t\t\t\t\t\t\t\t\t\t\t\t<\/span>\n\t\t\t\t\t\t\t\t\t\t\t\t<a class=\"elementor-accordion-title\" tabindex=\"0\">Benefici\u00e1rios<\/a>\n\t\t\t\t\t<\/div>\n\t\t\t\t\t<div id=\"elementor-tab-content-2601\" class=\"elementor-tab-content elementor-clearfix\" data-tab=\"1\" role=\"region\" aria-labelledby=\"elementor-tab-title-2601\"><p>Os benefici\u00e1rios dos apoios previstos no presente Aviso s\u00e3o empresas PME de qualquer natureza e sob qualquer forma jur\u00eddica, integrados em projetos conjuntos promovidos por entidades p\u00fablicas ou privadas sem fins lucrativos, de natureza associativa e com compet\u00eancias espec\u00edficas dirigidas \u00e0s PME, nomeadamente associa\u00e7\u00f5es empresariais, c\u00e2maras de com\u00e9rcio e ind\u00fastria, ag\u00eancias regionais de promo\u00e7\u00e3o tur\u00edstica, assim como outras entidades n\u00e3o empresariais do Sistema Nacional de I&amp;I que se proponham desenvolver projetos de investimento que satisfa\u00e7am os objetivos e prioridades referidos no Ponto 1 e cumpram com os crit\u00e9rios de acesso, elegibilidade e de sele\u00e7\u00e3o a seguir enunciados.<\/p><\/div>\n\t\t\t\t<\/div>\n\t\t\t\t\t\t\t<div class=\"elementor-accordion-item\">\n\t\t\t\t\t<div id=\"elementor-tab-title-2602\" class=\"elementor-tab-title\" data-tab=\"2\" role=\"button\" aria-controls=\"elementor-tab-content-2602\" aria-expanded=\"false\">\n\t\t\t\t\t\t\t\t\t\t\t\t\t<span class=\"elementor-accordion-icon elementor-accordion-icon-left\" aria-hidden=\"true\">\n\t\t\t\t\t\t\t\t\t\t\t\t\t\t\t<span class=\"elementor-accordion-icon-closed\"><i class=\"fas fa-plus\"><\/i><\/span>\n\t\t\t\t\t\t\t\t<span class=\"elementor-accordion-icon-opened\"><i class=\"fas fa-minus\"><\/i><\/span>\n\t\t\t\t\t\t\t\t\t\t\t\t\t\t<\/span>\n\t\t\t\t\t\t\t\t\t\t\t\t<a class=\"elementor-accordion-title\" tabindex=\"0\">\u00c1rea geogr\u00e1fica<\/a>\n\t\t\t\t\t<\/div>\n\t\t\t\t\t<div id=\"elementor-tab-content-2602\" class=\"elementor-tab-content elementor-clearfix\" data-tab=\"2\" role=\"region\" aria-labelledby=\"elementor-tab-title-2602\"><p>O presente Aviso tem aplica\u00e7\u00e3o nas regi\u00f5es NUTS II do continente.<br \/>A localiza\u00e7\u00e3o do investimento corresponde \u00e0 NUTS II onde se localiza o estabelecimento no qual ir\u00e1 ser realizado o investimento das empresas participantes no projeto conjunto.<\/p><\/div>\n\t\t\t\t<\/div>\n\t\t\t\t\t\t\t<div class=\"elementor-accordion-item\">\n\t\t\t\t\t<div id=\"elementor-tab-title-2603\" class=\"elementor-tab-title\" data-tab=\"3\" role=\"button\" aria-controls=\"elementor-tab-content-2603\" aria-expanded=\"false\">\n\t\t\t\t\t\t\t\t\t\t\t\t\t<span class=\"elementor-accordion-icon elementor-accordion-icon-left\" aria-hidden=\"true\">\n\t\t\t\t\t\t\t\t\t\t\t\t\t\t\t<span class=\"elementor-accordion-icon-closed\"><i class=\"fas fa-plus\"><\/i><\/span>\n\t\t\t\t\t\t\t\t<span class=\"elementor-accordion-icon-opened\"><i class=\"fas fa-minus\"><\/i><\/span>\n\t\t\t\t\t\t\t\t\t\t\t\t\t\t<\/span>\n\t\t\t\t\t\t\t\t\t\t\t\t<a class=\"elementor-accordion-title\" tabindex=\"0\">Setores econ\u00f3micos<\/a>\n\t\t\t\t\t<\/div>\n\t\t\t\t\t<div id=\"elementor-tab-content-2603\" class=\"elementor-tab-content elementor-clearfix\" data-tab=\"3\" role=\"region\" aria-labelledby=\"elementor-tab-title-2603\"><p>S\u00e3o eleg\u00edveis os projetos inseridos em atividades econ\u00f3micas que visam a produ\u00e7\u00e3o de bens e servi\u00e7os transacion\u00e1veis e internacionaliz\u00e1veis, com relevante cria\u00e7\u00e3o de valor econ\u00f3mico para as regi\u00f5es alvo indicadas no ponto anterior, ou que contribuam para a cadeia de valor dos mesmos e n\u00e3o digam respeito a servi\u00e7os de interesse econ\u00f3mico geral.<\/p><\/div>\n\t\t\t\t<\/div>\n\t\t\t\t\t\t\t<div class=\"elementor-accordion-item\">\n\t\t\t\t\t<div id=\"elementor-tab-title-2604\" class=\"elementor-tab-title\" data-tab=\"4\" role=\"button\" aria-controls=\"elementor-tab-content-2604\" aria-expanded=\"false\">\n\t\t\t\t\t\t\t\t\t\t\t\t\t<span class=\"elementor-accordion-icon elementor-accordion-icon-left\" aria-hidden=\"true\">\n\t\t\t\t\t\t\t\t\t\t\t\t\t\t\t<span class=\"elementor-accordion-icon-closed\"><i class=\"fas fa-plus\"><\/i><\/span>\n\t\t\t\t\t\t\t\t<span class=\"elementor-accordion-icon-opened\"><i class=\"fas fa-minus\"><\/i><\/span>\n\t\t\t\t\t\t\t\t\t\t\t\t\t\t<\/span>\n\t\t\t\t\t\t\t\t\t\t\t\t<a class=\"elementor-accordion-title\" tabindex=\"0\">Limites de despesas<\/a>\n\t\t\t\t\t<\/div>\n\t\t\t\t\t<div id=\"elementor-tab-content-2604\" class=\"elementor-tab-content elementor-clearfix\" data-tab=\"4\" role=\"region\" aria-labelledby=\"elementor-tab-title-2604\"><p>O limite m\u00ednimo de despesa eleg\u00edvel total por projeto no \u00e2mbito do presente Aviso \u00e9 de 25 mil euros, sendo o limite m\u00e1ximo de 10 milh\u00f5es de euros.<\/p><\/div>\n\t\t\t\t<\/div>\n\t\t\t\t\t\t\t<div class=\"elementor-accordion-item\">\n\t\t\t\t\t<div id=\"elementor-tab-title-2605\" class=\"elementor-tab-title\" data-tab=\"5\" role=\"button\" aria-controls=\"elementor-tab-content-2605\" aria-expanded=\"false\">\n\t\t\t\t\t\t\t\t\t\t\t\t\t<span class=\"elementor-accordion-icon elementor-accordion-icon-left\" aria-hidden=\"true\">\n\t\t\t\t\t\t\t\t\t\t\t\t\t\t\t<span class=\"elementor-accordion-icon-closed\"><i class=\"fas fa-plus\"><\/i><\/span>\n\t\t\t\t\t\t\t\t<span class=\"elementor-accordion-icon-opened\"><i class=\"fas fa-minus\"><\/i><\/span>\n\t\t\t\t\t\t\t\t\t\t\t\t\t\t<\/span>\n\t\t\t\t\t\t\t\t\t\t\t\t<a class=\"elementor-accordion-title\" tabindex=\"0\">Taxas de financiamento<\/a>\n\t\t\t\t\t<\/div>\n\t\t\t\t\t<div id=\"elementor-tab-content-2605\" class=\"elementor-tab-content elementor-clearfix\" data-tab=\"5\" role=\"region\" aria-labelledby=\"elementor-tab-title-2605\"><img fetchpriority=\"high\" decoding=\"async\" width=\"732\" height=\"598\" class=\"alignnone size-medium wp-image-6961\" src=\"https:\/\/neomarca.pt\/staging2\/wp-content\/uploads\/2022\/10\/neomarca_apoios_internacionalizacao.jpg\" alt=\"\" title=\"\" srcset=\"https:\/\/neomarca.pt\/wp-content\/uploads\/2022\/10\/neomarca_apoios_internacionalizacao.jpg 732w, https:\/\/neomarca.pt\/wp-content\/uploads\/2022\/10\/neomarca_apoios_internacionalizacao-300x245.jpg 300w, https:\/\/neomarca.pt\/wp-content\/uploads\/2022\/10\/neomarca_apoios_internacionalizacao-20x16.jpg 20w\" sizes=\"(max-width: 732px) 100vw, 732px\" \/><\/div>\n\t\t\t\t<\/div>\n\t\t\t\t\t\t\t\t<\/div>\n\t\t\t\t<\/div>\n\t\t\t\t<\/div>\n\t\t\t\t<div class=\"elementor-element elementor-element-fa47367 elementor-widget elementor-widget-text-editor\" data-id=\"fa47367\" data-element_type=\"widget\" data-widget_type=\"text-editor.default\">\n\t\t\t\t<div class=\"elementor-widget-container\">\n\t\t\t\t\t\t\t<p>Informa\u00e7\u00e3o oficial:\u00a0<a href=\"https:\/\/www.compete2020.gov.pt\/Avisos\/detalhe\/AAC_04-SI-2022\" target=\"_blank\" rel=\"noopener\">Aviso 04\/SI\/2022<\/a><\/p>\t\t\t\t\t\t<\/div>\n\t\t\t\t<\/div>\n\t\t\t\t<section class=\"elementor-section elementor-inner-section elementor-element elementor-element-709ac47 elementor-section-boxed elementor-section-height-default elementor-section-height-default\" data-id=\"709ac47\" data-element_type=\"section\" data-settings=\"{&quot;background_background&quot;:&quot;classic&quot;}\">\n\t\t\t\t\t\t<div class=\"elementor-container elementor-column-gap-default\">\n\t\t\t\t\t<div class=\"elementor-column elementor-col-50 elementor-inner-column elementor-element elementor-element-092d128\" data-id=\"092d128\" data-element_type=\"column\">\n\t\t\t<div class=\"elementor-widget-wrap elementor-element-populated\">\n\t\t\t\t\t\t<div class=\"elementor-element elementor-element-39300c8 elementor-widget elementor-widget-heading\" data-id=\"39300c8\" data-element_type=\"widget\" data-widget_type=\"heading.default\">\n\t\t\t\t<div class=\"elementor-widget-container\">\n\t\t\t<h5 class=\"elementor-heading-title elementor-size-default\">Internacionaliza\u00e7\u00e3o<\/h5>\t\t<\/div>\n\t\t\t\t<\/div>\n\t\t\t\t<div class=\"elementor-element elementor-element-aff36d3 elementor-widget elementor-widget-text-editor\" data-id=\"aff36d3\" data-element_type=\"widget\" data-widget_type=\"text-editor.default\">\n\t\t\t\t<div class=\"elementor-widget-container\">\n\t\t\t\t\t\t\t<p>A nossa equipa est\u00e1 preparada para o apoio ao desenvolvimento das candidaturas \u00e0 internacionaliza\u00e7\u00e3o.<\/p>\t\t\t\t\t\t<\/div>\n\t\t\t\t<\/div>\n\t\t\t\t\t<\/div>\n\t\t<\/div>\n\t\t\t\t<div class=\"elementor-column elementor-col-50 elementor-inner-column elementor-element elementor-element-670ab7e\" data-id=\"670ab7e\" data-element_type=\"column\">\n\t\t\t<div class=\"elementor-widget-wrap elementor-element-populated\">\n\t\t\t\t\t\t<div class=\"elementor-element elementor-element-d47fb03 elementor-align-right elementor-mobile-align-left elementor-widget elementor-widget-button\" data-id=\"d47fb03\" data-element_type=\"widget\" data-widget_type=\"button.default\">\n\t\t\t\t<div class=\"elementor-widget-container\">\n\t\t\t\t\t<div class=\"elementor-button-wrapper\">\n\t\t\t<a class=\"elementor-button elementor-button-link elementor-size-md\" href=\"mailto:info@neomarca.eu\">\n\t\t\t\t\t\t<span class=\"elementor-button-content-wrapper\">\n\t\t\t\t\t\t<span class=\"elementor-button-text\">Agendar Reuni\u00e3o<\/span>\n\t\t<\/span>\n\t\t\t\t\t<\/a>\n\t\t<\/div>\n\t\t\t\t<\/div>\n\t\t\t\t<\/div>\n\t\t\t\t\t<\/div>\n\t\t<\/div>\n\t\t\t\t\t<\/div>\n\t\t<\/section>\n\t\t\t\t\t<\/div>\n\t\t<\/div>\n\t\t\t\t\t<\/div>\n\t\t<\/section>\n\t\t\t\t<\/div>\n\t\t","protected":false},"excerpt":{"rendered":"<p>At\u00e9 30 de dezembro de 2022 est\u00e3o abertas as candidaturas para as empresas PME de qualquer natureza e sob qualquer forma jur\u00eddica, integradas em projetos conjuntos promovidos por entidades p\u00fablicas ou privadas sem fins lucrativos, de natureza associativa e com compet\u00eancias espec\u00edficas dirigidas \u00e0s PME, nomeadamente associa\u00e7\u00f5es empresariais, c\u00e2maras de com\u00e9rcio e ind\u00fastria, ag\u00eancias regionais&hellip;<\/p>\n","protected":false},"author":3,"featured_media":6966,"comment_status":"closed","ping_status":"closed","sticky":false,"template":"","format":"standard","meta":{"_monsterinsights_skip_tracking":false,"_monsterinsights_sitenote_active":false,"_monsterinsights_sitenote_note":"","_monsterinsights_sitenote_category":0,"footnotes":""},"categories":[238],"tags":[110,361,282,346],"class_list":["post-6958","post","type-post","status-publish","format-standard","has-post-thumbnail","hentry","category-noticias","tag-apoio-internacionalizacao","tag-associacoes","tag-empresas","tag-portugal-2030"],"acf":[],"_links":{"self":[{"href":"https:\/\/neomarca.pt\/pt\/wp-json\/wp\/v2\/posts\/6958","targetHints":{"allow":["GET"]}}],"collection":[{"href":"https:\/\/neomarca.pt\/pt\/wp-json\/wp\/v2\/posts"}],"about":[{"href":"https:\/\/neomarca.pt\/pt\/wp-json\/wp\/v2\/types\/post"}],"author":[{"embeddable":true,"href":"https:\/\/neomarca.pt\/pt\/wp-json\/wp\/v2\/users\/3"}],"replies":[{"embeddable":true,"href":"https:\/\/neomarca.pt\/pt\/wp-json\/wp\/v2\/comments?post=6958"}],"version-history":[{"count":0,"href":"https:\/\/neomarca.pt\/pt\/wp-json\/wp\/v2\/posts\/6958\/revisions"}],"wp:featuredmedia":[{"embeddable":true,"href":"https:\/\/neomarca.pt\/pt\/wp-json\/wp\/v2\/media\/6966"}],"wp:attachment":[{"href":"https:\/\/neomarca.pt\/pt\/wp-json\/wp\/v2\/media?parent=6958"}],"wp:term":[{"taxonomy":"category","embeddable":true,"href":"https:\/\/neomarca.pt\/pt\/wp-json\/wp\/v2\/categories?post=6958"},{"taxonomy":"post_tag","embeddable":true,"href":"https:\/\/neomarca.pt\/pt\/wp-json\/wp\/v2\/tags?post=6958"}],"curies":[{"name":"wp","href":"https:\/\/api.w.org\/{rel}","templated":true}]}}