{"id":6975,"date":"2022-11-04T18:11:36","date_gmt":"2022-11-04T17:11:36","guid":{"rendered":"https:\/\/neomarca.pt\/staging2\/pt\/?p=6975"},"modified":"2023-10-26T08:51:11","modified_gmt":"2023-10-26T07:51:11","slug":"prr-candidaturas-abertas-para-vouchers-para-startups-novos-produtos-verdes-e-digitais","status":"publish","type":"post","link":"https:\/\/neomarca.pt\/pt\/noticias\/prr-candidaturas-abertas-para-vouchers-para-startups-novos-produtos-verdes-e-digitais\/","title":{"rendered":"PRR: candidaturas abertas para vouchers para startups \u2013 novos produtos verdes e digitais"},"content":{"rendered":"\t\t<div data-elementor-type=\"wp-post\" data-elementor-id=\"6975\" class=\"elementor elementor-6975\" data-elementor-post-type=\"post\">\n\t\t\t\t\t\t<section class=\"elementor-section elementor-top-section elementor-element elementor-element-314df69b elementor-section-boxed elementor-section-height-default elementor-section-height-default\" data-id=\"314df69b\" data-element_type=\"section\">\n\t\t\t\t\t\t<div class=\"elementor-container elementor-column-gap-default\">\n\t\t\t\t\t<div class=\"elementor-column elementor-col-100 elementor-top-column elementor-element elementor-element-565fb7d3\" data-id=\"565fb7d3\" data-element_type=\"column\">\n\t\t\t<div class=\"elementor-widget-wrap elementor-element-populated\">\n\t\t\t\t\t\t<div class=\"elementor-element elementor-element-6ccf1417 elementor-widget elementor-widget-text-editor\" data-id=\"6ccf1417\" data-element_type=\"widget\" data-widget_type=\"text-editor.default\">\n\t\t\t\t<div class=\"elementor-widget-container\">\n\t\t\t\t\t\t\t<h3>Est\u00e3o abertas as candidaturas para o Aviso nr. 10\/C16-i02\/2022 intitulado Vouchers para Startups \u2013 Novos produtos verdes e digitais. As candidaturas est\u00e3o abertas \u00e0s PME e ir\u00e3o apoiar projetos de investimento at\u00e9 30.000 euros com taxa de apoio a 100%.<\/h3><p>O objetivo deste financiamento \u00e9 apoiar <strong>projetos de Startups que tenham ou queiram desenvolver modelos de neg\u00f3cio digitais e com forte componente verde (sustent\u00e1vel)<\/strong>, ou em setores com maior intensidade de tecnologia e conhecimento, ou que valorizem a aplica\u00e7\u00e3o de resultados de I&amp;D na produ\u00e7\u00e3o de novos bens e servi\u00e7os.<\/p><p>Esta medida visa <strong>apoiar startups, sendo suscet\u00edveis de apoio projetos que tenham como objetivos, enquadrados na promo\u00e7\u00e3o de modelos de neg\u00f3cio, produtos ou servi\u00e7os digitais com contributo positivo para a transi\u00e7\u00e3o clim\u00e1tica atrav\u00e9s da elevada efici\u00eancia na utiliza\u00e7\u00e3o de recursos, que permitam a redu\u00e7\u00e3o dos impactos da polui\u00e7\u00e3o, que fomentem a economia circular, que constituam novas solu\u00e7\u00f5es de produ\u00e7\u00e3o energ\u00e9tica e\/ou que se caracterizem pela utiliza\u00e7\u00e3o de Dados Abertos ou de Intelig\u00eancia Artificial,<\/strong> nomeadamente:<\/p><ul><li>O apoio ao arranque e crescimento &#8211; Financiamento a startups em fase de arranque;<\/li><li>O apoio a participa\u00e7\u00e3o em programas de igni\u00e7\u00e3o e acelera\u00e7\u00e3o &#8211; Financiamento de startups que se candidatem a programas de igni\u00e7\u00e3o ou de acelera\u00e7\u00e3o;<\/li><li>O apoio ao desenvolvimento de projetos piloto &#8211; Financiamento destinado \u00e0 demonstra\u00e7\u00e3o de tecnologia ou modelo de neg\u00f3cio\/servi\u00e7o, desenvolvidos por startups, que permita \u00e0 startup fazer uma demonstra\u00e7\u00e3o da sua tecnologia comprovando a sua efic\u00e1cia.<\/li><\/ul><p>O processo de sele\u00e7\u00e3o \u00e9 efetuado trimestralmente e o primeiro cut-off ser\u00e1 em 25 de fevereiro.<\/p><p>Os projetos t\u00eam uma <strong>dura\u00e7\u00e3o m\u00e1xima de dezoito meses<\/strong> a contar da data de assinatura do Termo de Aceita\u00e7\u00e3o, tendo de estar conclu\u00eddos no m\u00e1ximo at\u00e9 30 de setembro de 2025.<\/p>\t\t\t\t\t\t<\/div>\n\t\t\t\t<\/div>\n\t\t\t\t<div class=\"elementor-element elementor-element-7ec902b elementor-widget elementor-widget-accordion\" data-id=\"7ec902b\" data-element_type=\"widget\" data-widget_type=\"accordion.default\">\n\t\t\t\t<div class=\"elementor-widget-container\">\n\t\t\t\t\t<div class=\"elementor-accordion\">\n\t\t\t\t\t\t\t<div class=\"elementor-accordion-item\">\n\t\t\t\t\t<div id=\"elementor-tab-title-1321\" class=\"elementor-tab-title\" data-tab=\"1\" role=\"button\" aria-controls=\"elementor-tab-content-1321\" aria-expanded=\"false\">\n\t\t\t\t\t\t\t\t\t\t\t\t\t<span class=\"elementor-accordion-icon elementor-accordion-icon-left\" aria-hidden=\"true\">\n\t\t\t\t\t\t\t\t\t\t\t\t\t\t\t<span class=\"elementor-accordion-icon-closed\"><i class=\"fas fa-plus\"><\/i><\/span>\n\t\t\t\t\t\t\t\t<span class=\"elementor-accordion-icon-opened\"><i class=\"fas fa-minus\"><\/i><\/span>\n\t\t\t\t\t\t\t\t\t\t\t\t\t\t<\/span>\n\t\t\t\t\t\t\t\t\t\t\t\t<a class=\"elementor-accordion-title\" tabindex=\"0\">Despesas Eleg\u00edveis<\/a>\n\t\t\t\t\t<\/div>\n\t\t\t\t\t<div id=\"elementor-tab-content-1321\" class=\"elementor-tab-content elementor-clearfix\" data-tab=\"1\" role=\"region\" aria-labelledby=\"elementor-tab-title-1321\"><p>S\u00e3o consideradas despesas eleg\u00edveis as seguintes:<br \/>i. Custos com recursos humanos existentes ou a contratar, destinados \u00e0s atividades a desenvolver no \u00e2mbito do projeto at\u00e9 ao valor de 75% do total dos custos eleg\u00edveis;<br \/>ii. Despesas com acredita\u00e7\u00e3o ou certifica\u00e7\u00e3o tecnol\u00f3gica de recursos humanos;<br \/>iii. Aquisi\u00e7\u00e3o de Servi\u00e7os Externos Especializados, tais como servi\u00e7os de apoio \u00e0 digitaliza\u00e7\u00e3o de processos de neg\u00f3cios, servi\u00e7os de marketing, de desenvolvimento de produtos e servi\u00e7os, de consultoria e de outros servi\u00e7os especializados para a prossecu\u00e7\u00e3o dos objetivos do projeto;<br \/>iv. Aquisi\u00e7\u00e3o ou aluguer operacional de equipamentos, bem como custos de licenciamento ou de subscri\u00e7\u00e3o de software, destinado \u00e0s atividades a desenvolver no \u00e2mbito do projeto;<br \/>v. Custos com a prote\u00e7\u00e3o\/valoriza\u00e7\u00e3o de direitos de propriedade intelectual;<br \/>vi. Custos indiretos. Os custos indiretos previstos, s\u00e3o calculados com base em custos simplificados, assentes na aplica\u00e7\u00e3o da taxa fixa de 15% dos custos com recursos humanos<\/p><p>N\u00e3o ser\u00e3o privilegiadas aquisi\u00e7\u00f5es de solu\u00e7\u00f5es ou componentes de solu\u00e7\u00f5es tecnol\u00f3gicas com origem em fornecedores espec\u00edficos, devendo-se manter a \u201cneutralidade tecnol\u00f3gica\u201d.<\/p><\/div>\n\t\t\t\t<\/div>\n\t\t\t\t\t\t\t<div class=\"elementor-accordion-item\">\n\t\t\t\t\t<div id=\"elementor-tab-title-1322\" class=\"elementor-tab-title\" data-tab=\"2\" role=\"button\" aria-controls=\"elementor-tab-content-1322\" aria-expanded=\"false\">\n\t\t\t\t\t\t\t\t\t\t\t\t\t<span class=\"elementor-accordion-icon elementor-accordion-icon-left\" aria-hidden=\"true\">\n\t\t\t\t\t\t\t\t\t\t\t\t\t\t\t<span class=\"elementor-accordion-icon-closed\"><i class=\"fas fa-plus\"><\/i><\/span>\n\t\t\t\t\t\t\t\t<span class=\"elementor-accordion-icon-opened\"><i class=\"fas fa-minus\"><\/i><\/span>\n\t\t\t\t\t\t\t\t\t\t\t\t\t\t<\/span>\n\t\t\t\t\t\t\t\t\t\t\t\t<a class=\"elementor-accordion-title\" tabindex=\"0\">Taxa de Financiamento<\/a>\n\t\t\t\t\t<\/div>\n\t\t\t\t\t<div id=\"elementor-tab-content-1322\" class=\"elementor-tab-content elementor-clearfix\" data-tab=\"2\" role=\"region\" aria-labelledby=\"elementor-tab-title-1322\"><p>O montante de financiamento a conceder no \u00e2mbito do presente Aviso\u00a0<strong>corresponde a 30.000\u20ac por benefici\u00e1rio.<\/strong><br \/>O financiamento a conceder \u00e0s candidaturas selecionadas dever\u00e1 ser confirmado atrav\u00e9s da realiza\u00e7\u00e3o de despesas eleg\u00edveis de igual montante, correspondendo a uma<strong>\u00a0taxa de financiamento de 100%.<\/strong><\/p><p>O montante de financiamento ser\u00e1\u0301 atribu\u00eddo ao abrigo do enquadramento de \u201cAux\u00edlios De Minimis\u201d, Regulamento (UE) n\u00ba 1407\/2013 da Comiss\u00e3o, de 18 de dezembro, com o limite m\u00e1ximo de 200 000 \u20ac durante 3 exerc\u00edcios financeiros por empresa \u00fanica.<\/p><\/div>\n\t\t\t\t<\/div>\n\t\t\t\t\t\t\t<div class=\"elementor-accordion-item\">\n\t\t\t\t\t<div id=\"elementor-tab-title-1323\" class=\"elementor-tab-title\" data-tab=\"3\" role=\"button\" aria-controls=\"elementor-tab-content-1323\" aria-expanded=\"false\">\n\t\t\t\t\t\t\t\t\t\t\t\t\t<span class=\"elementor-accordion-icon elementor-accordion-icon-left\" aria-hidden=\"true\">\n\t\t\t\t\t\t\t\t\t\t\t\t\t\t\t<span class=\"elementor-accordion-icon-closed\"><i class=\"fas fa-plus\"><\/i><\/span>\n\t\t\t\t\t\t\t\t<span class=\"elementor-accordion-icon-opened\"><i class=\"fas fa-minus\"><\/i><\/span>\n\t\t\t\t\t\t\t\t\t\t\t\t\t\t<\/span>\n\t\t\t\t\t\t\t\t\t\t\t\t<a class=\"elementor-accordion-title\" tabindex=\"0\">Benefici\u00e1rios<\/a>\n\t\t\t\t\t<\/div>\n\t\t\t\t\t<div id=\"elementor-tab-content-1323\" class=\"elementor-tab-content elementor-clearfix\" data-tab=\"3\" role=\"region\" aria-labelledby=\"elementor-tab-title-1323\"><p>S\u00e3o eleg\u00edveis no \u00e2mbito do presente AAC as startups, que assumam a forma de PME, de qualquer natureza ou forma jur\u00eddica, que tenham sido criadas h\u00e1 menos de 10 anos. O presente Aviso tem aplica\u00e7\u00e3o em todo o territ\u00f3rio nacional, incluindo as regi\u00f5es aut\u00f3nomas da Madeira e dos A\u00e7ores.<\/p><\/div>\n\t\t\t\t<\/div>\n\t\t\t\t\t\t\t<div class=\"elementor-accordion-item\">\n\t\t\t\t\t<div id=\"elementor-tab-title-1324\" class=\"elementor-tab-title\" data-tab=\"4\" role=\"button\" aria-controls=\"elementor-tab-content-1324\" aria-expanded=\"false\">\n\t\t\t\t\t\t\t\t\t\t\t\t\t<span class=\"elementor-accordion-icon elementor-accordion-icon-left\" aria-hidden=\"true\">\n\t\t\t\t\t\t\t\t\t\t\t\t\t\t\t<span class=\"elementor-accordion-icon-closed\"><i class=\"fas fa-plus\"><\/i><\/span>\n\t\t\t\t\t\t\t\t<span class=\"elementor-accordion-icon-opened\"><i class=\"fas fa-minus\"><\/i><\/span>\n\t\t\t\t\t\t\t\t\t\t\t\t\t\t<\/span>\n\t\t\t\t\t\t\t\t\t\t\t\t<a class=\"elementor-accordion-title\" tabindex=\"0\">Crit\u00e9rios de Sele\u00e7\u00e3o<\/a>\n\t\t\t\t\t<\/div>\n\t\t\t\t\t<div id=\"elementor-tab-content-1324\" class=\"elementor-tab-content elementor-clearfix\" data-tab=\"4\" role=\"region\" aria-labelledby=\"elementor-tab-title-1324\"><p>Ao abrigo do previsto no n.\u00ba 1 do artigo 15.\u00ba da Portaria n.\u00ba 135-A\/2022, de 1 de abril, a sele\u00e7\u00e3o das opera\u00e7\u00f5es a financiar de acordo com os seguintes crit\u00e9rios de sele\u00e7\u00e3o:<br \/>A) Relev\u00e2ncia do projeto face aos objetivos da medida, atrav\u00e9s da apresenta\u00e7\u00e3o de um modelo de neg\u00f3cio, produto ou servi\u00e7o inovador e com forte componente digital, escal\u00e1vel, com forte potencial de crescimento e com contributo positivo para a transi\u00e7\u00e3o clim\u00e1tica;<br \/>B) Capacidade de implementa\u00e7\u00e3o dos benefici\u00e1rios atrav\u00e9s de uma equipa de gest\u00e3o com compet\u00eancias tecnol\u00f3gicas e de gest\u00e3o adequadas ao desenvolvimento do modelo de neg\u00f3cio;<br \/>C) Impacto do projeto na competitividade das Benefici\u00e1rias atrav\u00e9s do contributo do projeto para uma diferencia\u00e7\u00e3o das startups, face \u00e0 sua concorr\u00eancia no mercado.<br \/>As candidaturas ser\u00e3o apreciadas a partir da avalia\u00e7\u00e3o dos crit\u00e9rios acima descritos, de acordo com o seguinte:<br \/>\u2022 Cumpre: a proposta n\u00e3o aborda o crit\u00e9rio ou n\u00e3o pode ser avaliada devido a informa\u00e7\u00f5es<br \/>incompletas ou lacunas e insufici\u00eancias significativas;<br \/>\u2022 N\u00e3o cumpre: a proposta aborda o crit\u00e9rio de forma clara e completa;<br \/>Ser\u00e3o selecionados os projetos que tenham tido classifica\u00e7\u00e3o de cumpre em todos os crit\u00e9rios de<br \/>avalia\u00e7\u00e3o.<\/p><\/div>\n\t\t\t\t<\/div>\n\t\t\t\t\t\t\t<div class=\"elementor-accordion-item\">\n\t\t\t\t\t<div id=\"elementor-tab-title-1325\" class=\"elementor-tab-title\" data-tab=\"5\" role=\"button\" aria-controls=\"elementor-tab-content-1325\" aria-expanded=\"false\">\n\t\t\t\t\t\t\t\t\t\t\t\t\t<span class=\"elementor-accordion-icon elementor-accordion-icon-left\" aria-hidden=\"true\">\n\t\t\t\t\t\t\t\t\t\t\t\t\t\t\t<span class=\"elementor-accordion-icon-closed\"><i class=\"fas fa-plus\"><\/i><\/span>\n\t\t\t\t\t\t\t\t<span class=\"elementor-accordion-icon-opened\"><i class=\"fas fa-minus\"><\/i><\/span>\n\t\t\t\t\t\t\t\t\t\t\t\t\t\t<\/span>\n\t\t\t\t\t\t\t\t\t\t\t\t<a class=\"elementor-accordion-title\" tabindex=\"0\">Pagamentos<\/a>\n\t\t\t\t\t<\/div>\n\t\t\t\t\t<div id=\"elementor-tab-content-1325\" class=\"elementor-tab-content elementor-clearfix\" data-tab=\"5\" role=\"region\" aria-labelledby=\"elementor-tab-title-1325\"><p>No que respeita \u00e0s despesas referidas no n.\u00ba 7.1, a metodologia de pagamento \u00e9 a que a seguir se explicita, podendo os pagamentos dos apoios ser efetuados atrav\u00e9s de:<br \/>(i) Adiantamento inicial com a assinatura do Termo de Aceita\u00e7\u00e3o a t\u00edtulo de pr\u00e9 financiamento no montante de 5.000 euros;<br \/>(ii) 4 adiantamentos trimestrais, de valor de 5.000 euros;<br \/>(iii) Pagamento final de 5.000 euros, com a apresenta\u00e7\u00e3o de pedido de pagamento final com as despesas eleg\u00edveis realizadas, a submeter at\u00e9 90 dias ap\u00f3s a conclus\u00e3o f\u00edsica e financeira do projeto.<\/p><\/div>\n\t\t\t\t<\/div>\n\t\t\t\t\t\t\t\t<\/div>\n\t\t\t\t<\/div>\n\t\t\t\t<\/div>\n\t\t\t\t<div class=\"elementor-element elementor-element-3e5a747 elementor-widget elementor-widget-text-editor\" data-id=\"3e5a747\" data-element_type=\"widget\" data-widget_type=\"text-editor.default\">\n\t\t\t\t<div class=\"elementor-widget-container\">\n\t\t\t\t\t\t\t<p>Informa\u00e7\u00e3o oficial em\u00a0<a href=\"https:\/\/recuperarportugal.gov.pt\/candidatura\/10-aviso-de-abertura-de-concurso-no-ambito-da-medida-vouchers-para-startups-novos-produtos-verdes-e-digitais-aviso-de-abertura-de-concurso-n-o-10-c16-i02-2022\/\" target=\"_blank\" rel=\"noopener\">Aviso nr. 10\/C16-i02\/2022<\/a><\/p>\t\t\t\t\t\t<\/div>\n\t\t\t\t<\/div>\n\t\t\t\t<section class=\"elementor-section elementor-inner-section elementor-element elementor-element-388beee elementor-section-boxed elementor-section-height-default elementor-section-height-default\" data-id=\"388beee\" data-element_type=\"section\" data-settings=\"{&quot;background_background&quot;:&quot;classic&quot;}\">\n\t\t\t\t\t\t<div class=\"elementor-container elementor-column-gap-default\">\n\t\t\t\t\t<div class=\"elementor-column elementor-col-50 elementor-inner-column elementor-element elementor-element-f697d19\" data-id=\"f697d19\" data-element_type=\"column\">\n\t\t\t<div class=\"elementor-widget-wrap elementor-element-populated\">\n\t\t\t\t\t\t<div class=\"elementor-element elementor-element-e0846c5 elementor-widget elementor-widget-heading\" data-id=\"e0846c5\" data-element_type=\"widget\" data-widget_type=\"heading.default\">\n\t\t\t\t<div class=\"elementor-widget-container\">\n\t\t\t<h5 class=\"elementor-heading-title elementor-size-default\">Apoio para startups<\/h5>\t\t<\/div>\n\t\t\t\t<\/div>\n\t\t\t\t<div class=\"elementor-element elementor-element-a019576 elementor-widget elementor-widget-text-editor\" data-id=\"a019576\" data-element_type=\"widget\" data-widget_type=\"text-editor.default\">\n\t\t\t\t<div class=\"elementor-widget-container\">\n\t\t\t\t\t\t\t<p><strong>100% financiamento<\/strong><\/p><p>A nossa equipa est\u00e1 preparada para o apoio ao desenvolvimento das candidaturas. Contacte a nossa equipa para o seu projeto de investimento.<\/p>\t\t\t\t\t\t<\/div>\n\t\t\t\t<\/div>\n\t\t\t\t\t<\/div>\n\t\t<\/div>\n\t\t\t\t<div class=\"elementor-column elementor-col-50 elementor-inner-column elementor-element elementor-element-aef771d\" data-id=\"aef771d\" data-element_type=\"column\">\n\t\t\t<div class=\"elementor-widget-wrap elementor-element-populated\">\n\t\t\t\t\t\t<div class=\"elementor-element elementor-element-e0beffd elementor-align-right elementor-mobile-align-left elementor-widget elementor-widget-button\" data-id=\"e0beffd\" data-element_type=\"widget\" data-widget_type=\"button.default\">\n\t\t\t\t<div class=\"elementor-widget-container\">\n\t\t\t\t\t<div class=\"elementor-button-wrapper\">\n\t\t\t<a class=\"elementor-button elementor-button-link elementor-size-md\" href=\"mailto:info@neomarca.eu\">\n\t\t\t\t\t\t<span class=\"elementor-button-content-wrapper\">\n\t\t\t\t\t\t<span class=\"elementor-button-text\">Agendar Reuni\u00e3o<\/span>\n\t\t<\/span>\n\t\t\t\t\t<\/a>\n\t\t<\/div>\n\t\t\t\t<\/div>\n\t\t\t\t<\/div>\n\t\t\t\t\t<\/div>\n\t\t<\/div>\n\t\t\t\t\t<\/div>\n\t\t<\/section>\n\t\t\t\t\t<\/div>\n\t\t<\/div>\n\t\t\t\t\t<\/div>\n\t\t<\/section>\n\t\t\t\t<\/div>\n\t\t","protected":false},"excerpt":{"rendered":"<p>Est\u00e3o abertas as candidaturas para o Aviso nr. 10\/C16-i02\/2022 intitulado Vouchers para Startups \u2013 Novos produtos verdes e digitais. As candidaturas est\u00e3o abertas \u00e0s PME e ir\u00e3o apoiar projetos de investimento at\u00e9 30.000 euros com taxa de apoio a 100%. O objetivo deste financiamento \u00e9 apoiar projetos de Startups que tenham ou queiram desenvolver modelos&hellip;<\/p>\n","protected":false},"author":3,"featured_media":6979,"comment_status":"closed","ping_status":"closed","sticky":false,"template":"","format":"standard","meta":{"_monsterinsights_skip_tracking":false,"_monsterinsights_sitenote_active":false,"_monsterinsights_sitenote_note":"","_monsterinsights_sitenote_category":0,"footnotes":""},"categories":[238],"tags":[254,112,282,349,306,268,345],"class_list":["post-6975","post","type-post","status-publish","format-standard","has-post-thumbnail","hentry","category-noticias","tag-apoio-ao-financiamento","tag-apoio-investimento","tag-empresas","tag-prr","tag-tecnologia","tag-tic","tag-transformacao-digital"],"acf":[],"_links":{"self":[{"href":"https:\/\/neomarca.pt\/pt\/wp-json\/wp\/v2\/posts\/6975","targetHints":{"allow":["GET"]}}],"collection":[{"href":"https:\/\/neomarca.pt\/pt\/wp-json\/wp\/v2\/posts"}],"about":[{"href":"https:\/\/neomarca.pt\/pt\/wp-json\/wp\/v2\/types\/post"}],"author":[{"embeddable":true,"href":"https:\/\/neomarca.pt\/pt\/wp-json\/wp\/v2\/users\/3"}],"replies":[{"embeddable":true,"href":"https:\/\/neomarca.pt\/pt\/wp-json\/wp\/v2\/comments?post=6975"}],"version-history":[{"count":0,"href":"https:\/\/neomarca.pt\/pt\/wp-json\/wp\/v2\/posts\/6975\/revisions"}],"wp:featuredmedia":[{"embeddable":true,"href":"https:\/\/neomarca.pt\/pt\/wp-json\/wp\/v2\/media\/6979"}],"wp:attachment":[{"href":"https:\/\/neomarca.pt\/pt\/wp-json\/wp\/v2\/media?parent=6975"}],"wp:term":[{"taxonomy":"category","embeddable":true,"href":"https:\/\/neomarca.pt\/pt\/wp-json\/wp\/v2\/categories?post=6975"},{"taxonomy":"post_tag","embeddable":true,"href":"https:\/\/neomarca.pt\/pt\/wp-json\/wp\/v2\/tags?post=6975"}],"curies":[{"name":"wp","href":"https:\/\/api.w.org\/{rel}","templated":true}]}}