{"id":7017,"date":"2023-02-20T13:33:25","date_gmt":"2023-02-20T12:33:25","guid":{"rendered":"https:\/\/neomarca.pt\/staging2\/pt\/?p=7017"},"modified":"2023-10-26T08:36:31","modified_gmt":"2023-10-26T07:36:31","slug":"prr-candidaturas-abertas-para-vales-para-incubadoras-e-aceleradoras","status":"publish","type":"post","link":"https:\/\/neomarca.pt\/pt\/noticias\/prr-candidaturas-abertas-para-vales-para-incubadoras-e-aceleradoras\/","title":{"rendered":"PRR: candidaturas abertas para Vales para Incubadoras e Aceleradoras"},"content":{"rendered":"\t\t<div data-elementor-type=\"wp-post\" data-elementor-id=\"7017\" class=\"elementor elementor-7017\" data-elementor-post-type=\"post\">\n\t\t\t\t\t\t<section class=\"elementor-section elementor-top-section elementor-element elementor-element-7ff16c30 elementor-section-boxed elementor-section-height-default elementor-section-height-default\" data-id=\"7ff16c30\" data-element_type=\"section\">\n\t\t\t\t\t\t<div class=\"elementor-container elementor-column-gap-default\">\n\t\t\t\t\t<div class=\"elementor-column elementor-col-100 elementor-top-column elementor-element elementor-element-138ec4ab\" data-id=\"138ec4ab\" data-element_type=\"column\">\n\t\t\t<div class=\"elementor-widget-wrap elementor-element-populated\">\n\t\t\t\t\t\t<div class=\"elementor-element elementor-element-4daba68 elementor-widget elementor-widget-text-editor\" data-id=\"4daba68\" data-element_type=\"widget\" data-widget_type=\"text-editor.default\">\n\t\t\t\t<div class=\"elementor-widget-container\">\n\t\t\t\t\t\t\t<h3>Encontra-se aberto o Aviso de Concurso no \u00e2mbito da medida \u201cVales para incubadoras e Aceleradoras\u201d \u2013 Aviso N.\u00ba 11\/C16-i02\/2023 dirigido a entidades de incuba\u00e7\u00e3o ou acelera\u00e7\u00e3o de empresas.<\/h3><p>Inserido na Componente C16 \u2013 Empresas 4.0, o Vale para Incubadoras e Aceleradoras tem como objetivo investir no aumento dos recursos e apostar na capacita\u00e7\u00e3o dos t\u00e9cnicos e diretores das start-ups, \u00a0bem como na sua pr\u00f3pria transi\u00e7\u00e3o digital. Os projetos dever\u00e3o ser promovidos por entidades que desenvolvam ou pretendam desenvolver servi\u00e7os de incuba\u00e7\u00e3o e\/ou acelera\u00e7\u00e3o nas \u00e1reas do empreendedorismo e inova\u00e7\u00e3o.<\/p><p>Os investimentos disponibilizados dever\u00e3o ainda permitir um maior foco em startups que possuam solu\u00e7\u00f5es e modelos de neg\u00f3cio de forte pendor digital no sentido de serem elas pr\u00f3prias catalisadoras do processo de transi\u00e7\u00e3o digital preconizado nesta componente. O objetivo espec\u00edfico deste concurso consiste, assim, em conceder apoios a projetos simplificados, que prevejam o desenvolvimento de servi\u00e7os de incuba\u00e7\u00e3o prestados pelas entidades de incuba\u00e7\u00e3o ou acelera\u00e7\u00e3o de empresas.<\/p><p>O prazo para a apresenta\u00e7\u00e3o das candidaturas ao Vale para Incubadoras e Aceleradoras mant\u00e9m-se aberto at\u00e9 \u00e0 rece\u00e7\u00e3o de candidaturas que atinjam o limite apurado em fun\u00e7\u00e3o da dota\u00e7\u00e3o or\u00e7amental definida no ponto 11 do <a href=\"https:\/\/recuperarportugal.gov.pt\/candidatura\/11-aviso-de-abertura-de-concurso-no-ambito-da-medida-vales-para-incubadoras-e-aceleradoras-aviso-de-abertura-de-concurso-n-o-11-c16-i02-2023\/\" target=\"_blank\" rel=\"noopener\">Aviso<\/a> [10.000.000\u20ac ].<\/p><h4>Tipologia de opera\u00e7\u00f5es:<\/h4><p>S\u00e3o suscet\u00edveis de apoio, ao Vale para Incubadoras e Aceleradoras, os projetos j\u00e1 existentes ou a criar, visando desenvolver servi\u00e7os de incuba\u00e7\u00e3o e\/ou acelera\u00e7\u00e3o nas \u00e1reas do empreendedorismo e inova\u00e7\u00e3o, imprescind\u00edveis ao arranque e acelera\u00e7\u00e3o de startups, tais como:<\/p><ul><li><strong>Apoiar Programas de Igni\u00e7\u00e3o ou de Acelera\u00e7\u00e3o<\/strong>: Apoiar o refor\u00e7o da a\u00e7\u00e3o das incubadoras e aceleradoras e a sua capacita\u00e7\u00e3o em recursos humanos, gest\u00e3o e tecnologia para poderem dar um apoio acompanhado ao desenvolvimento das startups, atrav\u00e9s do apoio financeiro ao<br \/>desenvolvimento de programas de igni\u00e7\u00e3o e de acelera\u00e7\u00e3o, em parceria com institui\u00e7\u00f5es de ensino superior, incubadoras, empresas e grupos de investidores nacionais e internacionais;<\/li><li><strong>Apoiar a Capacita\u00e7\u00e3o<\/strong>: Apoiar a capacita\u00e7\u00e3o dos Benefici\u00e1rios, nomeadamente na sua dimens\u00e3o tecnol\u00f3gica e no apoio a modelos de neg\u00f3cio assentes no digital, fortalecendo a rede de startups incubadas e o alargamento da rede de contactos com mentores, empresas, investidores,<br \/>institui\u00e7\u00f5es de ensino superior e centros de investiga\u00e7\u00e3o ou inova\u00e7\u00e3o tecnol\u00f3gica;<\/li><li><strong>Apoiar o Refor\u00e7o de RH<\/strong>: apoiar a contrata\u00e7\u00e3o de novos recursos humanos qualificados de forma permanente, refor\u00e7ando assim o n\u00famero de trabalhadores qualificados em incubadoras e aceleradoras.<\/li><\/ul>\t\t\t\t\t\t<\/div>\n\t\t\t\t<\/div>\n\t\t\t\t<div class=\"elementor-element elementor-element-45d7a4d elementor-widget elementor-widget-accordion\" data-id=\"45d7a4d\" data-element_type=\"widget\" data-widget_type=\"accordion.default\">\n\t\t\t\t<div class=\"elementor-widget-container\">\n\t\t\t\t\t<div class=\"elementor-accordion\">\n\t\t\t\t\t\t\t<div class=\"elementor-accordion-item\">\n\t\t\t\t\t<div id=\"elementor-tab-title-7321\" class=\"elementor-tab-title\" data-tab=\"1\" role=\"button\" aria-controls=\"elementor-tab-content-7321\" aria-expanded=\"false\">\n\t\t\t\t\t\t\t\t\t\t\t\t\t<span class=\"elementor-accordion-icon elementor-accordion-icon-left\" aria-hidden=\"true\">\n\t\t\t\t\t\t\t\t\t\t\t\t\t\t\t<span class=\"elementor-accordion-icon-closed\"><i class=\"fas fa-plus\"><\/i><\/span>\n\t\t\t\t\t\t\t\t<span class=\"elementor-accordion-icon-opened\"><i class=\"fas fa-minus\"><\/i><\/span>\n\t\t\t\t\t\t\t\t\t\t\t\t\t\t<\/span>\n\t\t\t\t\t\t\t\t\t\t\t\t<a class=\"elementor-accordion-title\" tabindex=\"0\">Despesas Eleg\u00edveis<\/a>\n\t\t\t\t\t<\/div>\n\t\t\t\t\t<div id=\"elementor-tab-content-7321\" class=\"elementor-tab-content elementor-clearfix\" data-tab=\"1\" role=\"region\" aria-labelledby=\"elementor-tab-title-7321\"><p>S\u00e3o consideradas despesas eleg\u00edveis as seguintes:<br \/>i. Custos com pessoal t\u00e9cnico diretamente afeto \u00e0 implementa\u00e7\u00e3o do projeto, devendo ser evidenciadas as compet\u00eancias\/val\u00eancias enquadradas no esp\u00edrito do aviso e corresponder a um n\u00edvel m\u00ednimo de qualifica\u00e7\u00e3o VI (QNQ), at\u00e9 ao valor de 75% do total dos custos eleg\u00edveis;<br \/>ii. Despesas com acredita\u00e7\u00e3o ou certifica\u00e7\u00e3o tecnol\u00f3gica de recursos humanos;<br \/>iii. Aquisi\u00e7\u00e3o de Servi\u00e7os Externos Especializados, tais como servi\u00e7os de apoio \u00e0 digitaliza\u00e7\u00e3o de processos de neg\u00f3cios, servi\u00e7os de marketing, de desenvolvimento de produtos e servi\u00e7os, de consultoria e de outros servi\u00e7os especializados para a prossecu\u00e7\u00e3o dos objetivos do projeto;<br \/>iv. Aquisi\u00e7\u00e3o ou aluguer operacional de equipamentos, bem como custos de licenciamento ou de subscri\u00e7\u00e3o de software, destinado \u00e0s atividades a desenvolver no \u00e2mbito do projeto e comparticip\u00e1veis durante o per\u00edodo de execu\u00e7\u00e3o do mesmo;<br \/>v. Custos com a prote\u00e7\u00e3o\/valoriza\u00e7\u00e3o de direitos de propriedade intelectual;<br \/>vi. Custos indiretos.<br \/>Os custos indiretos previstos, s\u00e3o calculados com base em custos simplificados, assentes na aplica\u00e7\u00e3o da taxa fixa de 15% dos custos com recursos humanos.<\/p><\/div>\n\t\t\t\t<\/div>\n\t\t\t\t\t\t\t<div class=\"elementor-accordion-item\">\n\t\t\t\t\t<div id=\"elementor-tab-title-7322\" class=\"elementor-tab-title\" data-tab=\"2\" role=\"button\" aria-controls=\"elementor-tab-content-7322\" aria-expanded=\"false\">\n\t\t\t\t\t\t\t\t\t\t\t\t\t<span class=\"elementor-accordion-icon elementor-accordion-icon-left\" aria-hidden=\"true\">\n\t\t\t\t\t\t\t\t\t\t\t\t\t\t\t<span class=\"elementor-accordion-icon-closed\"><i class=\"fas fa-plus\"><\/i><\/span>\n\t\t\t\t\t\t\t\t<span class=\"elementor-accordion-icon-opened\"><i class=\"fas fa-minus\"><\/i><\/span>\n\t\t\t\t\t\t\t\t\t\t\t\t\t\t<\/span>\n\t\t\t\t\t\t\t\t\t\t\t\t<a class=\"elementor-accordion-title\" tabindex=\"0\">Tempo de Execu\u00e7\u00e3o<\/a>\n\t\t\t\t\t<\/div>\n\t\t\t\t\t<div id=\"elementor-tab-content-7322\" class=\"elementor-tab-content elementor-clearfix\" data-tab=\"2\" role=\"region\" aria-labelledby=\"elementor-tab-title-7322\"><p>Os projetos t\u00eam uma\u00a0<strong>dura\u00e7\u00e3o m\u00e1xima de dezoito mese<\/strong>s a contar da data de assinatura do Termo de Aceita\u00e7\u00e3o. A execu\u00e7\u00e3o dos projetos dever\u00e1 iniciar-se no prazo m\u00e1ximo de tr\u00eas meses ap\u00f3s a comunica\u00e7\u00e3o da decis\u00e3o de concess\u00e3o do apoio, tendo de estar conclu\u00eddo no m\u00e1ximo at\u00e9 30 de setembro de 2025.<\/p><\/div>\n\t\t\t\t<\/div>\n\t\t\t\t\t\t\t<div class=\"elementor-accordion-item\">\n\t\t\t\t\t<div id=\"elementor-tab-title-7323\" class=\"elementor-tab-title\" data-tab=\"3\" role=\"button\" aria-controls=\"elementor-tab-content-7323\" aria-expanded=\"false\">\n\t\t\t\t\t\t\t\t\t\t\t\t\t<span class=\"elementor-accordion-icon elementor-accordion-icon-left\" aria-hidden=\"true\">\n\t\t\t\t\t\t\t\t\t\t\t\t\t\t\t<span class=\"elementor-accordion-icon-closed\"><i class=\"fas fa-plus\"><\/i><\/span>\n\t\t\t\t\t\t\t\t<span class=\"elementor-accordion-icon-opened\"><i class=\"fas fa-minus\"><\/i><\/span>\n\t\t\t\t\t\t\t\t\t\t\t\t\t\t<\/span>\n\t\t\t\t\t\t\t\t\t\t\t\t<a class=\"elementor-accordion-title\" tabindex=\"0\">Financiamento<\/a>\n\t\t\t\t\t<\/div>\n\t\t\t\t\t<div id=\"elementor-tab-content-7323\" class=\"elementor-tab-content elementor-clearfix\" data-tab=\"3\" role=\"region\" aria-labelledby=\"elementor-tab-title-7323\"><p>O apoio a 100% assume a natureza de financiamento n\u00e3o reembols\u00e1vel at\u00e9 ao m\u00e1ximo de 150.000\u20ac.<\/p><\/div>\n\t\t\t\t<\/div>\n\t\t\t\t\t\t\t\t<\/div>\n\t\t\t\t<\/div>\n\t\t\t\t<\/div>\n\t\t\t\t\t<\/div>\n\t\t<\/div>\n\t\t\t\t\t<\/div>\n\t\t<\/section>\n\t\t\t\t<\/div>\n\t\t","protected":false},"excerpt":{"rendered":"<p>Encontra-se aberto o Aviso de Concurso no \u00e2mbito da medida \u201cVales para incubadoras e Aceleradoras\u201d \u2013 Aviso N.\u00ba 11\/C16-i02\/2023 dirigido a entidades de incuba\u00e7\u00e3o ou acelera\u00e7\u00e3o de empresas. Inserido na Componente C16 \u2013 Empresas 4.0, o Vale para Incubadoras e Aceleradoras tem como objetivo investir no aumento dos recursos e apostar na capacita\u00e7\u00e3o dos t\u00e9cnicos&hellip;<\/p>\n","protected":false},"author":3,"featured_media":7020,"comment_status":"closed","ping_status":"closed","sticky":false,"template":"","format":"standard","meta":{"_monsterinsights_skip_tracking":false,"_monsterinsights_sitenote_active":false,"_monsterinsights_sitenote_note":"","_monsterinsights_sitenote_category":0,"footnotes":""},"categories":[238],"tags":[112,282,349],"class_list":["post-7017","post","type-post","status-publish","format-standard","has-post-thumbnail","hentry","category-noticias","tag-apoio-investimento","tag-empresas","tag-prr"],"acf":[],"_links":{"self":[{"href":"https:\/\/neomarca.pt\/pt\/wp-json\/wp\/v2\/posts\/7017","targetHints":{"allow":["GET"]}}],"collection":[{"href":"https:\/\/neomarca.pt\/pt\/wp-json\/wp\/v2\/posts"}],"about":[{"href":"https:\/\/neomarca.pt\/pt\/wp-json\/wp\/v2\/types\/post"}],"author":[{"embeddable":true,"href":"https:\/\/neomarca.pt\/pt\/wp-json\/wp\/v2\/users\/3"}],"replies":[{"embeddable":true,"href":"https:\/\/neomarca.pt\/pt\/wp-json\/wp\/v2\/comments?post=7017"}],"version-history":[{"count":0,"href":"https:\/\/neomarca.pt\/pt\/wp-json\/wp\/v2\/posts\/7017\/revisions"}],"wp:featuredmedia":[{"embeddable":true,"href":"https:\/\/neomarca.pt\/pt\/wp-json\/wp\/v2\/media\/7020"}],"wp:attachment":[{"href":"https:\/\/neomarca.pt\/pt\/wp-json\/wp\/v2\/media?parent=7017"}],"wp:term":[{"taxonomy":"category","embeddable":true,"href":"https:\/\/neomarca.pt\/pt\/wp-json\/wp\/v2\/categories?post=7017"},{"taxonomy":"post_tag","embeddable":true,"href":"https:\/\/neomarca.pt\/pt\/wp-json\/wp\/v2\/tags?post=7017"}],"curies":[{"name":"wp","href":"https:\/\/api.w.org\/{rel}","templated":true}]}}