{"id":7053,"date":"2023-03-23T16:04:32","date_gmt":"2023-03-23T15:04:32","guid":{"rendered":"https:\/\/neomarca.pt\/staging2\/pt\/?p=7053"},"modified":"2023-10-26T08:08:31","modified_gmt":"2023-10-26T07:08:31","slug":"empreende-xxi-candidaturas-abrem-a-3-de-abril","status":"publish","type":"post","link":"https:\/\/neomarca.pt\/pt\/noticias\/empreende-xxi-candidaturas-abrem-a-3-de-abril\/","title":{"rendered":"Empreende XXI: candidaturas abrem a 3 de abril"},"content":{"rendered":"\t\t<div data-elementor-type=\"wp-post\" data-elementor-id=\"7053\" class=\"elementor elementor-7053\" data-elementor-post-type=\"post\">\n\t\t\t\t\t\t<section class=\"elementor-section elementor-top-section elementor-element elementor-element-5067532a elementor-section-boxed elementor-section-height-default elementor-section-height-default\" data-id=\"5067532a\" data-element_type=\"section\">\n\t\t\t\t\t\t<div class=\"elementor-container elementor-column-gap-default\">\n\t\t\t\t\t<div class=\"elementor-column elementor-col-100 elementor-top-column elementor-element elementor-element-59d830c5\" data-id=\"59d830c5\" data-element_type=\"column\">\n\t\t\t<div class=\"elementor-widget-wrap elementor-element-populated\">\n\t\t\t\t\t\t<div class=\"elementor-element elementor-element-2c846f2 elementor-widget elementor-widget-text-editor\" data-id=\"2c846f2\" data-element_type=\"widget\" data-widget_type=\"text-editor.default\">\n\t\t\t\t<div class=\"elementor-widget-container\">\n\t\t\t\t\t\t\t<h3>Candidaturas encerradas a 23\/06\/23.<\/h3><h3>A medida de apoio Empreende XXI destina-se a pessoas inscritas no IEFP que possuam uma ideia de neg\u00f3cio econ\u00f3mico-financeiramente vi\u00e1vel. Qualquer pessoa que esteja inscrita no IEFP pode candidatar-se \u00e0 medida de apoio para criar o seu neg\u00f3cio.<\/h3><p>Os projetos abrangidos pelo Empreende XXI ir\u00e3o ter um apoio de 85%, dividido entre um subs\u00eddio n\u00e3o reembols\u00e1vel, at\u00e9 ao limite de 40% do investimento eleg\u00edvel, e um empr\u00e9stimo sem juros, at\u00e9 ao limite de 45%. O pagamento ser\u00e1 feito em duas tranches.<\/p><p>Do montante total a ser financiado, poder\u00e1 ainda haver uma majora\u00e7\u00e3o:<\/p><ul><li>de 15%, \u201cquando se trate de posto de trabalho preenchido por pessoa do sexo sub-representado em determinada profiss\u00e3o\u201d,<\/li><li>de 15% \u201cquando se trate de projetos inovadores, que abranjam a cria\u00e7\u00e3o de uma nova ideia, produto ou servi\u00e7o\u201d,<\/li><li>de 25%, \u201cquando se trate de posto de trabalho localizado em territ\u00f3rio do interior\u201d,<\/li><li>de 2,5% \u201cpor posto de trabalho criado para contratos de trabalho sem termo e preenchido por desempregados inscritos no IEFP\u201d<\/li><li>ou de 2,5% \u201cpor posto de trabalho criado para contratos de trabalho sem termo destinado a pessoa com qualifica\u00e7\u00e3o de n\u00edvel 5 a 7, ou em 5%, com qualifica\u00e7\u00e3o de n\u00edvel 8.&#8221;<\/li><\/ul><p>A Medida\u00a0Empreende XXI\u00a0ser\u00e1 operacionalizada pelo IEFP e pela Startup Portugal.<\/p><p>Mais informa\u00e7\u00f5es <a href=\"https:\/\/drive.google.com\/file\/d\/1qvd28pUYK95PKaVc3FpsG_EGpcK1KoMT\/view\" target=\"_blank\" rel=\"noopener\">aqui.<\/a><\/p>\t\t\t\t\t\t<\/div>\n\t\t\t\t<\/div>\n\t\t\t\t<div class=\"elementor-element elementor-element-940dcab elementor-widget elementor-widget-accordion\" data-id=\"940dcab\" data-element_type=\"widget\" data-widget_type=\"accordion.default\">\n\t\t\t\t<div class=\"elementor-widget-container\">\n\t\t\t\t\t<div class=\"elementor-accordion\">\n\t\t\t\t\t\t\t<div class=\"elementor-accordion-item\">\n\t\t\t\t\t<div id=\"elementor-tab-title-1551\" class=\"elementor-tab-title\" data-tab=\"1\" role=\"button\" aria-controls=\"elementor-tab-content-1551\" aria-expanded=\"false\">\n\t\t\t\t\t\t\t\t\t\t\t\t\t<span class=\"elementor-accordion-icon elementor-accordion-icon-left\" aria-hidden=\"true\">\n\t\t\t\t\t\t\t\t\t\t\t\t\t\t\t<span class=\"elementor-accordion-icon-closed\"><i class=\"fas fa-plus\"><\/i><\/span>\n\t\t\t\t\t\t\t\t<span class=\"elementor-accordion-icon-opened\"><i class=\"fas fa-minus\"><\/i><\/span>\n\t\t\t\t\t\t\t\t\t\t\t\t\t\t<\/span>\n\t\t\t\t\t\t\t\t\t\t\t\t<a class=\"elementor-accordion-title\" tabindex=\"0\">Crit\u00e9rios de elegibilidade<\/a>\n\t\t\t\t\t<\/div>\n\t\t\t\t\t<div id=\"elementor-tab-content-1551\" class=\"elementor-tab-content elementor-clearfix\" data-tab=\"1\" role=\"region\" aria-labelledby=\"elementor-tab-title-1551\"><ul><li>Encontrar-se inscrito no IEFP;<\/li><li>Ter mais de 18 anos;<\/li><li>Ter a situa\u00e7\u00e3o contributiva regularizada perante a Autoridade Tribut\u00e1ria e Aduaneira e a Seguran\u00e7a Social;<\/li><li>N\u00e3o se encontrar em situa\u00e7\u00e3o de incumprimento no que respeita a apoios financeiros concedidos pelo IEFP;<\/li><li>Ter a situa\u00e7\u00e3o regularizada em mat\u00e9ria de restitui\u00e7\u00f5es no \u00e2mbito dos fundos europeus estruturais e de investimento;<\/li><li>Podem candidatar-se cidad\u00e3os nacionais de pa\u00edses da Uni\u00e3o Europeia, desde que cumpram os requisitos mencionados nos pontos anteriores e possuam certificado de registo de resid\u00eancia e documento de identifica\u00e7\u00e3o v\u00e1lido (bilhete de identidade ou passaporte);<\/li><li>Podem candidatar-se cidad\u00e3os n\u00e3o nacionais, desde que possuam t\u00edtulo que permita a sua resid\u00eancia ou perman\u00eancia em Portugal e que os habilitem a inscrever-se como candidatos a emprego.<\/li><\/ul><\/div>\n\t\t\t\t<\/div>\n\t\t\t\t\t\t\t<div class=\"elementor-accordion-item\">\n\t\t\t\t\t<div id=\"elementor-tab-title-1552\" class=\"elementor-tab-title\" data-tab=\"2\" role=\"button\" aria-controls=\"elementor-tab-content-1552\" aria-expanded=\"false\">\n\t\t\t\t\t\t\t\t\t\t\t\t\t<span class=\"elementor-accordion-icon elementor-accordion-icon-left\" aria-hidden=\"true\">\n\t\t\t\t\t\t\t\t\t\t\t\t\t\t\t<span class=\"elementor-accordion-icon-closed\"><i class=\"fas fa-plus\"><\/i><\/span>\n\t\t\t\t\t\t\t\t<span class=\"elementor-accordion-icon-opened\"><i class=\"fas fa-minus\"><\/i><\/span>\n\t\t\t\t\t\t\t\t\t\t\t\t\t\t<\/span>\n\t\t\t\t\t\t\t\t\t\t\t\t<a class=\"elementor-accordion-title\" tabindex=\"0\">Requisitos dos projetos<\/a>\n\t\t\t\t\t<\/div>\n\t\t\t\t\t<div id=\"elementor-tab-content-1552\" class=\"elementor-tab-content elementor-clearfix\" data-tab=\"2\" role=\"region\" aria-labelledby=\"elementor-tab-title-1552\"><p>Requisitos dos projetos de cria\u00e7\u00e3o de empresas ou do pr\u00f3prio emprego:<br \/>a) Apresentar viabilidade econ\u00f3mico-financeira;<br \/>b) N\u00e3o incluir, no investimento a realizar, a compra de capital social de empresa existente;<br \/>c) Manter a atividade da empresa durante um per\u00edodo n\u00e3o inferior a 2 anos, contados a partir da data da assinatura do termo de aceita\u00e7\u00e3o;<br \/>d) Assegurar a cria\u00e7\u00e3o do respetivo posto de trabalho dos destinat\u00e1rios promotores apoiados durante um per\u00edodo n\u00e3o inferior a 2 anos, contados a partir da data da assinatura do termo de aceita\u00e7\u00e3o.<\/p><p>A realiza\u00e7\u00e3o do investimento e a cria\u00e7\u00e3o do pr\u00f3prio emprego dos destinat\u00e1rios promotores associados ao projeto devem estar conclu\u00eddas no prazo de 12 meses a contar da data da disponibiliza\u00e7\u00e3o inicial do apoio financeiro, salvo impedimento devidamente justificado e aceite pelo IEFP.<\/p><\/div>\n\t\t\t\t<\/div>\n\t\t\t\t\t\t\t<div class=\"elementor-accordion-item\">\n\t\t\t\t\t<div id=\"elementor-tab-title-1553\" class=\"elementor-tab-title\" data-tab=\"3\" role=\"button\" aria-controls=\"elementor-tab-content-1553\" aria-expanded=\"false\">\n\t\t\t\t\t\t\t\t\t\t\t\t\t<span class=\"elementor-accordion-icon elementor-accordion-icon-left\" aria-hidden=\"true\">\n\t\t\t\t\t\t\t\t\t\t\t\t\t\t\t<span class=\"elementor-accordion-icon-closed\"><i class=\"fas fa-plus\"><\/i><\/span>\n\t\t\t\t\t\t\t\t<span class=\"elementor-accordion-icon-opened\"><i class=\"fas fa-minus\"><\/i><\/span>\n\t\t\t\t\t\t\t\t\t\t\t\t\t\t<\/span>\n\t\t\t\t\t\t\t\t\t\t\t\t<a class=\"elementor-accordion-title\" tabindex=\"0\">Financiamento<\/a>\n\t\t\t\t\t<\/div>\n\t\t\t\t\t<div id=\"elementor-tab-content-1553\" class=\"elementor-tab-content elementor-clearfix\" data-tab=\"3\" role=\"region\" aria-labelledby=\"elementor-tab-title-1553\"><p><strong>Apoio financeiro ao investimento para a cria\u00e7\u00e3o de empresas<\/strong><br \/>Aos projetos de cria\u00e7\u00e3o de empresas eleg\u00edveis \u00e9 atribu\u00eddo, pelo IEFP, um apoio financeiro,\u00a0<strong>at\u00e9 85% do total do investimento eleg\u00edvel,<\/strong>\u00a0nas componentes de subs\u00eddio n\u00e3o reembols\u00e1vel e respetivas majora\u00e7\u00f5es e empr\u00e9stimo sem juros.Os projetos devem assegurar, pelo menos, 15% do montante do investimento eleg\u00edvel em capitais pr\u00f3prios.<\/p><p><strong>Subs\u00eddio n\u00e3o reembols\u00e1vel<\/strong><br \/>O subs\u00eddio n\u00e3o reembols\u00e1vel pode ser concedido a<strong>t\u00e9 ao limite de 40% do investimento eleg\u00edvel,<\/strong>\u00a0sendo majorado nas seguintes situa\u00e7\u00f5es:<\/p><p>a) Em 15%, no caso de projetos promovidos por destinat\u00e1rios promotores do sexo sub-representado em determinado setor de atividade econ\u00f3mica, e desde que estes detenham a\u00a0maioria do capital social e dos direitos de voto;<\/p><p>b) Em 15%, quando se trate de projetos inovadores, que abranjam a cria\u00e7\u00e3o de uma nova ideia, produto ou servi\u00e7o, nas \u00e1reas da tecnologia, transi\u00e7\u00e3o clim\u00e1tica, modelo de neg\u00f3cio, entre outras;<br \/>c) Em 25%, quando se trate de projetos localizados em territ\u00f3rio do interior;<br \/>d) Em 2,5% por posto de trabalho criado para contratos de trabalho sem termo e preenchido por desempregados inscritos no IEFP, at\u00e9 ao limite de 30% do valor do subs\u00eddio n\u00e3o reembols\u00e1vel;<br \/>e) Em 2,5%, por posto de trabalho criado para contratos de trabalho sem termo destinado a pessoa com qualifica\u00e7\u00e3o de n\u00edvel 5 a 7, ou em 5%, com qualifica\u00e7\u00e3o de n\u00edvel 8, de acordo com o Quadro Nacional de Qualifica\u00e7\u00f5es, at\u00e9 ao limite de 15% do valor do subs\u00eddio n\u00e3o reembols\u00e1vel.<\/p><p><strong>Empr\u00e9stimo sem juros<\/strong><br \/>O empr\u00e9stimo sem juros pode ser concedido at\u00e9 ao limite de 45% do investimento eleg\u00edvel.<br \/>a) O empr\u00e9stimo sem juros \u00e9 reembols\u00e1vel no prazo de 5 anos e o seu in\u00edcio pode ser diferido at\u00e9 2 anos a contar da data da concess\u00e3o.<br \/>b) O reembolso do apoio \u00e9 efetuado atrav\u00e9s de presta\u00e7\u00f5es mensais, constantes e sucessivas, salvo amortiza\u00e7\u00e3o antecipada do empr\u00e9stimo.<br \/>c) Em momento pr\u00e9vio \u00e0 devolu\u00e7\u00e3o do termo de aceita\u00e7\u00e3o, o destinat\u00e1rio promotor pode optar por converter o per\u00edodo de diferimento em per\u00edodo de reembolso.<\/p><\/div>\n\t\t\t\t<\/div>\n\t\t\t\t\t\t\t<div class=\"elementor-accordion-item\">\n\t\t\t\t\t<div id=\"elementor-tab-title-1554\" class=\"elementor-tab-title\" data-tab=\"4\" role=\"button\" aria-controls=\"elementor-tab-content-1554\" aria-expanded=\"false\">\n\t\t\t\t\t\t\t\t\t\t\t\t\t<span class=\"elementor-accordion-icon elementor-accordion-icon-left\" aria-hidden=\"true\">\n\t\t\t\t\t\t\t\t\t\t\t\t\t\t\t<span class=\"elementor-accordion-icon-closed\"><i class=\"fas fa-plus\"><\/i><\/span>\n\t\t\t\t\t\t\t\t<span class=\"elementor-accordion-icon-opened\"><i class=\"fas fa-minus\"><\/i><\/span>\n\t\t\t\t\t\t\t\t\t\t\t\t\t\t<\/span>\n\t\t\t\t\t\t\t\t\t\t\t\t<a class=\"elementor-accordion-title\" tabindex=\"0\">Tipologia de despesas<\/a>\n\t\t\t\t\t<\/div>\n\t\t\t\t\t<div id=\"elementor-tab-content-1554\" class=\"elementor-tab-content elementor-clearfix\" data-tab=\"4\" role=\"region\" aria-labelledby=\"elementor-tab-title-1554\"><p><strong>Considera-se investimento as despesas em ativos fixos tang\u00edveis e intang\u00edveis e fundo de maneio.<\/strong><br \/>As despesas de investimento s\u00e3o calculadas a pre\u00e7os correntes, deduzindo-se o IVA, sempre que a empresa seja sujeito passivo do mesmo e possa proceder \u00e0 respetiva dedu\u00e7\u00e3o.<br \/>S\u00e3o consideradas eleg\u00edveis as despesas de investimento efetuadas a partir da data de constitui\u00e7\u00e3o da nova empresa.<\/p><p>Despesas n\u00e3o consideradas eleg\u00edveis para efeitos de concess\u00e3o do apoio ao investimento:<br \/>a) Despesas com aquisi\u00e7\u00e3o de im\u00f3veis;<br \/>b) Despesas com constru\u00e7\u00e3o de edif\u00edcios;<br \/>c) Despesas cuja relev\u00e2ncia para a realiza\u00e7\u00e3o do projeto n\u00e3o seja fundamentada;<br \/>d) Que ultrapassem no seu conjunto o valor de 200.000 \u20ac.<\/p><\/div>\n\t\t\t\t<\/div>\n\t\t\t\t\t\t\t\t<\/div>\n\t\t\t\t<\/div>\n\t\t\t\t<\/div>\n\t\t\t\t<section class=\"elementor-section elementor-inner-section elementor-element elementor-element-b19f541 elementor-section-boxed elementor-section-height-default elementor-section-height-default\" data-id=\"b19f541\" data-element_type=\"section\" data-settings=\"{&quot;background_background&quot;:&quot;classic&quot;}\">\n\t\t\t\t\t\t<div class=\"elementor-container elementor-column-gap-default\">\n\t\t\t\t\t<div class=\"elementor-column elementor-col-50 elementor-inner-column elementor-element elementor-element-960d9f6\" data-id=\"960d9f6\" data-element_type=\"column\">\n\t\t\t<div class=\"elementor-widget-wrap elementor-element-populated\">\n\t\t\t\t\t\t<div class=\"elementor-element elementor-element-8218574 elementor-widget elementor-widget-heading\" data-id=\"8218574\" data-element_type=\"widget\" data-widget_type=\"heading.default\">\n\t\t\t\t<div class=\"elementor-widget-container\">\n\t\t\t<h5 class=\"elementor-heading-title elementor-size-default\">Quer candidatar-se \u00e0 medida Empreende XXI?<\/h5>\t\t<\/div>\n\t\t\t\t<\/div>\n\t\t\t\t<div class=\"elementor-element elementor-element-0bb0583 elementor-widget elementor-widget-text-editor\" data-id=\"0bb0583\" data-element_type=\"widget\" data-widget_type=\"text-editor.default\">\n\t\t\t\t<div class=\"elementor-widget-container\">\n\t\t\t\t\t\t\t<p>Envie um email com a sua ideia de neg\u00f3cio para a nossa equipa validar o enquadramento nesta medida.<\/p>\t\t\t\t\t\t<\/div>\n\t\t\t\t<\/div>\n\t\t\t\t\t<\/div>\n\t\t<\/div>\n\t\t\t\t<div class=\"elementor-column elementor-col-50 elementor-inner-column elementor-element elementor-element-7a83bde\" data-id=\"7a83bde\" data-element_type=\"column\">\n\t\t\t<div class=\"elementor-widget-wrap elementor-element-populated\">\n\t\t\t\t\t\t<div class=\"elementor-element elementor-element-f11f910 elementor-align-right elementor-mobile-align-left elementor-widget elementor-widget-button\" data-id=\"f11f910\" data-element_type=\"widget\" data-widget_type=\"button.default\">\n\t\t\t\t<div class=\"elementor-widget-container\">\n\t\t\t\t\t<div class=\"elementor-button-wrapper\">\n\t\t\t<a class=\"elementor-button elementor-button-link elementor-size-md\" href=\"mailto:info@neomarca.eu\">\n\t\t\t\t\t\t<span class=\"elementor-button-content-wrapper\">\n\t\t\t\t\t\t<span class=\"elementor-button-text\">Agendar Reuni\u00e3o<\/span>\n\t\t<\/span>\n\t\t\t\t\t<\/a>\n\t\t<\/div>\n\t\t\t\t<\/div>\n\t\t\t\t<\/div>\n\t\t\t\t\t<\/div>\n\t\t<\/div>\n\t\t\t\t\t<\/div>\n\t\t<\/section>\n\t\t\t\t\t<\/div>\n\t\t<\/div>\n\t\t\t\t\t<\/div>\n\t\t<\/section>\n\t\t\t\t<\/div>\n\t\t","protected":false},"excerpt":{"rendered":"<p>Candidaturas encerradas a 23\/06\/23. A medida de apoio Empreende XXI destina-se a pessoas inscritas no IEFP que possuam uma ideia de neg\u00f3cio econ\u00f3mico-financeiramente vi\u00e1vel. Qualquer pessoa que esteja inscrita no IEFP pode candidatar-se \u00e0 medida de apoio para criar o seu neg\u00f3cio. Os projetos abrangidos pelo Empreende XXI ir\u00e3o ter um apoio de 85%, dividido&hellip;<\/p>\n","protected":false},"author":3,"featured_media":7057,"comment_status":"closed","ping_status":"closed","sticky":false,"template":"","format":"standard","meta":{"_monsterinsights_skip_tracking":false,"_monsterinsights_sitenote_active":false,"_monsterinsights_sitenote_note":"","_monsterinsights_sitenote_category":0,"footnotes":""},"categories":[238],"tags":[112,282],"class_list":["post-7053","post","type-post","status-publish","format-standard","has-post-thumbnail","hentry","category-noticias","tag-apoio-investimento","tag-empresas"],"acf":[],"_links":{"self":[{"href":"https:\/\/neomarca.pt\/pt\/wp-json\/wp\/v2\/posts\/7053","targetHints":{"allow":["GET"]}}],"collection":[{"href":"https:\/\/neomarca.pt\/pt\/wp-json\/wp\/v2\/posts"}],"about":[{"href":"https:\/\/neomarca.pt\/pt\/wp-json\/wp\/v2\/types\/post"}],"author":[{"embeddable":true,"href":"https:\/\/neomarca.pt\/pt\/wp-json\/wp\/v2\/users\/3"}],"replies":[{"embeddable":true,"href":"https:\/\/neomarca.pt\/pt\/wp-json\/wp\/v2\/comments?post=7053"}],"version-history":[{"count":0,"href":"https:\/\/neomarca.pt\/pt\/wp-json\/wp\/v2\/posts\/7053\/revisions"}],"wp:featuredmedia":[{"embeddable":true,"href":"https:\/\/neomarca.pt\/pt\/wp-json\/wp\/v2\/media\/7057"}],"wp:attachment":[{"href":"https:\/\/neomarca.pt\/pt\/wp-json\/wp\/v2\/media?parent=7053"}],"wp:term":[{"taxonomy":"category","embeddable":true,"href":"https:\/\/neomarca.pt\/pt\/wp-json\/wp\/v2\/categories?post=7053"},{"taxonomy":"post_tag","embeddable":true,"href":"https:\/\/neomarca.pt\/pt\/wp-json\/wp\/v2\/tags?post=7053"}],"curies":[{"name":"wp","href":"https:\/\/api.w.org\/{rel}","templated":true}]}}