{"id":7113,"date":"2023-05-15T10:32:19","date_gmt":"2023-05-15T09:32:19","guid":{"rendered":"https:\/\/neomarca.pt\/staging2\/pt\/?p=7113"},"modified":"2023-10-26T06:27:39","modified_gmt":"2023-10-26T05:27:39","slug":"alentejo2030-candidaturas-abertas-ao-investimento-empresarial-produtivo-para-uma-transicao-justa","status":"publish","type":"post","link":"https:\/\/neomarca.pt\/pt\/noticias\/alentejo2030-candidaturas-abertas-ao-investimento-empresarial-produtivo-para-uma-transicao-justa\/","title":{"rendered":"Alentejo 2030: candidaturas abertas ao Investimento Empresarial Produtivo para uma Transi\u00e7\u00e3o Justa"},"content":{"rendered":"\t\t<div data-elementor-type=\"wp-post\" data-elementor-id=\"7113\" class=\"elementor elementor-7113\" data-elementor-post-type=\"post\">\n\t\t\t\t\t\t<section class=\"elementor-section elementor-top-section elementor-element elementor-element-2fa39c5b elementor-section-boxed elementor-section-height-default elementor-section-height-default\" data-id=\"2fa39c5b\" data-element_type=\"section\">\n\t\t\t\t\t\t<div class=\"elementor-container elementor-column-gap-default\">\n\t\t\t\t\t<div class=\"elementor-column elementor-col-100 elementor-top-column elementor-element elementor-element-6cc7198f\" data-id=\"6cc7198f\" data-element_type=\"column\">\n\t\t\t<div class=\"elementor-widget-wrap elementor-element-populated\">\n\t\t\t\t\t\t<div class=\"elementor-element elementor-element-1687ded8 elementor-widget elementor-widget-text-editor\" data-id=\"1687ded8\" data-element_type=\"widget\" data-widget_type=\"text-editor.default\">\n\t\t\t\t<div class=\"elementor-widget-container\">\n\t\t\t\t\t\t\t<h3>O programa Alentejo 2030 lan\u00e7ou recentemente o primeiro aviso do Fundo para a Transi\u00e7\u00e3o Justa, dirigido a micro, pequenas e m\u00e9dias empresas (PME) com contabilidade organizada, para investimentos em estabelecimentos situados no Alentejo Litoral.<\/h3><p>O aviso, denominado \u201c<strong>Investimento Empresarial Produtivo para uma transi\u00e7\u00e3o justa<\/strong>\u201d, visa apoiar investimentos empresariais em atividades inovadoras e qualificadas, com foco no refor\u00e7o e expans\u00e3o de novas ind\u00fastrias e novos servi\u00e7os tecnologicamente avan\u00e7ados, dirigidos \u00e0 transi\u00e7\u00e3o clim\u00e1tica e energ\u00e9tica.<\/p><p>Ser\u00e3o alvo de apoio a cria\u00e7\u00e3o de um novo estabelecimento, o aumento da capacidade de um estabelecimento j\u00e1 existente e a diversifica\u00e7\u00e3o da produ\u00e7\u00e3o de um estabelecimento para produtos n\u00e3o produzidos anteriormente.<\/p><p>Consideram-se eleg\u00edveis investimentos produtivos enquadr\u00e1veis nos setores do Agroalimentar, do Turismo e das Energias Renov\u00e1veis (excluindo projetos de investimento destinados \u00e0 produ\u00e7\u00e3o, armazenamento, transporte, projetos de investimento destinados \u00e0 produ\u00e7\u00e3o, armazenamento, transporte, distribui\u00e7\u00e3o e infraestruturas).<\/p><p><strong>Os projetos de investimento devem apresentar um m\u00ednimo de despesa eleg\u00edvel total de 250.000 euros e\u00a0inferior a 25 milh\u00f5es euros. <\/strong><\/p><p>O per\u00edodo de candidaturas, dividido em quatro fases, teve in\u00edcio a 4 de maio e estender-se-\u00e1 at\u00e9 15 de dezembro de 2023.<\/p><p>As opera\u00e7\u00f5es ser\u00e3o cofinanciadas pelo FTJ \u2013 Fundo de Transi\u00e7\u00e3o Justa, um novo instrumento financeiro no \u00e2mbito da pol\u00edtica de coes\u00e3o, que presta apoio aos territ\u00f3rios que enfrentam graves desafios socioecon\u00f3micos decorrentes do processo de transi\u00e7\u00e3o para uma economia com impacto neutro no clima, sendo por isso a sub-regi\u00e3o Alentejo Litoral eleg\u00edvel.<\/p>\t\t\t\t\t\t<\/div>\n\t\t\t\t<\/div>\n\t\t\t\t<div class=\"elementor-element elementor-element-eba8e17 elementor-widget elementor-widget-accordion\" data-id=\"eba8e17\" data-element_type=\"widget\" data-widget_type=\"accordion.default\">\n\t\t\t\t<div class=\"elementor-widget-container\">\n\t\t\t\t\t<div class=\"elementor-accordion\">\n\t\t\t\t\t\t\t<div class=\"elementor-accordion-item\">\n\t\t\t\t\t<div id=\"elementor-tab-title-2471\" class=\"elementor-tab-title\" data-tab=\"1\" role=\"button\" aria-controls=\"elementor-tab-content-2471\" aria-expanded=\"false\">\n\t\t\t\t\t\t\t\t\t\t\t\t\t<span class=\"elementor-accordion-icon elementor-accordion-icon-left\" aria-hidden=\"true\">\n\t\t\t\t\t\t\t\t\t\t\t\t\t\t\t<span class=\"elementor-accordion-icon-closed\"><i class=\"fas fa-plus\"><\/i><\/span>\n\t\t\t\t\t\t\t\t<span class=\"elementor-accordion-icon-opened\"><i class=\"fas fa-minus\"><\/i><\/span>\n\t\t\t\t\t\t\t\t\t\t\t\t\t\t<\/span>\n\t\t\t\t\t\t\t\t\t\t\t\t<a class=\"elementor-accordion-title\" tabindex=\"0\">\u00c1rea geogr\u00e1fica abrangida<\/a>\n\t\t\t\t\t<\/div>\n\t\t\t\t\t<div id=\"elementor-tab-content-2471\" class=\"elementor-tab-content elementor-clearfix\" data-tab=\"1\" role=\"region\" aria-labelledby=\"elementor-tab-title-2471\"><p>NUTS III \u2013 Alentejo Litoral.<\/p><p>A sub-regi\u00e3o do\u00a0<b>Alentejo Litoral<\/b>\u00a0abrange o territ\u00f3rio da\u00a0<b>NUT III<\/b>\u00a0constitu\u00eddo pelos munic\u00edpios de Alc\u00e1cer do Sal, Gr\u00e2ndola, Odemira, Santiago do Cac\u00e9m e Sines<\/p><\/div>\n\t\t\t\t<\/div>\n\t\t\t\t\t\t\t<div class=\"elementor-accordion-item\">\n\t\t\t\t\t<div id=\"elementor-tab-title-2472\" class=\"elementor-tab-title\" data-tab=\"2\" role=\"button\" aria-controls=\"elementor-tab-content-2472\" aria-expanded=\"false\">\n\t\t\t\t\t\t\t\t\t\t\t\t\t<span class=\"elementor-accordion-icon elementor-accordion-icon-left\" aria-hidden=\"true\">\n\t\t\t\t\t\t\t\t\t\t\t\t\t\t\t<span class=\"elementor-accordion-icon-closed\"><i class=\"fas fa-plus\"><\/i><\/span>\n\t\t\t\t\t\t\t\t<span class=\"elementor-accordion-icon-opened\"><i class=\"fas fa-minus\"><\/i><\/span>\n\t\t\t\t\t\t\t\t\t\t\t\t\t\t<\/span>\n\t\t\t\t\t\t\t\t\t\t\t\t<a class=\"elementor-accordion-title\" tabindex=\"0\">Taxa cofinanciamento<\/a>\n\t\t\t\t\t<\/div>\n\t\t\t\t\t<div id=\"elementor-tab-content-2472\" class=\"elementor-tab-content elementor-clearfix\" data-tab=\"2\" role=\"region\" aria-labelledby=\"elementor-tab-title-2472\"><p><strong>50%, n\u00e3o reembols\u00e1vel<\/strong><\/p><ul><li>Taxa Base: 30 p.p. para m\u00e9dias empresas e 40 p.p. para micro e pequenas empresas.<br \/>b. Majora\u00e7\u00f5es:<p>\u00a0<\/p><ul><li>i. \u00abPrioridades de pol\u00edticas setoriais e ou territoriais\u00bb: 5 p.p. pelo cumprimento de cada uma das seguintes prioridades, at\u00e9 ao limite de 10 p.p.:<br \/>\u2013 RIS 3 Regional \u2013 para opera\u00e7\u00f5es enquadr\u00e1veis em mais do que um dom\u00ednio de especializa\u00e7\u00e3o da RIS3 Regional;<br \/>\u2013 Contrata\u00e7\u00e3o coletiva din\u00e2mica \u2013 para opera\u00e7\u00f5es de entidades que tenham contrata\u00e7\u00e3o coletiva din\u00e2mica, considerando-se para o efeito a outorga ou renova\u00e7\u00e3o de Instrumento de Regulamenta\u00e7\u00e3o Coletiva de Trabalho h\u00e1 menos de tr\u00eas anos. A exist\u00eancia da contrata\u00e7\u00e3o coletiva din\u00e2mica ser\u00e1 aferida com base no c\u00f3digo do Instrumento de Regulamenta\u00e7\u00e3o Coletiva de Trabalho indicado no formul\u00e1rio de candidatura.<\/li><li>ii. \u00abCria\u00e7\u00e3o de emprego qualificado\u00bb: 5 p.p. a atribuir a opera\u00e7\u00f5es que gerem postos de trabalho qualificados, (qualifica\u00e7\u00e3o igual ou superior ao n\u00edvel 6 de acordo com a Portaria n.\u00ba 782\/2009, de 23 de julho), atribu\u00edda quando se verifique cria\u00e7\u00e3o l\u00edquida de emprego altamente qualificado no p\u00f3s-projeto (N.\u00ba de postos de trabalho):<br \/>\u2013 Micro e Pequena Empresa \u2013 2 ou + postos de trabalho<br \/>\u2013 M\u00e9dia Empresa \u2013 5 ou + postos de trabalho<\/li><li>iii. \u00abCapitaliza\u00e7\u00e3o PME\u00bb: 5 p.p. a atribuir a opera\u00e7\u00f5es cuja componente privada seja financiada maioritariamente por capitais pr\u00f3prios, atrav\u00e9s da demonstra\u00e7\u00e3o da capacidade de financiamento da opera\u00e7\u00e3o com capitais pr\u00f3prios igual ou superior a 25 % das despesas eleg\u00edveis;<\/li><\/ul><\/li><\/ul><\/div>\n\t\t\t\t<\/div>\n\t\t\t\t\t\t\t<div class=\"elementor-accordion-item\">\n\t\t\t\t\t<div id=\"elementor-tab-title-2473\" class=\"elementor-tab-title\" data-tab=\"3\" role=\"button\" aria-controls=\"elementor-tab-content-2473\" aria-expanded=\"false\">\n\t\t\t\t\t\t\t\t\t\t\t\t\t<span class=\"elementor-accordion-icon elementor-accordion-icon-left\" aria-hidden=\"true\">\n\t\t\t\t\t\t\t\t\t\t\t\t\t\t\t<span class=\"elementor-accordion-icon-closed\"><i class=\"fas fa-plus\"><\/i><\/span>\n\t\t\t\t\t\t\t\t<span class=\"elementor-accordion-icon-opened\"><i class=\"fas fa-minus\"><\/i><\/span>\n\t\t\t\t\t\t\t\t\t\t\t\t\t\t<\/span>\n\t\t\t\t\t\t\t\t\t\t\t\t<a class=\"elementor-accordion-title\" tabindex=\"0\">Tipologia de Projetos<\/a>\n\t\t\t\t\t<\/div>\n\t\t\t\t\t<div id=\"elementor-tab-content-2473\" class=\"elementor-tab-content elementor-clearfix\" data-tab=\"3\" role=\"region\" aria-labelledby=\"elementor-tab-title-2473\"><ul><li>a. A cria\u00e7\u00e3o de um novo estabelecimento;<\/li><li>b. O aumento da capacidade de um estabelecimento j\u00e1 existente, devendo esse aumento corresponder no m\u00ednimo a 20% da capacidade instalada em rela\u00e7\u00e3o ao ano pr\u00e9 projeto. Nesta tipologia a empresa deve aumentar a sua capacidade produtiva de bens e\/ou servi\u00e7os j\u00e1 produzidos nesse estabelecimento. Para demonstrar o cumprimento do aumento m\u00ednimo de 20% \u00e9 admitido o aumento em termos de Valor Bruto da Produ\u00e7\u00e3o (VBP) ou outro crit\u00e9rio tecnicamente sustent\u00e1vel pela empresa a demonstrar no formul\u00e1rio de candidatura. O crit\u00e9rio a utilizar deve permitir calcular o aumento em termos de taxa de crescimento entre o pr\u00e9 e p\u00f3s projeto: ((Ano p\u00f3s \u2013 Ano pr\u00e9)\/Ano pr\u00e9))*100;<\/li><li>c. A diversifica\u00e7\u00e3o da produ\u00e7\u00e3o de um estabelecimento para produtos n\u00e3o produzidos anteriormente no estabelecimento, sendo que os custos eleg\u00edveis devem exceder em, pelo menos, 200% o valor contabil\u00edstico dos ativos que s\u00e3o reutilizados, tal como registado no exerc\u00edcio fiscal precedente ao in\u00edcio dos trabalhos (2022). Ou seja, a despesa eleg\u00edvel do projeto deve representar no m\u00ednimo o valor correspondente a 3 vezes o valor contabil\u00edstico dos ativos reutilizados. Os ativos reutilizados no projeto de diversifica\u00e7\u00e3o (terrenos, edif\u00edcios, m\u00e1quinas, equipamentos e outros ativos fixos tang\u00edveis e intang\u00edveis) devem ser identificados pela empresa na candidatura, sendo admitida a utiliza\u00e7\u00e3o de um m\u00e9todo pro-rata para o seu apuramento, com base no peso relativo do volume de vendas dos novos produtos ou outro crit\u00e9rio desde que tecnicamente sustent\u00e1vel;<\/li><\/ul><\/div>\n\t\t\t\t<\/div>\n\t\t\t\t\t\t\t<div class=\"elementor-accordion-item\">\n\t\t\t\t\t<div id=\"elementor-tab-title-2474\" class=\"elementor-tab-title\" data-tab=\"4\" role=\"button\" aria-controls=\"elementor-tab-content-2474\" aria-expanded=\"false\">\n\t\t\t\t\t\t\t\t\t\t\t\t\t<span class=\"elementor-accordion-icon elementor-accordion-icon-left\" aria-hidden=\"true\">\n\t\t\t\t\t\t\t\t\t\t\t\t\t\t\t<span class=\"elementor-accordion-icon-closed\"><i class=\"fas fa-plus\"><\/i><\/span>\n\t\t\t\t\t\t\t\t<span class=\"elementor-accordion-icon-opened\"><i class=\"fas fa-minus\"><\/i><\/span>\n\t\t\t\t\t\t\t\t\t\t\t\t\t\t<\/span>\n\t\t\t\t\t\t\t\t\t\t\t\t<a class=\"elementor-accordion-title\" tabindex=\"0\">Despesas Eleg\u00edveis<\/a>\n\t\t\t\t\t<\/div>\n\t\t\t\t\t<div id=\"elementor-tab-content-2474\" class=\"elementor-tab-content elementor-clearfix\" data-tab=\"4\" role=\"region\" aria-labelledby=\"elementor-tab-title-2474\"><p>No \u00e2mbito do presente Aviso de concurso, s\u00e3o eleg\u00edveis os seguintes custos, desde que diretamente relacionados com o desenvolvimento da opera\u00e7\u00e3o:<\/p><ul><li>a. Ativos corp\u00f3reos, incluindo a aquisi\u00e7\u00e3o de m\u00e1quinas e equipamentos, custos diretamente atribu\u00edveis para os colocar na localiza\u00e7\u00e3o e condi\u00e7\u00f5es necess\u00e1rias para o respetivo funcionamento, bem como a aquisi\u00e7\u00e3o de equipamentos inform\u00e1ticos, incluindo o software necess\u00e1rio ao seu funcionamento;<\/li><li>Em casos devidamente justificados, as opera\u00e7\u00f5es podem ainda incluir a constru\u00e7\u00e3o de edif\u00edcios, obras de remodela\u00e7\u00e3o e<br \/>outras constru\u00e7\u00f5es.<\/li><li>b. Ativos incorp\u00f3reos, incluindo a transfer\u00eancia de tecnologia atrav\u00e9s da aquisi\u00e7\u00e3o de direitos de patentes, nacionais e internacionais, licen\u00e7as, conhecimentos t\u00e9cnicos n\u00e3o protegidos por patente, e software standard ou desenvolvido especificamente para determinado fim;<\/li><li>c. Outras despesas de investimento, incluindo despesas com a interven\u00e7\u00e3o de contabilistas certificados ou revisores oficiais de contas, na valida\u00e7\u00e3o da despesa dos pedidos de pagamento; servi\u00e7os de engenharia; estudos, diagn\u00f3sticos, auditorias; estudos ou relat\u00f3rios no \u00e2mbito do alinhamento da opera\u00e7\u00e3o com o Princ\u00edpio \u00abN\u00e3o prejudicar significativamente\u00bb, conforme definido no artigo 8.\u00ba do REITD; planos de marketing; projetos e servi\u00e7os de arquitetura e de engenharia.<\/li><li>No caso das opera\u00e7\u00f5es do setor do turismo, em casos devidamente justificados no \u00e2mbito do exerc\u00edcio da respetiva atividade tur\u00edstica, pode ser eleg\u00edvel o material circulante que constitua a pr\u00f3pria atividade tur\u00edstica a desenvolver, desde que diretamente relacionadas com o exerc\u00edcio dessa atividade e desde que n\u00e3o movidos por combust\u00edveis f\u00f3sseis.<\/li><\/ul><p>\u00a0<\/p><ol><li>As despesas com constru\u00e7\u00e3o de edif\u00edcios, obras de remodela\u00e7\u00e3o e outras constru\u00e7\u00f5es s\u00e3o eleg\u00edveis at\u00e9 ao limite de 35% da totalidade das despesas eleg\u00edveis da opera\u00e7\u00e3o enquadr\u00e1veis nos setores das Energias Renov\u00e1veis e Agroalimentar e at\u00e9 ao limite de 60% da totalidade das despesas eleg\u00edveis da opera\u00e7\u00e3o enquadr\u00e1veis no setor do Turismo.<\/li><li>N\u00e3o s\u00e3o eleg\u00edveis as despesas relacionadas com empreendimentos tur\u00edsticos\/unidades de alojamento exploradas em regime de direito de habita\u00e7\u00e3o peri\u00f3dica, de natureza real ou obrigacional.<\/li><li>Outras despesas de investimento, incluindo despesas com a interven\u00e7\u00e3o de contabilistas certificados ou revisores oficiais de contas, na valida\u00e7\u00e3o da despesa dos pedidos de pagamento; servi\u00e7os de engenharia; estudos; diagn\u00f3sticos; auditorias e projetos de arquitetura e de engenharia, s\u00e3o eleg\u00edveis at\u00e9 ao limite de 5% da totalidade das despesas eleg\u00edveis da opera\u00e7\u00e3o.<\/li><li>Os custos com a realiza\u00e7\u00e3o de estudos ou relat\u00f3rios no \u00e2mbito do alinhamento da opera\u00e7\u00e3o com o Princ\u00edpio \u00abN\u00e3o Prejudicar Significativamente\u00bb, conforme definido no artigo 8.\u00ba do REITD, inclu\u00eddos na al\u00ednea c) do Ponto anterior, n\u00e3o podem exceder 15.000 euros.<\/li><\/ol><\/div>\n\t\t\t\t<\/div>\n\t\t\t\t\t\t\t<div class=\"elementor-accordion-item\">\n\t\t\t\t\t<div id=\"elementor-tab-title-2475\" class=\"elementor-tab-title\" data-tab=\"5\" role=\"button\" aria-controls=\"elementor-tab-content-2475\" aria-expanded=\"false\">\n\t\t\t\t\t\t\t\t\t\t\t\t\t<span class=\"elementor-accordion-icon elementor-accordion-icon-left\" aria-hidden=\"true\">\n\t\t\t\t\t\t\t\t\t\t\t\t\t\t\t<span class=\"elementor-accordion-icon-closed\"><i class=\"fas fa-plus\"><\/i><\/span>\n\t\t\t\t\t\t\t\t<span class=\"elementor-accordion-icon-opened\"><i class=\"fas fa-minus\"><\/i><\/span>\n\t\t\t\t\t\t\t\t\t\t\t\t\t\t<\/span>\n\t\t\t\t\t\t\t\t\t\t\t\t<a class=\"elementor-accordion-title\" tabindex=\"0\">Crit\u00e9rios de sele\u00e7\u00e3o<\/a>\n\t\t\t\t\t<\/div>\n\t\t\t\t\t<div id=\"elementor-tab-content-2475\" class=\"elementor-tab-content elementor-clearfix\" data-tab=\"5\" role=\"region\" aria-labelledby=\"elementor-tab-title-2475\"><p>A metodologia para sele\u00e7\u00e3o das opera\u00e7\u00f5es \u00e9 baseada no indicador de M\u00e9rito do Projeto (MP), determinado pela soma ponderada das pontua\u00e7\u00f5es obtidas de acordo com a seguinte f\u00f3rmula: MP =\u00a0<strong>0,3A+ 0,2B + 0,1C +0,4D<\/strong><\/p><p>A. Adequa\u00e7\u00e3o \u00e0 Estrat\u00e9gia<br \/>B. Qualidade<br \/>C. Capacidade de Execu\u00e7\u00e3o<br \/>D. Impacto<\/p><p>Para efeitos de sele\u00e7\u00e3o, consideram-se eleg\u00edveis as opera\u00e7\u00f5es que obtenham uma pontua\u00e7\u00e3o final de MP igual ou superior a 3,00.<\/p><\/div>\n\t\t\t\t<\/div>\n\t\t\t\t\t\t\t\t<\/div>\n\t\t\t\t<\/div>\n\t\t\t\t<\/div>\n\t\t\t\t<section class=\"elementor-section elementor-inner-section elementor-element elementor-element-f54d045 elementor-section-boxed elementor-section-height-default elementor-section-height-default\" data-id=\"f54d045\" data-element_type=\"section\" data-settings=\"{&quot;background_background&quot;:&quot;classic&quot;}\">\n\t\t\t\t\t\t<div class=\"elementor-container elementor-column-gap-default\">\n\t\t\t\t\t<div class=\"elementor-column elementor-col-50 elementor-inner-column elementor-element elementor-element-e71eea3\" data-id=\"e71eea3\" data-element_type=\"column\">\n\t\t\t<div class=\"elementor-widget-wrap elementor-element-populated\">\n\t\t\t\t\t\t<div class=\"elementor-element elementor-element-c4a17da elementor-widget elementor-widget-heading\" data-id=\"c4a17da\" data-element_type=\"widget\" data-widget_type=\"heading.default\">\n\t\t\t\t<div class=\"elementor-widget-container\">\n\t\t\t<h5 class=\"elementor-heading-title elementor-size-default\">Pretende obter mais informa\u00e7\u00f5es?<\/h5>\t\t<\/div>\n\t\t\t\t<\/div>\n\t\t\t\t<div class=\"elementor-element elementor-element-b906273 elementor-widget elementor-widget-text-editor\" data-id=\"b906273\" data-element_type=\"widget\" data-widget_type=\"text-editor.default\">\n\t\t\t\t<div class=\"elementor-widget-container\">\n\t\t\t\t\t\t\t<p>Agende uma reuni\u00e3o com a nossa equipa de especialistas.<\/p>\t\t\t\t\t\t<\/div>\n\t\t\t\t<\/div>\n\t\t\t\t\t<\/div>\n\t\t<\/div>\n\t\t\t\t<div class=\"elementor-column elementor-col-50 elementor-inner-column elementor-element elementor-element-5c1bc24\" data-id=\"5c1bc24\" data-element_type=\"column\">\n\t\t\t<div class=\"elementor-widget-wrap elementor-element-populated\">\n\t\t\t\t\t\t<div class=\"elementor-element elementor-element-7d68d33 elementor-align-right elementor-mobile-align-left elementor-widget elementor-widget-button\" data-id=\"7d68d33\" data-element_type=\"widget\" data-widget_type=\"button.default\">\n\t\t\t\t<div class=\"elementor-widget-container\">\n\t\t\t\t\t<div class=\"elementor-button-wrapper\">\n\t\t\t<a class=\"elementor-button elementor-button-link elementor-size-md\" href=\"mailto:info@neomarca.eu\">\n\t\t\t\t\t\t<span class=\"elementor-button-content-wrapper\">\n\t\t\t\t\t\t<span class=\"elementor-button-text\">Agendar Reuni\u00e3o<\/span>\n\t\t<\/span>\n\t\t\t\t\t<\/a>\n\t\t<\/div>\n\t\t\t\t<\/div>\n\t\t\t\t<\/div>\n\t\t\t\t\t<\/div>\n\t\t<\/div>\n\t\t\t\t\t<\/div>\n\t\t<\/section>\n\t\t\t\t\t<\/div>\n\t\t<\/div>\n\t\t\t\t\t<\/div>\n\t\t<\/section>\n\t\t\t\t<\/div>\n\t\t","protected":false},"excerpt":{"rendered":"<p>O programa Alentejo 2030 lan\u00e7ou recentemente o primeiro aviso do Fundo para a Transi\u00e7\u00e3o Justa, dirigido a micro, pequenas e m\u00e9dias empresas (PME) com contabilidade organizada, para investimentos em estabelecimentos situados no Alentejo Litoral. O aviso, denominado \u201cInvestimento Empresarial Produtivo para uma transi\u00e7\u00e3o justa\u201d, visa apoiar investimentos empresariais em atividades inovadoras e qualificadas, com foco&hellip;<\/p>\n","protected":false},"author":3,"featured_media":7115,"comment_status":"closed","ping_status":"closed","sticky":false,"template":"","format":"standard","meta":{"_monsterinsights_skip_tracking":false,"_monsterinsights_sitenote_active":false,"_monsterinsights_sitenote_note":"","_monsterinsights_sitenote_category":0,"footnotes":""},"categories":[363,238],"tags":[254,112,346],"class_list":["post-7113","post","type-post","status-publish","format-standard","has-post-thumbnail","hentry","category-candidaturas-abertas","category-noticias","tag-apoio-ao-financiamento","tag-apoio-investimento","tag-portugal-2030"],"acf":[],"_links":{"self":[{"href":"https:\/\/neomarca.pt\/pt\/wp-json\/wp\/v2\/posts\/7113","targetHints":{"allow":["GET"]}}],"collection":[{"href":"https:\/\/neomarca.pt\/pt\/wp-json\/wp\/v2\/posts"}],"about":[{"href":"https:\/\/neomarca.pt\/pt\/wp-json\/wp\/v2\/types\/post"}],"author":[{"embeddable":true,"href":"https:\/\/neomarca.pt\/pt\/wp-json\/wp\/v2\/users\/3"}],"replies":[{"embeddable":true,"href":"https:\/\/neomarca.pt\/pt\/wp-json\/wp\/v2\/comments?post=7113"}],"version-history":[{"count":0,"href":"https:\/\/neomarca.pt\/pt\/wp-json\/wp\/v2\/posts\/7113\/revisions"}],"wp:featuredmedia":[{"embeddable":true,"href":"https:\/\/neomarca.pt\/pt\/wp-json\/wp\/v2\/media\/7115"}],"wp:attachment":[{"href":"https:\/\/neomarca.pt\/pt\/wp-json\/wp\/v2\/media?parent=7113"}],"wp:term":[{"taxonomy":"category","embeddable":true,"href":"https:\/\/neomarca.pt\/pt\/wp-json\/wp\/v2\/categories?post=7113"},{"taxonomy":"post_tag","embeddable":true,"href":"https:\/\/neomarca.pt\/pt\/wp-json\/wp\/v2\/tags?post=7113"}],"curies":[{"name":"wp","href":"https:\/\/api.w.org\/{rel}","templated":true}]}}