{"id":7194,"date":"2023-06-20T10:41:18","date_gmt":"2023-06-20T09:41:18","guid":{"rendered":"https:\/\/neomarca.pt\/staging2\/pt\/?p=7194"},"modified":"2023-11-29T15:23:27","modified_gmt":"2023-11-29T14:23:27","slug":"portugal-2030-o-que-sao-as-ris3-regionais","status":"publish","type":"post","link":"https:\/\/neomarca.pt\/pt\/dicas\/portugal-2030-o-que-sao-as-ris3-regionais\/","title":{"rendered":"Portugal 2030: o que s\u00e3o as RIS3 regionais?"},"content":{"rendered":"\t\t<div data-elementor-type=\"wp-post\" data-elementor-id=\"7194\" class=\"elementor elementor-7194\" data-elementor-post-type=\"post\">\n\t\t\t\t\t\t<section class=\"elementor-section elementor-top-section elementor-element elementor-element-35b7273c elementor-section-boxed elementor-section-height-default elementor-section-height-default\" data-id=\"35b7273c\" data-element_type=\"section\">\n\t\t\t\t\t\t<div class=\"elementor-container elementor-column-gap-default\">\n\t\t\t\t\t<div class=\"elementor-column elementor-col-100 elementor-top-column elementor-element elementor-element-417a2333\" data-id=\"417a2333\" data-element_type=\"column\">\n\t\t\t<div class=\"elementor-widget-wrap elementor-element-populated\">\n\t\t\t\t\t\t<div class=\"elementor-element elementor-element-6b758652 elementor-widget elementor-widget-text-editor\" data-id=\"6b758652\" data-element_type=\"widget\" data-widget_type=\"text-editor.default\">\n\t\t\t\t<div class=\"elementor-widget-container\">\n\t\t\t\t\t\t\t<h5>No contexto de <a href=\"https:\/\/neomarca.pt\/staging2\/pt\/noticias\/portugal-2030-conheca-os-programas\/\" target=\"_blank\" rel=\"noopener\">Portugal 2030<\/a>, as RIS3 referem-se \u00e0 Estrat\u00e9gia de Especializa\u00e7\u00e3o Inteligente. Esta estrat\u00e9gia foi desenvolvida como parte do Acordo de Parceria entre Portugal e a Comiss\u00e3o Europeia para o per\u00edodo de 2021 a 2027, denominado Portugal 2030.<\/h5><p>A RIS3 \u00e9 uma abordagem que visa identificar e promover as \u00e1reas de especializa\u00e7\u00e3o inteligente de uma regi\u00e3o ou pa\u00eds, com o objetivo de impulsionar a inova\u00e7\u00e3o, a competitividade e o crescimento econ\u00f3mico sustent\u00e1vel. Essa estrat\u00e9gia \u00e9 baseada em uma an\u00e1lise das vantagens competitivas, recursos e potenciais de desenvolvimento de uma determinada regi\u00e3o.<\/p><p>A implementa\u00e7\u00e3o da RIS3 em Portugal 2030 \u00e9 apoiada por fundos provenientes dos cinco principais fundos europeus: Fundo Europeu de Desenvolvimento Regional (FEDER), Fundo Social Europeu Mais (FSE+), Fundo de Coes\u00e3o, Fundo Europeu dos Assuntos Mar\u00edtimos e das Pescas (FEAMPA) e Fundo de Transi\u00e7\u00e3o Justa.<\/p><p>A Estrat\u00e9gia Portugal 2030, incluindo a RIS3, serve como base para o planeamento de pol\u00edticas p\u00fablicas que promovam o desenvolvimento econ\u00f4mico e social de Portugal. Essa estrat\u00e9gia orienta o design de instrumentos de apoio ao desenvolvimento econ\u00f4mico e social, especialmente aqueles financiados pelos fundos europeus, como o Plano de Recupera\u00e7\u00e3o e Resili\u00eancia, o Acordo de Parceria, os Programas Operacionais inclu\u00eddos nele e o Plano Estrat\u00e9gico para a Pol\u00edtica Agr\u00edcola Comum.<\/p><h5>O seu projeto enquadra-se na RIS3 da regi\u00e3o?<\/h5><p>Nos concursos do Portugal 2030, os projetos s\u00e3o avaliados em fun\u00e7\u00e3o do m\u00e9rito. Um dos crit\u00e9rios do m\u00e9rito avalia o contributo do projeto para a competitividade regional, atrav\u00e9s do enquadramento nos dom\u00ednios priorit\u00e1rios da Estrat\u00e9gia de Especializa\u00e7\u00e3o Inteligente da Regi\u00e3o e do perfil de especializa\u00e7\u00e3o do territ\u00f3rio de localiza\u00e7\u00e3o do projeto.<\/p><h5>Quais s\u00e3o as RIS3?<\/h5><ul><li>RIS 3 Centro 2030 (<a href=\"https:\/\/ris3.ccdrc.pt\/index.php\/ris3-documentacao\/referencial-de-merito-ris3-2021-2027\/download\" target=\"_blank\" rel=\"noopener\">referencial aqui<\/a>)<\/li><li>RIS 3 Norte 2030 (<a href=\"https:\/\/www.ccdr-n.pt\/storage\/app\/media\/2021\/CCDRN%202030-compactado.pdf\" target=\"_blank\" rel=\"noopener\">referencial aqui<\/a>)<\/li><li>RIS 3 Alentejo 2030 (<a href=\"https:\/\/www.ccdr-a.gov.pt\/wp-content\/uploads\/2021\/05\/EREI2030.pdf\" target=\"_blank\" rel=\"noopener\">referencial aqui<\/a><\/li><li>RIS 3 Algarve 2030 (<a href=\"https:\/\/www.ccdr-alg.pt\/site\/sites\/default\/files\/inline-files\/20201111_Estrategiaalgarve2030aprovada11set2020.pdf\" target=\"_blank\" rel=\"noopener\">referencial aqui<\/a>)<\/li><\/ul>\t\t\t\t\t\t<\/div>\n\t\t\t\t<\/div>\n\t\t\t\t\t<\/div>\n\t\t<\/div>\n\t\t\t\t\t<\/div>\n\t\t<\/section>\n\t\t\t\t<section class=\"elementor-section elementor-top-section elementor-element elementor-element-da4272f elementor-section-boxed elementor-section-height-default elementor-section-height-default\" data-id=\"da4272f\" data-element_type=\"section\">\n\t\t\t\t\t\t<div class=\"elementor-container elementor-column-gap-default\">\n\t\t\t\t\t<div class=\"elementor-column elementor-col-100 elementor-top-column elementor-element elementor-element-b14f9df\" data-id=\"b14f9df\" data-element_type=\"column\">\n\t\t\t<div class=\"elementor-widget-wrap elementor-element-populated\">\n\t\t\t\t\t\t<div class=\"elementor-element elementor-element-1bd0f5f elementor-widget elementor-widget-spacer\" data-id=\"1bd0f5f\" data-element_type=\"widget\" data-widget_type=\"spacer.default\">\n\t\t\t\t<div class=\"elementor-widget-container\">\n\t\t\t\t\t<div class=\"elementor-spacer\">\n\t\t\t<div class=\"elementor-spacer-inner\"><\/div>\n\t\t<\/div>\n\t\t\t\t<\/div>\n\t\t\t\t<\/div>\n\t\t\t\t\t<\/div>\n\t\t<\/div>\n\t\t\t\t\t<\/div>\n\t\t<\/section>\n\t\t\t\t<section class=\"elementor-section elementor-inner-section elementor-element elementor-element-59a1874d elementor-section-boxed elementor-section-height-default elementor-section-height-default\" data-id=\"59a1874d\" data-element_type=\"section\" data-settings=\"{&quot;background_background&quot;:&quot;classic&quot;}\">\n\t\t\t\t\t\t<div class=\"elementor-container elementor-column-gap-default\">\n\t\t\t\t\t<div class=\"elementor-column elementor-col-50 elementor-inner-column elementor-element elementor-element-4e91254a\" data-id=\"4e91254a\" data-element_type=\"column\">\n\t\t\t<div class=\"elementor-widget-wrap elementor-element-populated\">\n\t\t\t\t\t\t<div class=\"elementor-element elementor-element-28cc2e7d elementor-widget elementor-widget-heading\" data-id=\"28cc2e7d\" data-element_type=\"widget\" data-widget_type=\"heading.default\">\n\t\t\t\t<div class=\"elementor-widget-container\">\n\t\t\t<h5 class=\"elementor-heading-title elementor-size-default\">Pretende obter mais informa\u00e7\u00f5es?<\/h5>\t\t<\/div>\n\t\t\t\t<\/div>\n\t\t\t\t<div class=\"elementor-element elementor-element-5b193e6 elementor-widget elementor-widget-text-editor\" data-id=\"5b193e6\" data-element_type=\"widget\" data-widget_type=\"text-editor.default\">\n\t\t\t\t<div class=\"elementor-widget-container\">\n\t\t\t\t\t\t\t<p>Agende uma reuni\u00e3o com a nossa equipa de especialistas.<\/p>\t\t\t\t\t\t<\/div>\n\t\t\t\t<\/div>\n\t\t\t\t\t<\/div>\n\t\t<\/div>\n\t\t\t\t<div class=\"elementor-column elementor-col-50 elementor-inner-column elementor-element elementor-element-2591ce2d\" data-id=\"2591ce2d\" data-element_type=\"column\">\n\t\t\t<div class=\"elementor-widget-wrap elementor-element-populated\">\n\t\t\t\t\t\t<div class=\"elementor-element elementor-element-c75aa31 elementor-align-right elementor-widget elementor-widget-button\" data-id=\"c75aa31\" data-element_type=\"widget\" data-widget_type=\"button.default\">\n\t\t\t\t<div class=\"elementor-widget-container\">\n\t\t\t\t\t<div class=\"elementor-button-wrapper\">\n\t\t\t<a class=\"elementor-button elementor-button-link elementor-size-md\" href=\"mailto:info@neomarca.eu\">\n\t\t\t\t\t\t<span class=\"elementor-button-content-wrapper\">\n\t\t\t\t\t\t<span class=\"elementor-button-text\">Agendar Reuni\u00e3o<\/span>\n\t\t<\/span>\n\t\t\t\t\t<\/a>\n\t\t<\/div>\n\t\t\t\t<\/div>\n\t\t\t\t<\/div>\n\t\t\t\t\t<\/div>\n\t\t<\/div>\n\t\t\t\t\t<\/div>\n\t\t<\/section>\n\t\t\t\t<\/div>\n\t\t","protected":false},"excerpt":{"rendered":"<p>No contexto de Portugal 2030, as RIS3 referem-se \u00e0 Estrat\u00e9gia de Especializa\u00e7\u00e3o Inteligente. Esta estrat\u00e9gia foi desenvolvida como parte do Acordo de Parceria entre Portugal e a Comiss\u00e3o Europeia para o per\u00edodo de 2021 a 2027, denominado Portugal 2030. A RIS3 \u00e9 uma abordagem que visa identificar e promover as \u00e1reas de especializa\u00e7\u00e3o inteligente de&hellip;<\/p>\n","protected":false},"author":3,"featured_media":7199,"comment_status":"closed","ping_status":"closed","sticky":false,"template":"","format":"standard","meta":{"_monsterinsights_skip_tracking":false,"_monsterinsights_sitenote_active":false,"_monsterinsights_sitenote_note":"","_monsterinsights_sitenote_category":0,"footnotes":""},"categories":[240],"tags":[346],"class_list":["post-7194","post","type-post","status-publish","format-standard","has-post-thumbnail","hentry","category-dicas","tag-portugal-2030"],"acf":[],"_links":{"self":[{"href":"https:\/\/neomarca.pt\/pt\/wp-json\/wp\/v2\/posts\/7194","targetHints":{"allow":["GET"]}}],"collection":[{"href":"https:\/\/neomarca.pt\/pt\/wp-json\/wp\/v2\/posts"}],"about":[{"href":"https:\/\/neomarca.pt\/pt\/wp-json\/wp\/v2\/types\/post"}],"author":[{"embeddable":true,"href":"https:\/\/neomarca.pt\/pt\/wp-json\/wp\/v2\/users\/3"}],"replies":[{"embeddable":true,"href":"https:\/\/neomarca.pt\/pt\/wp-json\/wp\/v2\/comments?post=7194"}],"version-history":[{"count":3,"href":"https:\/\/neomarca.pt\/pt\/wp-json\/wp\/v2\/posts\/7194\/revisions"}],"predecessor-version":[{"id":15662,"href":"https:\/\/neomarca.pt\/pt\/wp-json\/wp\/v2\/posts\/7194\/revisions\/15662"}],"wp:featuredmedia":[{"embeddable":true,"href":"https:\/\/neomarca.pt\/pt\/wp-json\/wp\/v2\/media\/7199"}],"wp:attachment":[{"href":"https:\/\/neomarca.pt\/pt\/wp-json\/wp\/v2\/media?parent=7194"}],"wp:term":[{"taxonomy":"category","embeddable":true,"href":"https:\/\/neomarca.pt\/pt\/wp-json\/wp\/v2\/categories?post=7194"},{"taxonomy":"post_tag","embeddable":true,"href":"https:\/\/neomarca.pt\/pt\/wp-json\/wp\/v2\/tags?post=7194"}],"curies":[{"name":"wp","href":"https:\/\/api.w.org\/{rel}","templated":true}]}}