{"id":7203,"date":"2023-06-26T12:41:12","date_gmt":"2023-06-26T11:41:12","guid":{"rendered":"https:\/\/neomarca.pt\/staging2\/pt\/?p=7203"},"modified":"2024-01-08T18:17:47","modified_gmt":"2024-01-08T17:17:47","slug":"portugal-2030-quais-sao-os-territorios-de-baixa-densidade","status":"publish","type":"post","link":"https:\/\/neomarca.pt\/pt\/dicas\/portugal-2030-quais-sao-os-territorios-de-baixa-densidade\/","title":{"rendered":"Portugal 2030: quais s\u00e3o os territ\u00f3rios de baixa densidade?"},"content":{"rendered":"\t\t<div data-elementor-type=\"wp-post\" data-elementor-id=\"7203\" class=\"elementor elementor-7203\" data-elementor-post-type=\"post\">\n\t\t\t\t\t\t<section class=\"elementor-section elementor-top-section elementor-element elementor-element-33c58d26 elementor-section-boxed elementor-section-height-default elementor-section-height-default\" data-id=\"33c58d26\" data-element_type=\"section\">\n\t\t\t\t\t\t<div class=\"elementor-container elementor-column-gap-default\">\n\t\t\t\t\t<div class=\"elementor-column elementor-col-100 elementor-top-column elementor-element elementor-element-8e0e7ef\" data-id=\"8e0e7ef\" data-element_type=\"column\">\n\t\t\t<div class=\"elementor-widget-wrap elementor-element-populated\">\n\t\t\t\t\t\t<div class=\"elementor-element elementor-element-3555ba65 elementor-widget elementor-widget-text-editor\" data-id=\"3555ba65\" data-element_type=\"widget\" data-widget_type=\"text-editor.default\">\n\t\t\t\t<div class=\"elementor-widget-container\">\n\t\t\t\t\t\t\t<h5>No contexto dos fundos comunit\u00e1rios em Portugal, os territ\u00f3rios de baixa densidade s\u00e3o aqueles com menor densidade populacional que recebem fundos de apoio ao investimento do programa Portugal 2030, visando a coes\u00e3o territorial e o desenvolvimento dessas regi\u00f5es. O tratamento diferenciado destes munic\u00edpios poder\u00e1 passar pela abertura de concursos espec\u00edficos, pela defini\u00e7\u00e3o de um crit\u00e9rio de bonifica\u00e7\u00e3o na aprecia\u00e7\u00e3o de candidaturas ou pela majora\u00e7\u00e3o da taxa de apoio.<\/h5><p>Concelhos com a totalidade das freguesias <span id=\"II_-_Concelhos_em_que_apenas_algumas_das_suas_freguesias_estao_identificadas_como_territorio_de_baixa_densidade\">identificadas como territ\u00f3rio de baixa densidade<\/span><\/p><p><strong>Distrito de Aveiro:\u00a0<\/strong>Arouca e Sever do Vouga<\/p><p><strong>Distrito de Beja:\u00a0<\/strong>Aljustrel, Almod\u00f4var, Alvito, Barrancos, Beja, Castro Verde, Cuba, Ferreira do Alentejo, M\u00e9rtola, Moura, Odemira, Ourique, Serpa e Vidigueira<\/p><p><strong>Distrito de Braga:\u00a0<\/strong>Cabeceiras de Basto, Celorico de Basto, Fafe, P\u00f3voa de Lanhoso, Terras de Bouro, Vieira do Minho e Vila Verde<\/p><p><strong>Distrito de Bragan\u00e7a:\u00a0<\/strong>Alf\u00e2ndega da F\u00e9, Bragan\u00e7a, Carrazeda de Ansi\u00e3es, Freixo de Espada \u00e0 Cinta, Macedo de Cavaleiros, Miranda do Douro, Mirandela, Mogadouro, Torre de Moncorvo, Vila Flor, Vimioso e Vinhais<\/p><p><strong>Distrito de Castelo Branco:\u00a0<\/strong>Belmonte, Castelo Branco, Covilh\u00e3, Fund\u00e3o, Idanha-a-Nova, Oleiros, Penamacor, Proen\u00e7a-a-Nova, Sert\u00e3, Vila de Rei, Vila Velha de R\u00f3d\u00e3o<\/p><p><strong>Distrito de Coimbra:\u00a0<\/strong>Arganil, G\u00f3is, Lous\u00e3, Miranda do Corvo, Oliveira do Hospital, Pampilhosa da Serra, Penacova, Penela, Soure, T\u00e1bua e Vila Nova de Poiares<\/p><p><strong>Distrito de \u00c9vora:\u00a0<\/strong>Alandroal, Arraiolos, Borba, Estremoz, \u00c9vora, Montemor-o Novo, Mora, Mour\u00e3o, Portel, Redondo, Reguengos de Monsaraz, Vendas Novas, Viana do Alentejo e Vila Vi\u00e7osa<\/p><p><strong>Distrito de Faro:\u00a0<\/strong>Alcoutim, Aljezur, Castro Marim, Monchique e Vila do Bispo<\/p><p><strong>Distrito da Guarda:\u00a0<\/strong>Aguiar da Beira, Almeida, Celorico da Beira, Figueira de Castelo Rodrigo, Fornos de Algodres, Gouveia, Guarda, Manteigas, M\u00eada, Pinhel, Sabugal, Seia, Trancoso e Vila Nova de Foz C\u00f4a<\/p><p><strong>Distrito de Leiria:\u00a0<\/strong>Alvai\u00e1zere, Ansi\u00e3o, Castanheira de Pera, Figueir\u00f3 dos Vinhos e Pedr\u00f3g\u00e3o Grande<\/p><p><strong>Distrito do Porto:\u00a0<\/strong>Bai\u00e3o<\/p><p><strong>Distrito de Portalegre:\u00a0<\/strong>Alter do Ch\u00e3o, Arronches, Avis, Campo Maior, Castelo de Vide, Crato, Elvas, Fronteira, Gavi\u00e3o, Marv\u00e3o, Monforte, Nisa, Ponte de Sor, Portalegre e Sousel<\/p><p><strong>Distrito de Santar\u00e9m:\u00a0<\/strong>Abrantes, Chamusca, Const\u00e2ncia, Coruche, Ferreira do Z\u00eazere, Ma\u00e7\u00e3o, Sardoal e Vila Nova da Barquinha<\/p><p><strong>Distrito de Set\u00fabal:\u00a0<\/strong>Alc\u00e1cer do Sal, Gr\u00e2ndola e Santiago do Cac\u00e9m<\/p><p><strong>Distrito de Viana do Castelo:\u00a0<\/strong>Arcos de Valdevez, Melga\u00e7o, Mon\u00e7\u00e3o, Paredes de Coura, Ponte da Barca e Vila Nova de Cerveira<\/p><p><strong>Distrito de Vila Real:\u00a0<\/strong>Alij\u00f3, Boticas, Chaves, Mes\u00e3o Frio, Mondim de Basto, Montalegre, Mur\u00e7a, Peso da R\u00e9gua, Ribeira de Pena, Sabrosa, Santa Marta de Penagui\u00e3o, Valpa\u00e7os, Vila Pouca de Aguiar e Vila Real<\/p><p><strong>Distrito de Viseu:\u00a0<\/strong>Armamar, Carregal do Sal, Castro Daire, Cinf\u00e3es, Lamego, Mangualde, Moimenta da Beira, Mort\u00e1gua, Nelas, Oliveira de Frades, Penalva do Castelo, Penedono, Resende, Santa Comba D\u00e3o, S\u00e3o Jo\u00e3o da Pesqueira, S\u00e3o Pedro do Sul, S\u00e1t\u00e3o, Sernancelhe, Tabua\u00e7o, Tarouca, Tondela, Vila Nova de Paiva e Vouzela<\/p><h5><span id=\"II_-_Concelhos_em_que_apenas_algumas_das_suas_freguesias_estao_identificadas_como_territorio_de_baixa_densidade\">Concelhos em que apenas algumas das suas freguesias est\u00e3o identificadas como territ\u00f3rio de baixa densidade<\/span><\/h5><p><strong>Distrito de Aveiro: <\/strong><\/p><ul><li><strong>\u00c1gueda: <\/strong>Uni\u00e3o das freguesias de Belazaima do Ch\u00e3o, Castanheira do Vouga e Agad\u00e3o, e Uni\u00e3o das freguesias do Pr\u00e9stimo e Macieira de Alcoba<\/li><li><strong>Castelo de Paiva: <\/strong>Real e Uni\u00e3o das Freguesias de Raiva, Pedorido e Para\u00edso:<\/li><li><strong>Vale de Cambra: <\/strong>Ar\u00f5es, e Junqueira<\/li><\/ul><p><strong>Distrito de Braga: <\/strong><\/p><ul><li><strong>Amares: <\/strong>Bouro (Santa Marta), Go\u00e3es, Uni\u00e3o das freguesias de Caldelas, Sequeiros e Paranhos, e Uni\u00e3o das freguesias de Vilela, Seramil e Paredes Secas<\/li><\/ul><p><strong>Guimar\u00e3es: <\/strong>Uni\u00e3o das freguesias de Arosa e Castel\u00f5es<\/p><p><strong>Distrito de Coimbra: <\/strong><\/p><ul><li><strong>Condeixa-a-Nova: <\/strong>Furadouro<\/li><\/ul><p><strong>Distrito de Faro: <\/strong><\/p><ul><li><strong>Loul\u00e9: <\/strong>Alte, Ameixial, Salir, e Uni\u00e3o de freguesias de Queren\u00e7a, T\u00f4r e Benafim<\/li><li><strong>Silves: <\/strong>S\u00e3o Marcos da Serra<\/li><li><strong>Tavira: <\/strong>Cachopo, e Santa Catarina da Fonte do Bispo<\/li><\/ul><p><strong>Distrito de Leiria: <\/strong><\/p><ul><li><strong>Pombal:<\/strong> Abiul<\/li><li><strong>Porto de M\u00f3s: <\/strong>S\u00e3o Bento<\/li><\/ul><p><strong>D<\/strong><strong>i<\/strong><strong>s<\/strong><strong>t<\/strong><strong>r<\/strong><strong>i<\/strong><strong>t<\/strong><strong>o<\/strong><strong>\u00a0d<\/strong><strong>o<\/strong>\u00a0<strong>P<\/strong><strong>o<\/strong><strong>r<\/strong><strong>t<\/strong><strong>o<\/strong><strong>:<\/strong><\/p><ul><li><strong>A<\/strong><strong>m<\/strong><strong>a<\/strong><strong>r<\/strong><strong>a<\/strong><strong>n<\/strong><strong>t<\/strong><strong>e<\/strong>: Ansi\u00e3es, Candemil, Gouveia (S\u00e3o Sim\u00e3o), Jazente, Rebordelo, Salvador do Monte, Vila Ch\u00e3 do Mar\u00e3o, Uni\u00e3o das freguesias de Aboadela, Sanche e V\u00e1rzea, Uni\u00e3o das freguesias de Bustelo, Carneiro e Carvalho de Rei, e Uni\u00e3o das freguesias de Olo e Canadelo<\/li><li><strong>Marco de Canaveses<\/strong>: V\u00e1rzea, Aliviada e Folhada<\/li><\/ul><p><strong>Distrito de Santar\u00e9m: <\/strong><\/p><ul><li><strong>Our\u00e9m<\/strong>: Espite, Uni\u00e3o das freguesias de Freixianda, Ribeira do F\u00e1rrio e Formigais, Uni\u00e3o das freguesias de Matas e Cercal, e Uni\u00e3o das freguesias de Rio de Couros e Casal dos Bernardos), Santar\u00e9m (1 freguesia: Uni\u00e3o das freguesias de Cas\u00e9vel e Vaqueiros<\/li><li><strong>Tomar<\/strong>: Olalhas, Sabacheira, Uni\u00e3o das freguesias de Al\u00e9m da Ribeira e Pedreira, Uni\u00e3o das freguesias de Casais e Alviobeira, e Uni\u00e3o das freguesias de Serra e Junceira<\/li><\/ul><p><strong>D<\/strong><strong>i<\/strong><strong>s<\/strong><strong>t<\/strong><strong>r<\/strong><strong>i<\/strong><strong>t<\/strong><strong>o<\/strong><strong>\u00a0d<\/strong><strong>e<\/strong>\u00a0<strong>V<\/strong><strong>i<\/strong><strong>a<\/strong><strong>n<\/strong><strong>a<\/strong><strong>\u00a0do Castelo:<\/strong><\/p><ul><li><strong> Caminha<\/strong>: Dem, Uni\u00e3o das freguesias de Arga (Baixo, Cima e S\u00e3o Jo\u00e3o), e Uni\u00e3o das freguesias de Gondar e Orbac\u00e9m),<\/li><li><strong>Ponte de Lima<\/strong>: Anais, Ardeg\u00e3o, Freixo e Mato, Associa\u00e7\u00e3o de freguesias do Vale do Neiva, B\u00e1rrio e Cep\u00f5es, Beiral do Lima, Boalhosa, Caba\u00e7os e Fojo Lobal, Cabra\u00e7\u00e3o e Moreira do Lima, Calheiros, Estor\u00e3os, Friastelas, Gemieira, Gondufe, Labruja, Labruj\u00f3,\u00a0 \u00a0 Rendufe e Vilar do Monte, Navi\u00f3 e Vitorino dos Pi\u00e3es, Poiares, Porto de M\u00f3s, S\u00e3o Bento, e Serdedelo),<\/li><li><strong>Valen\u00e7a<\/strong>: Boiv\u00e3o, Fontoura, Uni\u00e3o das freguesias de Gondomil e Sanfins, e Uni\u00e3o das freguesias de S\u00e3o Juli\u00e3o e Silva<\/li><li><strong>V<\/strong><strong>i<\/strong><strong>a<\/strong><strong>n<\/strong><strong>a<\/strong><strong> do Castelo<\/strong>: Montaria<\/li><\/ul><p><strong>Distrito de Viseu: <\/strong><\/p><ul><li><strong>Viseu<\/strong>: Calde, Cavern\u00e3es, Cota, Ribafeita, S\u00e3o Pedro de France, e Uni\u00e3o das freguesias de Barreiros e Cep\u00f5es<\/li><\/ul><p>O Portugal 2030 \u00e9 um programa de financiamento europeu que visa apoiar o desenvolvimento econ\u00f3mico e social de Portugal para a pr\u00f3xima d\u00e9cada. Este programa tem como objetivo fomentar a inova\u00e7\u00e3o e a competitividade das empresas portuguesas, melhorar a qualidade de vida dos cidad\u00e3os e promover a transi\u00e7\u00e3o para uma economia verde e digital.<\/p><p>Se est\u00e1 interessado em concorrer ao\u00a0<a href=\"https:\/\/neomarca.pt\/staging2\/pt\/noticias\/portugal-2030-conheca-os-programas\/\">Portugal 2030\u00a0<\/a>existem algumas informa\u00e7\u00f5es importantes que deve ter em conta. Consulte o nosso <a href=\"https:\/\/neomarca.pt\/staging2\/pt\/dicas\/guia-portugal-2030-como-obter-financiamento-para-projetos-inovadores-e-sustentaveis\/\">Guia Portugal<\/a>.<\/p><p>Saiba quais as candidaturas que est\u00e3o abertas <a href=\"https:\/\/neomarca.pt\/pt\/candidaturas\/\">aqui.<\/a><\/p>\t\t\t\t\t\t<\/div>\n\t\t\t\t<\/div>\n\t\t\t\t<div class=\"elementor-element elementor-element-36fbcb8 elementor-widget elementor-widget-spacer\" data-id=\"36fbcb8\" data-element_type=\"widget\" data-widget_type=\"spacer.default\">\n\t\t\t\t<div class=\"elementor-widget-container\">\n\t\t\t\t\t<div class=\"elementor-spacer\">\n\t\t\t<div class=\"elementor-spacer-inner\"><\/div>\n\t\t<\/div>\n\t\t\t\t<\/div>\n\t\t\t\t<\/div>\n\t\t\t\t<section class=\"elementor-section elementor-inner-section elementor-element elementor-element-ba43b19 elementor-section-boxed elementor-section-height-default elementor-section-height-default\" data-id=\"ba43b19\" data-element_type=\"section\" data-settings=\"{&quot;background_background&quot;:&quot;classic&quot;}\">\n\t\t\t\t\t\t<div class=\"elementor-container elementor-column-gap-default\">\n\t\t\t\t\t<div class=\"elementor-column elementor-col-50 elementor-inner-column elementor-element elementor-element-1525872\" data-id=\"1525872\" data-element_type=\"column\">\n\t\t\t<div class=\"elementor-widget-wrap elementor-element-populated\">\n\t\t\t\t\t\t<div class=\"elementor-element elementor-element-31dc993 elementor-widget elementor-widget-heading\" data-id=\"31dc993\" data-element_type=\"widget\" data-widget_type=\"heading.default\">\n\t\t\t\t<div class=\"elementor-widget-container\">\n\t\t\t<h5 class=\"elementor-heading-title elementor-size-default\">Pretende obter mais informa\u00e7\u00f5es?<\/h5>\t\t<\/div>\n\t\t\t\t<\/div>\n\t\t\t\t<div class=\"elementor-element elementor-element-fe30bfb elementor-widget elementor-widget-text-editor\" data-id=\"fe30bfb\" data-element_type=\"widget\" data-widget_type=\"text-editor.default\">\n\t\t\t\t<div class=\"elementor-widget-container\">\n\t\t\t\t\t\t\t<p>Agende uma reuni\u00e3o com a nossa equipa de especialistas.<\/p>\t\t\t\t\t\t<\/div>\n\t\t\t\t<\/div>\n\t\t\t\t\t<\/div>\n\t\t<\/div>\n\t\t\t\t<div class=\"elementor-column elementor-col-50 elementor-inner-column elementor-element elementor-element-4b3c0d0\" data-id=\"4b3c0d0\" data-element_type=\"column\">\n\t\t\t<div class=\"elementor-widget-wrap elementor-element-populated\">\n\t\t\t\t\t\t<div class=\"elementor-element elementor-element-a9d51c3 elementor-align-right elementor-mobile-align-left elementor-widget elementor-widget-button\" data-id=\"a9d51c3\" data-element_type=\"widget\" data-widget_type=\"button.default\">\n\t\t\t\t<div class=\"elementor-widget-container\">\n\t\t\t\t\t<div class=\"elementor-button-wrapper\">\n\t\t\t<a class=\"elementor-button elementor-button-link elementor-size-md\" href=\"mailto:info@neomarca.eu\">\n\t\t\t\t\t\t<span class=\"elementor-button-content-wrapper\">\n\t\t\t\t\t\t<span class=\"elementor-button-text\">Agendar Reuni\u00e3o<\/span>\n\t\t<\/span>\n\t\t\t\t\t<\/a>\n\t\t<\/div>\n\t\t\t\t<\/div>\n\t\t\t\t<\/div>\n\t\t\t\t\t<\/div>\n\t\t<\/div>\n\t\t\t\t\t<\/div>\n\t\t<\/section>\n\t\t\t\t\t<\/div>\n\t\t<\/div>\n\t\t\t\t\t<\/div>\n\t\t<\/section>\n\t\t\t\t<\/div>\n\t\t","protected":false},"excerpt":{"rendered":"<p>No contexto dos fundos comunit\u00e1rios em Portugal, os territ\u00f3rios de baixa densidade s\u00e3o aqueles com menor densidade populacional que recebem fundos de apoio ao investimento do programa Portugal 2030, visando a coes\u00e3o territorial e o desenvolvimento dessas regi\u00f5es. O tratamento diferenciado destes munic\u00edpios poder\u00e1 passar pela abertura de concursos espec\u00edficos, pela defini\u00e7\u00e3o de um crit\u00e9rio&hellip;<\/p>\n","protected":false},"author":3,"featured_media":7204,"comment_status":"closed","ping_status":"closed","sticky":false,"template":"","format":"standard","meta":{"_monsterinsights_skip_tracking":false,"_monsterinsights_sitenote_active":false,"_monsterinsights_sitenote_note":"","_monsterinsights_sitenote_category":0,"footnotes":""},"categories":[240],"tags":[112,282,122,346],"class_list":["post-7203","post","type-post","status-publish","format-standard","has-post-thumbnail","hentry","category-dicas","tag-apoio-investimento","tag-empresas","tag-fundos-comunitarios","tag-portugal-2030"],"acf":[],"_links":{"self":[{"href":"https:\/\/neomarca.pt\/pt\/wp-json\/wp\/v2\/posts\/7203","targetHints":{"allow":["GET"]}}],"collection":[{"href":"https:\/\/neomarca.pt\/pt\/wp-json\/wp\/v2\/posts"}],"about":[{"href":"https:\/\/neomarca.pt\/pt\/wp-json\/wp\/v2\/types\/post"}],"author":[{"embeddable":true,"href":"https:\/\/neomarca.pt\/pt\/wp-json\/wp\/v2\/users\/3"}],"replies":[{"embeddable":true,"href":"https:\/\/neomarca.pt\/pt\/wp-json\/wp\/v2\/comments?post=7203"}],"version-history":[{"count":3,"href":"https:\/\/neomarca.pt\/pt\/wp-json\/wp\/v2\/posts\/7203\/revisions"}],"predecessor-version":[{"id":15971,"href":"https:\/\/neomarca.pt\/pt\/wp-json\/wp\/v2\/posts\/7203\/revisions\/15971"}],"wp:featuredmedia":[{"embeddable":true,"href":"https:\/\/neomarca.pt\/pt\/wp-json\/wp\/v2\/media\/7204"}],"wp:attachment":[{"href":"https:\/\/neomarca.pt\/pt\/wp-json\/wp\/v2\/media?parent=7203"}],"wp:term":[{"taxonomy":"category","embeddable":true,"href":"https:\/\/neomarca.pt\/pt\/wp-json\/wp\/v2\/categories?post=7203"},{"taxonomy":"post_tag","embeddable":true,"href":"https:\/\/neomarca.pt\/pt\/wp-json\/wp\/v2\/tags?post=7203"}],"curies":[{"name":"wp","href":"https:\/\/api.w.org\/{rel}","templated":true}]}}