{"id":7267,"date":"2023-07-31T15:45:48","date_gmt":"2023-07-31T14:45:48","guid":{"rendered":"https:\/\/neomarca.pt\/staging2\/pt\/?p=7267"},"modified":"2023-11-14T15:23:25","modified_gmt":"2023-11-14T14:23:25","slug":"lancado-aviso-para-acreditacao-de-fornecedores-para-o-catalogo-de-servicos-de-transicao-digital","status":"publish","type":"post","link":"https:\/\/neomarca.pt\/pt\/noticias\/lancado-aviso-para-acreditacao-de-fornecedores-para-o-catalogo-de-servicos-de-transicao-digital\/","title":{"rendered":"Lan\u00e7ado Aviso para Acredita\u00e7\u00e3o de Fornecedores para o Cat\u00e1logo de Servi\u00e7os de Transi\u00e7\u00e3o Digital"},"content":{"rendered":"\t\t<div data-elementor-type=\"wp-post\" data-elementor-id=\"7267\" class=\"elementor elementor-7267\" data-elementor-post-type=\"post\">\n\t\t\t\t\t\t<section class=\"elementor-section elementor-top-section elementor-element elementor-element-5a7f6a88 elementor-section-boxed elementor-section-height-default elementor-section-height-default\" data-id=\"5a7f6a88\" data-element_type=\"section\">\n\t\t\t\t\t\t<div class=\"elementor-container elementor-column-gap-default\">\n\t\t\t\t\t<div class=\"elementor-column elementor-col-100 elementor-top-column elementor-element elementor-element-4a09fe9\" data-id=\"4a09fe9\" data-element_type=\"column\">\n\t\t\t<div class=\"elementor-widget-wrap elementor-element-populated\">\n\t\t\t\t\t\t<div class=\"elementor-element elementor-element-51d3bc32 elementor-widget elementor-widget-text-editor\" data-id=\"51d3bc32\" data-element_type=\"widget\" data-widget_type=\"text-editor.default\">\n\t\t\t\t<div class=\"elementor-widget-container\">\n\t\t\t\t\t\t\t<h3>Foi lan\u00e7ado o Aviso N.\u00ba 13\/C16-i02\/2023 para a apresenta\u00e7\u00e3o de candidaturas no \u00e2mbito da \u201cAcredita\u00e7\u00e3o de fornecedores de servi\u00e7os para a disponibiliza\u00e7\u00e3o no cat\u00e1logo de servi\u00e7os de transi\u00e7\u00e3o digital\u201d. NOVA DATA DE SUBMISS\u00c3O: 15 de setembro.<\/h3><p>Este Aviso tem como o objetivo efetuar a acredita\u00e7\u00e3o de empresas e servi\u00e7os digitais para o Cat\u00e1logo de Servi\u00e7os de Transi\u00e7\u00e3o Digital e, nesta primeira fase, para apoiar micro, pequenas e m\u00e9dias empresas do com\u00e9rcio e servi\u00e7os, no \u00e2mbito da medida das\u00a0<a href=\"https:\/\/neomarca.pt\/staging2\/pt\/noticias\/prr-candidaturas-para-as-aceleradoras-de-comercio-digital\/\" target=\"_blank\" rel=\"noopener\">Aceleradoras de Com\u00e9rcio Digital<\/a>.<\/p><p>As empresas podem apresentar servi\u00e7os ou pacotes de servi\u00e7os no valor de 500,00\u20ac, 1.000,00\u20ac e 1.500,00\u20ac nas seguintes \u00e1reas:<\/p><ul><li>Marketing digital;<\/li><li>Trabalho colaborativo e neg\u00f3cios inteligentes;<\/li><li>Fornecimento e log\u00edstica;<\/li><li>Gest\u00e3o e relacionamento com clientes;<\/li><li>Neg\u00f3cios mais seguros;<\/li><li>Mercados digitais;<\/li><li>Pagamentos digitais;<\/li><li>Servi\u00e7os de alojamento.<\/li><\/ul><p>As entidades eleg\u00edveis, definidas no ponto 5 do Aviso N.\u00ba 13\/C16-i02\/2023, para integrarem o Cat\u00e1logo devem apresentar candidaturas onde constem as suas propostas comerciais de pacotes de servi\u00e7os que o Cat\u00e1logo disponibilizar\u00e1 \u00e0s empresas apoiadas pelas Aceleradoras de Com\u00e9rcio Digital.<\/p><p>Para serem fornecedores acreditados e poderem disponibilizar servi\u00e7os no Cat\u00e1logo, as sociedades comerciais que cumpram diversos crit\u00e9rios definidos no Aviso, entre os quais, desenvolver uma atividade econ\u00f3mica no \u00e2mbito das seguintes CAE:<\/p><ul><li style=\"list-style-type: none;\"><ul><li>47 &#8211; Com\u00e9rcio a retalho, exceto de ve\u00edculos autom\u00f3veis e motociclos<\/li><li>61 \u2013 Telecomunica\u00e7\u00f5es;<\/li><li>62 \u2013 Consultoria e programa\u00e7\u00e3o inform\u00e1tica e atividades relacionadas;<\/li><li>63 \u2013 Atividades dos servi\u00e7os de informa\u00e7\u00e3o;<\/li><\/ul><\/li><\/ul><p>Ter experi\u00eancia comprov\u00e1vel de tr\u00eas anos de atividade em pelo menos um dos CAE.<\/p><p>As entidades podem submeter a sua candidatura atrav\u00e9s da plataforma\u00a0<a href=\"https:\/\/pas.compete2020.gov.pt\/pas3\/acesso\/Login.php\" target=\"_blank\" rel=\"noreferrer noopener\">SGO 2030<\/a>\u00a0<strong>at\u00e9 \u00e0s 19:00h do dia 15 de setembro (nova data).<\/strong><\/p>\t\t\t\t\t\t<\/div>\n\t\t\t\t<\/div>\n\t\t\t\t<section class=\"elementor-section elementor-inner-section elementor-element elementor-element-a77b649 elementor-section-boxed elementor-section-height-default elementor-section-height-default\" data-id=\"a77b649\" data-element_type=\"section\" data-settings=\"{&quot;background_background&quot;:&quot;classic&quot;}\">\n\t\t\t\t\t\t<div class=\"elementor-container elementor-column-gap-default\">\n\t\t\t\t\t<div class=\"elementor-column elementor-col-50 elementor-inner-column elementor-element elementor-element-be8ed6c\" data-id=\"be8ed6c\" data-element_type=\"column\">\n\t\t\t<div class=\"elementor-widget-wrap elementor-element-populated\">\n\t\t\t\t\t\t<div class=\"elementor-element elementor-element-7b0a9bf elementor-widget elementor-widget-heading\" data-id=\"7b0a9bf\" data-element_type=\"widget\" data-widget_type=\"heading.default\">\n\t\t\t\t<div class=\"elementor-widget-container\">\n\t\t\t<h5 class=\"elementor-heading-title elementor-size-default\">Pretende obter mais informa\u00e7\u00f5es?<\/h5>\t\t<\/div>\n\t\t\t\t<\/div>\n\t\t\t\t<div class=\"elementor-element elementor-element-de6e77f elementor-widget elementor-widget-text-editor\" data-id=\"de6e77f\" data-element_type=\"widget\" data-widget_type=\"text-editor.default\">\n\t\t\t\t<div class=\"elementor-widget-container\">\n\t\t\t\t\t\t\t<p>Agende uma reuni\u00e3o com a nossa equipa de especialistas.<\/p>\t\t\t\t\t\t<\/div>\n\t\t\t\t<\/div>\n\t\t\t\t\t<\/div>\n\t\t<\/div>\n\t\t\t\t<div class=\"elementor-column elementor-col-50 elementor-inner-column elementor-element elementor-element-41b969c\" data-id=\"41b969c\" data-element_type=\"column\">\n\t\t\t<div class=\"elementor-widget-wrap elementor-element-populated\">\n\t\t\t\t\t\t<div class=\"elementor-element elementor-element-390a494 elementor-align-right elementor-mobile-align-center elementor-widget elementor-widget-button\" data-id=\"390a494\" data-element_type=\"widget\" data-widget_type=\"button.default\">\n\t\t\t\t<div class=\"elementor-widget-container\">\n\t\t\t\t\t<div class=\"elementor-button-wrapper\">\n\t\t\t<a class=\"elementor-button elementor-button-link elementor-size-md\" href=\"mailto:info@neomarca.eu\">\n\t\t\t\t\t\t<span class=\"elementor-button-content-wrapper\">\n\t\t\t\t\t\t<span class=\"elementor-button-text\">Agendar Reuni\u00e3o<\/span>\n\t\t<\/span>\n\t\t\t\t\t<\/a>\n\t\t<\/div>\n\t\t\t\t<\/div>\n\t\t\t\t<\/div>\n\t\t\t\t\t<\/div>\n\t\t<\/div>\n\t\t\t\t\t<\/div>\n\t\t<\/section>\n\t\t\t\t\t<\/div>\n\t\t<\/div>\n\t\t\t\t\t<\/div>\n\t\t<\/section>\n\t\t\t\t<\/div>\n\t\t","protected":false},"excerpt":{"rendered":"<p>Foi lan\u00e7ado o Aviso N.\u00ba 13\/C16-i02\/2023 para a apresenta\u00e7\u00e3o de candidaturas no \u00e2mbito da \u201cAcredita\u00e7\u00e3o de fornecedores de servi\u00e7os para a disponibiliza\u00e7\u00e3o no cat\u00e1logo de servi\u00e7os de transi\u00e7\u00e3o digital\u201d. NOVA DATA DE SUBMISS\u00c3O: 15 de setembro. Este Aviso tem como o objetivo efetuar a acredita\u00e7\u00e3o de empresas e servi\u00e7os digitais para o Cat\u00e1logo de Servi\u00e7os&hellip;<\/p>\n","protected":false},"author":3,"featured_media":7268,"comment_status":"closed","ping_status":"closed","sticky":false,"template":"","format":"standard","meta":{"_monsterinsights_skip_tracking":false,"_monsterinsights_sitenote_active":false,"_monsterinsights_sitenote_note":"","_monsterinsights_sitenote_category":0,"footnotes":""},"categories":[238],"tags":[282,252,349],"class_list":["post-7267","post","type-post","status-publish","format-standard","has-post-thumbnail","hentry","category-noticias","tag-empresas","tag-marketing","tag-prr"],"acf":[],"_links":{"self":[{"href":"https:\/\/neomarca.pt\/pt\/wp-json\/wp\/v2\/posts\/7267","targetHints":{"allow":["GET"]}}],"collection":[{"href":"https:\/\/neomarca.pt\/pt\/wp-json\/wp\/v2\/posts"}],"about":[{"href":"https:\/\/neomarca.pt\/pt\/wp-json\/wp\/v2\/types\/post"}],"author":[{"embeddable":true,"href":"https:\/\/neomarca.pt\/pt\/wp-json\/wp\/v2\/users\/3"}],"replies":[{"embeddable":true,"href":"https:\/\/neomarca.pt\/pt\/wp-json\/wp\/v2\/comments?post=7267"}],"version-history":[{"count":1,"href":"https:\/\/neomarca.pt\/pt\/wp-json\/wp\/v2\/posts\/7267\/revisions"}],"predecessor-version":[{"id":15203,"href":"https:\/\/neomarca.pt\/pt\/wp-json\/wp\/v2\/posts\/7267\/revisions\/15203"}],"wp:featuredmedia":[{"embeddable":true,"href":"https:\/\/neomarca.pt\/pt\/wp-json\/wp\/v2\/media\/7268"}],"wp:attachment":[{"href":"https:\/\/neomarca.pt\/pt\/wp-json\/wp\/v2\/media?parent=7267"}],"wp:term":[{"taxonomy":"category","embeddable":true,"href":"https:\/\/neomarca.pt\/pt\/wp-json\/wp\/v2\/categories?post=7267"},{"taxonomy":"post_tag","embeddable":true,"href":"https:\/\/neomarca.pt\/pt\/wp-json\/wp\/v2\/tags?post=7267"}],"curies":[{"name":"wp","href":"https:\/\/api.w.org\/{rel}","templated":true}]}}