{"id":7323,"date":"2023-08-14T12:24:16","date_gmt":"2023-08-14T11:24:16","guid":{"rendered":"https:\/\/neomarca.pt\/staging2\/pt\/?p=7323"},"modified":"2023-10-25T12:35:16","modified_gmt":"2023-10-25T11:35:16","slug":"candidaturas-abertas-para-o-european-angel-investment-summit","status":"publish","type":"post","link":"https:\/\/neomarca.pt\/pt\/noticias\/candidaturas-abertas-para-o-european-angel-investment-summit\/","title":{"rendered":"Candidaturas abertas para o European Angel Investment Summit"},"content":{"rendered":"\t\t<div data-elementor-type=\"wp-post\" data-elementor-id=\"7323\" class=\"elementor elementor-7323\" data-elementor-post-type=\"post\">\n\t\t\t\t\t\t<section class=\"elementor-section elementor-top-section elementor-element elementor-element-b73b704 elementor-section-boxed elementor-section-height-default elementor-section-height-default\" data-id=\"b73b704\" data-element_type=\"section\">\n\t\t\t\t\t\t<div class=\"elementor-container elementor-column-gap-default\">\n\t\t\t\t\t<div class=\"elementor-column elementor-col-100 elementor-top-column elementor-element elementor-element-1a58821d\" data-id=\"1a58821d\" data-element_type=\"column\">\n\t\t\t<div class=\"elementor-widget-wrap elementor-element-populated\">\n\t\t\t\t\t\t<div class=\"elementor-element elementor-element-5599e046 elementor-widget elementor-widget-text-editor\" data-id=\"5599e046\" data-element_type=\"widget\" data-widget_type=\"text-editor.default\">\n\t\t\t\t<div class=\"elementor-widget-container\">\n\t\t\t\t\t\t\t<h3>Est\u00e3o abertas as inscri\u00e7\u00f5es at\u00e9 o dia 3 de setembro para startups e scale-ups que desejem apresentar os seus neg\u00f3cios a investidores internacionais, empresas e outros participantes no \u00e2mbito do European Angel Investment Summit (EAIS), agendado para os dias 10 e 11 de outubro em Bruxelas.<\/h3>\n<p>S\u00e3o eleg\u00edveis para inscri\u00e7\u00e3o:<\/p>\n<ul>\n<li>Empresas em fase inicial de todas as ind\u00fastrias e setores;<\/li>\n<li>Empresas com rondas de financiamento ativas que procuram um investimento entre 50 mil euros e 5 milh\u00f5es de euros;<\/li>\n<li>Empresas em fase de arranque sediadas na UE que exercem atividades em qualquer pa\u00eds da UE.<\/li>\n<\/ul>\n<p>Os ingressos para o evento s\u00e3o oferecidos gratuitamente a todos os candidatos, independentemente da sele\u00e7\u00e3o, proporcionando tamb\u00e9m uma visibilidade mais ampla por meio da inclus\u00e3o nas listas de perfis da cimeira e em campanhas promocionais.<\/p>\n<p>Ao participar da EAIS 2023, os participantes ter\u00e3o acesso \u00e0 \u00e1rea de networking, onde poder\u00e3o agendar reuni\u00f5es one-to-one com aux\u00edlio da plataforma InvestEU, al\u00e9m de participar de workshops e outras experi\u00eancias.<\/p>\n<p>O&nbsp; European Angel Investment Summit \u00e9 um evento emblem\u00e1tico do EBAN, que se realiza anualmente. Para a edi\u00e7\u00e3o de 2023 s\u00e3o esperados centenas de investidores, fundadores de empresas em fase de arranque, decisores pol\u00edticos e outros interessados em inova\u00e7\u00e3o. O p\u00fablico \u00e9 habitualmente constitu\u00eddo por 50% de business angels, 20% de VC, CVC e PE; 10% de empres\u00e1rios em fase de arranque; 10% de decisores pol\u00edticos; 10% de outros participantes interessados no ecossistema de empresas em fase de arranque. Trata-se de um evento indispens\u00e1vel para business angels, e para qualquer stakeholder no dom\u00ednio do investimento em fase inicial, que apoia o empreendedorismo ou a inova\u00e7\u00e3o em geral.<\/p>\n<p>O EAIS 2023 \u00e9 promovido pelo EBAN, em parceria com a Enterprise Europe Network, a Comiss\u00e3o Europeia e o Portal InvestEU.<\/p>\n<p>Mais informa\u00e7\u00f5es <a href=\"https:\/\/europeanangelsummit.com\/\" target=\"_blank\" rel=\"noopener\">aqui<\/a>.<\/p>\t\t\t\t\t\t<\/div>\n\t\t\t\t<\/div>\n\t\t\t\t\t<\/div>\n\t\t<\/div>\n\t\t\t\t\t<\/div>\n\t\t<\/section>\n\t\t\t\t<\/div>\n\t\t","protected":false},"excerpt":{"rendered":"<p>Est\u00e3o abertas as inscri\u00e7\u00f5es at\u00e9 o dia 3 de setembro para startups e scale-ups que desejem apresentar os seus neg\u00f3cios a investidores internacionais, empresas e outros participantes no \u00e2mbito do European Angel Investment Summit (EAIS), agendado para os dias 10 e 11 de outubro em Bruxelas. S\u00e3o eleg\u00edveis para inscri\u00e7\u00e3o: Empresas em fase inicial de&hellip;<\/p>\n","protected":false},"author":3,"featured_media":7324,"comment_status":"closed","ping_status":"closed","sticky":false,"template":"","format":"standard","meta":{"_monsterinsights_skip_tracking":false,"_monsterinsights_sitenote_active":false,"_monsterinsights_sitenote_note":"","_monsterinsights_sitenote_category":0,"footnotes":""},"categories":[238],"tags":[335],"class_list":["post-7323","post","type-post","status-publish","format-standard","has-post-thumbnail","hentry","category-noticias","tag-startups"],"acf":[],"_links":{"self":[{"href":"https:\/\/neomarca.pt\/pt\/wp-json\/wp\/v2\/posts\/7323","targetHints":{"allow":["GET"]}}],"collection":[{"href":"https:\/\/neomarca.pt\/pt\/wp-json\/wp\/v2\/posts"}],"about":[{"href":"https:\/\/neomarca.pt\/pt\/wp-json\/wp\/v2\/types\/post"}],"author":[{"embeddable":true,"href":"https:\/\/neomarca.pt\/pt\/wp-json\/wp\/v2\/users\/3"}],"replies":[{"embeddable":true,"href":"https:\/\/neomarca.pt\/pt\/wp-json\/wp\/v2\/comments?post=7323"}],"version-history":[{"count":0,"href":"https:\/\/neomarca.pt\/pt\/wp-json\/wp\/v2\/posts\/7323\/revisions"}],"wp:featuredmedia":[{"embeddable":true,"href":"https:\/\/neomarca.pt\/pt\/wp-json\/wp\/v2\/media\/7324"}],"wp:attachment":[{"href":"https:\/\/neomarca.pt\/pt\/wp-json\/wp\/v2\/media?parent=7323"}],"wp:term":[{"taxonomy":"category","embeddable":true,"href":"https:\/\/neomarca.pt\/pt\/wp-json\/wp\/v2\/categories?post=7323"},{"taxonomy":"post_tag","embeddable":true,"href":"https:\/\/neomarca.pt\/pt\/wp-json\/wp\/v2\/tags?post=7323"}],"curies":[{"name":"wp","href":"https:\/\/api.w.org\/{rel}","templated":true}]}}